{"id":109320,"date":"2025-06-25T11:58:34","date_gmt":"2025-06-25T16:58:34","guid":{"rendered":"https:\/\/sertv.gob.pa\/nacionalfm\/?p=109320"},"modified":"2025-06-25T11:58:36","modified_gmt":"2025-06-25T16:58:36","slug":"tras-continua-labor-operativa-de-inspeccion-del-mitradel-se-detectaron-mas-de-395-extranjeros-sin-permisos-laborales-en-lo-que-va-del-2025","status":"publish","type":"post","link":"https:\/\/sertv.gob.pa\/nacionalfm\/tras-continua-labor-operativa-de-inspeccion-del-mitradel-se-detectaron-mas-de-395-extranjeros-sin-permisos-laborales-en-lo-que-va-del-2025\/","title":{"rendered":"Tras continua labor operativa de inspecci\u00f3n del MITRADEL, se detectaron m\u00e1s de 395 extranjeros sin permisos laborales, en lo que va del 2025"},"content":{"rendered":"<ul>\n<li><em><strong>M\u00e1s de 670 operativos de migraci\u00f3n laboral ha realizado el MITRADEL este a\u00f1o para garantizar <\/strong><\/em><em><strong>empleos justos y legales.<\/strong><\/em><\/li>\n<\/ul>\n<p>&nbsp;<\/p>\n<p><strong>Como parte del firme compromiso del Gobierno Nacional de Panam\u00e1, de garantizar un entorno laboral justo, seguro y legal para todos, el personal del Ministerio de Trabajo y Desarrollo Laboral de Panam\u00e1 (MITRADEL), ha realizado 671 inspecciones de migraci\u00f3n laboral en lo que va del 2025, lo cual le ha permitido detectar as\u00ed, a 395 extranjeros laborando sin los debidos permisos.<\/strong><\/p>\n<p><strong>Es por ello, que durante la pasada semana, cinco nuevos casos fueron detectados en operativos que se efectuaron junto al Servicio Nacional de Migraci\u00f3n, en comercios de la ciudad capital y Panam\u00e1 Norte. Entre los ciudadanos ubicados, se encontraban tres hombres (venezolano y chinos) y dos mujeres (una venezolana y otra nicarag\u00fcense). Como resultado, se emitieron posteriormente, tres citaciones, incluyendo una por documentos vencidos.<\/strong><\/p>\n<p><strong>En base a esto, los propietarios de los locales, fueron citados para deslindar responsabilidades y aplicar despu\u00e9s las sanciones que establece la ley.<\/strong><\/p>\n<p><strong>Hay que mencionar, que la ministra de Trabajo, Jackeline Mu\u00f1oz de Cede\u00f1o, lider\u00f3 personalmente varias de estas jornadas, reafirmando de esta forma, el compromiso de la administraci\u00f3n del presidente de Panam\u00e1, Jos\u00e9 Ra\u00fal Mulino Quintero, con la legalidad, la defensa del empleo digno y el respeto a los derechos de la poblaci\u00f3n trabajadora.<\/strong><\/p>\n<p><strong>Cabe resaltar, que estas acciones, reflejan la firme voluntad del Gobierno Nacional de Panam\u00e1, de fortalecer la seguridad laboral y proteger con esto, el mercado de trabajo para los paname\u00f1os, asegurando que todos los empleadores cumplan con las normas establecidas. El MITRADEL, seguir\u00e1 desplegando operativos constantes a fin de garantizar que Panam\u00e1, sea un pa\u00eds de oportunidades leg\u00edtimas, donde se respete la ley y se defienda el derecho al trabajo digno.<\/strong><\/p>\n<p>&nbsp;<\/p>\n<p>&nbsp;<\/p>\n","protected":false},"excerpt":{"rendered":"<p>M\u00e1s de 670 operativos de migraci\u00f3n laboral ha realizado el MITRADEL este a\u00f1o para garantizar empleos justos y legales.<\/p>\n<p>&nbsp;<\/p>\n<p>Como parte del firme comprom&#8230;<\/p>\n","protected":false},"author":9,"featured_media":109321,"comment_status":"closed","ping_status":"closed","sticky":false,"template":"","format":"standard","meta":{"footnotes":""},"categories":[2],"tags":[],"class_list":["post-109320","post","type-post","status-publish","format-standard","has-post-thumbnail","hentry","category-nacionales"],"_links":{"self":[{"href":"https:\/\/sertv.gob.pa\/nacionalfm\/wp-json\/wp\/v2\/posts\/109320","targetHints":{"allow":["GET"]}}],"collection":[{"href":"https:\/\/sertv.gob.pa\/nacionalfm\/wp-json\/wp\/v2\/posts"}],"about":[{"href":"https:\/\/sertv.gob.pa\/nacionalfm\/wp-json\/wp\/v2\/types\/post"}],"author":[{"embeddable":true,"href":"https:\/\/sertv.gob.pa\/nacionalfm\/wp-json\/wp\/v2\/users\/9"}],"replies":[{"embeddable":true,"href":"https:\/\/sertv.gob.pa\/nacionalfm\/wp-json\/wp\/v2\/comments?post=109320"}],"version-history":[{"count":2,"href":"https:\/\/sertv.gob.pa\/nacionalfm\/wp-json\/wp\/v2\/posts\/109320\/revisions"}],"predecessor-version":[{"id":109323,"href":"https:\/\/sertv.gob.pa\/nacionalfm\/wp-json\/wp\/v2\/posts\/109320\/revisions\/109323"}],"wp:featuredmedia":[{"embeddable":true,"href":"https:\/\/sertv.gob.pa\/nacionalfm\/wp-json\/wp\/v2\/media\/109321"}],"wp:attachment":[{"href":"https:\/\/sertv.gob.pa\/nacionalfm\/wp-json\/wp\/v2\/media?parent=109320"}],"wp:term":[{"taxonomy":"category","embeddable":true,"href":"https:\/\/sertv.gob.pa\/nacionalfm\/wp-json\/wp\/v2\/categories?post=109320"},{"taxonomy":"post_tag","embeddable":true,"href":"https:\/\/sertv.gob.pa\/nacionalfm\/wp-json\/wp\/v2\/tags?post=109320"}],"curies":[{"name":"wp","href":"https:\/\/api.w.org\/{rel}","templated":true}]}}