{"id":109324,"date":"2025-06-25T12:37:03","date_gmt":"2025-06-25T17:37:03","guid":{"rendered":"https:\/\/sertv.gob.pa\/nacionalfm\/?p=109324"},"modified":"2025-06-25T12:37:05","modified_gmt":"2025-06-25T17:37:05","slug":"idaan-beneficia-a-residentes-en-los-pozos-provincia-de-herrera-tras-incorporacion-de-nuevos-pozos-de-agua","status":"publish","type":"post","link":"https:\/\/sertv.gob.pa\/nacionalfm\/idaan-beneficia-a-residentes-en-los-pozos-provincia-de-herrera-tras-incorporacion-de-nuevos-pozos-de-agua\/","title":{"rendered":"IDAAN beneficia a residentes en Los Pozos, provincia de Herrera tras incorporaci\u00f3n de nuevos pozos de agua"},"content":{"rendered":"<p><em><strong>El Instituto de Acueductos y Alcantarillados Nacionales (IDAAN), en la provincia de Herrera incorpor\u00f3, un nuevo pozo profundo con agua de calidad, la cual es apta para el consumo humano, e igualmente es, en beneficio de m\u00e1s de 2 mil residentes del sector El Tembleque en Los Pozos cabecera.<\/strong><\/em><\/p>\n<p><strong>Con esta nueva fuente de agua, se avanza con el plan estrat\u00e9gico del IDAAN de habilitar nuevas fuentes de agua potable en esta provincia.<\/strong><\/p>\n<p><strong>Este pozo, tiene una capacidad de producci\u00f3n de aproximadamente 40 galones de agua por minuto, lo que permite mantener un suministro continuo para los residentes del \u00e1rea, destac\u00f3 la directora regional, Yauruslaidis Ibarra.<\/strong><\/p>\n<p><strong>De igual forma, Ibarra, detall\u00f3 que, entre los trabajos ejecutados, destaca la construcci\u00f3n de una caseta y la habilitaci\u00f3n de un tanque de almacenamiento con capacidad para 20 mil galones, infraestructura que garantiza una distribuci\u00f3n m\u00e1s eficiente y constante del recurso h\u00eddrico.<\/strong><\/p>\n<p><strong>Es bueno resaltar que, con esta iniciativa, el IDAAN reafirma su compromiso de trabajar para todos los paname\u00f1os.<\/strong><\/p>\n<p>&nbsp;<\/p>\n","protected":false},"excerpt":{"rendered":"<p>El Instituto de Acueductos y Alcantarillados Nacionales (IDAAN), en la provincia de Herrera incorpor\u00f3, un nuevo pozo profundo con agua de calidad, la cual es ap&#8230;<\/p>\n","protected":false},"author":9,"featured_media":109325,"comment_status":"closed","ping_status":"closed","sticky":false,"template":"","format":"standard","meta":{"footnotes":""},"categories":[2],"tags":[],"class_list":["post-109324","post","type-post","status-publish","format-standard","has-post-thumbnail","hentry","category-nacionales"],"_links":{"self":[{"href":"https:\/\/sertv.gob.pa\/nacionalfm\/wp-json\/wp\/v2\/posts\/109324","targetHints":{"allow":["GET"]}}],"collection":[{"href":"https:\/\/sertv.gob.pa\/nacionalfm\/wp-json\/wp\/v2\/posts"}],"about":[{"href":"https:\/\/sertv.gob.pa\/nacionalfm\/wp-json\/wp\/v2\/types\/post"}],"author":[{"embeddable":true,"href":"https:\/\/sertv.gob.pa\/nacionalfm\/wp-json\/wp\/v2\/users\/9"}],"replies":[{"embeddable":true,"href":"https:\/\/sertv.gob.pa\/nacionalfm\/wp-json\/wp\/v2\/comments?post=109324"}],"version-history":[{"count":2,"href":"https:\/\/sertv.gob.pa\/nacionalfm\/wp-json\/wp\/v2\/posts\/109324\/revisions"}],"predecessor-version":[{"id":109327,"href":"https:\/\/sertv.gob.pa\/nacionalfm\/wp-json\/wp\/v2\/posts\/109324\/revisions\/109327"}],"wp:featuredmedia":[{"embeddable":true,"href":"https:\/\/sertv.gob.pa\/nacionalfm\/wp-json\/wp\/v2\/media\/109325"}],"wp:attachment":[{"href":"https:\/\/sertv.gob.pa\/nacionalfm\/wp-json\/wp\/v2\/media?parent=109324"}],"wp:term":[{"taxonomy":"category","embeddable":true,"href":"https:\/\/sertv.gob.pa\/nacionalfm\/wp-json\/wp\/v2\/categories?post=109324"},{"taxonomy":"post_tag","embeddable":true,"href":"https:\/\/sertv.gob.pa\/nacionalfm\/wp-json\/wp\/v2\/tags?post=109324"}],"curies":[{"name":"wp","href":"https:\/\/api.w.org\/{rel}","templated":true}]}}