{"id":109335,"date":"2025-06-25T13:32:30","date_gmt":"2025-06-25T18:32:30","guid":{"rendered":"https:\/\/sertv.gob.pa\/nacionalfm\/?p=109335"},"modified":"2025-06-25T13:32:32","modified_gmt":"2025-06-25T18:32:32","slug":"autoridades-fortalecen-coordinacion-para-apoyar-a-comunidades-rurales-e-indigenas-en-panama","status":"publish","type":"post","link":"https:\/\/sertv.gob.pa\/nacionalfm\/autoridades-fortalecen-coordinacion-para-apoyar-a-comunidades-rurales-e-indigenas-en-panama\/","title":{"rendered":"Autoridades fortalecen coordinaci\u00f3n para apoyar a comunidades rurales e ind\u00edgenas en Panam\u00e1"},"content":{"rendered":"<p><em><strong>Con la finalidad de fortalecer la coordinaci\u00f3n interinstitucional en beneficio de las comunidades rurales e ind\u00edgenas, el Secretario Nacional de Energ\u00eda de Panam\u00e1, Juan Manuel Urriola, sostuvo en fecha reciente, una reuni\u00f3n con la Viceministra de Asuntos Ind\u00edgenas, Doris Bill F\u00e1brega. Durante el encuentro, ambos acordaron impulsar iniciativas conjuntas que promuevan el desarrollo inclusivo y sostenible de estas comunidades en todo el pa\u00eds.<\/strong><\/em><\/p>\n<p><strong>Este esfuerzo conjunto de estas autoridades, busca optimizar recursos y estrategias a fin de garantizar que las pol\u00edticas p\u00fablicas lleguen de manera efectiva a los sectores m\u00e1s vulnerables, fomentando su bienestar y progreso integral.<\/strong><\/p>\n","protected":false},"excerpt":{"rendered":"<p>Con la finalidad de fortalecer la coordinaci\u00f3n interinstitucional en beneficio de las comunidades rurales e ind\u00edgenas, el Secretario Nacional de Energ\u00eda de Pana&#8230;<\/p>\n","protected":false},"author":9,"featured_media":109336,"comment_status":"closed","ping_status":"closed","sticky":false,"template":"","format":"standard","meta":{"footnotes":""},"categories":[2],"tags":[],"class_list":["post-109335","post","type-post","status-publish","format-standard","has-post-thumbnail","hentry","category-nacionales"],"_links":{"self":[{"href":"https:\/\/sertv.gob.pa\/nacionalfm\/wp-json\/wp\/v2\/posts\/109335","targetHints":{"allow":["GET"]}}],"collection":[{"href":"https:\/\/sertv.gob.pa\/nacionalfm\/wp-json\/wp\/v2\/posts"}],"about":[{"href":"https:\/\/sertv.gob.pa\/nacionalfm\/wp-json\/wp\/v2\/types\/post"}],"author":[{"embeddable":true,"href":"https:\/\/sertv.gob.pa\/nacionalfm\/wp-json\/wp\/v2\/users\/9"}],"replies":[{"embeddable":true,"href":"https:\/\/sertv.gob.pa\/nacionalfm\/wp-json\/wp\/v2\/comments?post=109335"}],"version-history":[{"count":1,"href":"https:\/\/sertv.gob.pa\/nacionalfm\/wp-json\/wp\/v2\/posts\/109335\/revisions"}],"predecessor-version":[{"id":109337,"href":"https:\/\/sertv.gob.pa\/nacionalfm\/wp-json\/wp\/v2\/posts\/109335\/revisions\/109337"}],"wp:featuredmedia":[{"embeddable":true,"href":"https:\/\/sertv.gob.pa\/nacionalfm\/wp-json\/wp\/v2\/media\/109336"}],"wp:attachment":[{"href":"https:\/\/sertv.gob.pa\/nacionalfm\/wp-json\/wp\/v2\/media?parent=109335"}],"wp:term":[{"taxonomy":"category","embeddable":true,"href":"https:\/\/sertv.gob.pa\/nacionalfm\/wp-json\/wp\/v2\/categories?post=109335"},{"taxonomy":"post_tag","embeddable":true,"href":"https:\/\/sertv.gob.pa\/nacionalfm\/wp-json\/wp\/v2\/tags?post=109335"}],"curies":[{"name":"wp","href":"https:\/\/api.w.org\/{rel}","templated":true}]}}