{"id":109342,"date":"2025-06-25T14:29:47","date_gmt":"2025-06-25T19:29:47","guid":{"rendered":"https:\/\/sertv.gob.pa\/nacionalfm\/?p=109342"},"modified":"2025-06-25T14:29:49","modified_gmt":"2025-06-25T19:29:49","slug":"presidente-de-panama-jose-raul-mulino-inaugura-el-nuevo-hospital-manuel-amador-guerrero-en-la-provincia-de-colon","status":"publish","type":"post","link":"https:\/\/sertv.gob.pa\/nacionalfm\/presidente-de-panama-jose-raul-mulino-inaugura-el-nuevo-hospital-manuel-amador-guerrero-en-la-provincia-de-colon\/","title":{"rendered":"Presidente de Panam\u00e1, Jos\u00e9 Ra\u00fal Mulino, inaugura el nuevo Hospital Manuel Amador Guerrero, en la provincia de Col\u00f3n"},"content":{"rendered":"<div class=\"fusion-fullwidth fullwidth-box fusion-builder-row-1 fusion-flex-container nonhundred-percent-fullwidth non-hundred-percent-height-scrolling\" style=\"--awb-border-radius-top-left:0px;--awb-border-radius-top-right:0px;--awb-border-radius-bottom-right:0px;--awb-border-radius-bottom-left:0px;--awb-flex-wrap:wrap;\" ><div class=\"fusion-builder-row fusion-row fusion-flex-align-items-flex-start fusion-flex-content-wrap\" style=\"max-width:1144px;margin-left: calc(-4% \/ 2 );margin-right: calc(-4% \/ 2 );\"><div class=\"fusion-layout-column fusion_builder_column fusion-builder-column-0 fusion_builder_column_1_1 1_1 fusion-flex-column\" style=\"--awb-bg-size:cover;--awb-width-large:100%;--awb-margin-top-large:0px;--awb-spacing-right-large:1.92%;--awb-margin-bottom-large:0px;--awb-spacing-left-large:1.92%;--awb-width-medium:100%;--awb-spacing-right-medium:1.92%;--awb-spacing-left-medium:1.92%;--awb-width-small:100%;--awb-spacing-right-small:1.92%;--awb-spacing-left-small:1.92%;\"><div class=\"fusion-column-wrapper fusion-flex-justify-content-flex-start fusion-content-layout-column\"><div class=\"fusion-text fusion-text-1\" style=\"--awb-content-alignment:justify;\"><p><em><strong>El presidente de la Rep\u00fablica de Panam\u00e1, Jos\u00e9 Ra\u00fal Mulino, inaugur\u00f3 este mi\u00e9rcoles, 25 de junio, el nuevo Hospital Manuel Amador Guerrero, una moderna y completa instalaci\u00f3n de salud, la cual beneficiar\u00e1 a m\u00e1s de 300 mil personas en la provincia de Col\u00f3n.<\/strong><\/em><\/p>\n<p><strong>Esta obra, de B\/.414 millones, fue recuperada por la administraci\u00f3n Mulino tras a\u00f1os de atrasos, y ahora queda a disposici\u00f3n de los colonenses.<\/strong><\/p>\n<p><strong>Junto a ministros de Estado, autoridades de la Caja de Seguro Social (CSS) y autoridades locales, el mandatario, hizo el recorrido por las diferentes salas y unidades de atenci\u00f3n, en donde pudo constatar que la misma, se trata de una instalaci\u00f3n de primer mundo.<\/strong><\/p>\n<p><strong>Este nuevo hospital, dispone de 474 camas hospitalarias, 9 quir\u00f3fanos con la \u00faltima tecnolog\u00eda, 4 salas para partos y ces\u00e1reas, y 87 consultorios para atenci\u00f3n ambulatoria, adem\u00e1s de modernos equipos como: tom\u00f3grafos, mam\u00f3grafos y arcos en C para radiolog\u00eda.<\/strong><\/p>\n<p><strong>De igual manera, podr\u00e1 ofrecer servicios de salud en 14 especialidades, entre ellas: pediatr\u00eda, ginecolog\u00eda, medicina interna, cardiolog\u00eda, oncolog\u00eda, neurolog\u00eda y geriatr\u00eda.<\/strong><\/p>\n<p><strong>Tambi\u00e9n el hospital, contar\u00e1 con sala de urgencias y unidades de hemodi\u00e1lisis, banco de sangre y farmacia.<\/strong><\/p>\n<p><strong>En esta farmacia, se despachar\u00e1n 140 medicinas con descuentos de hasta 95%, para beneficio de la poblaci\u00f3n.<\/strong><\/p>\n<p><strong>Cabe mencionar, que adem\u00e1s de encabezar el corte de cinta y develar la placa conmemorativa, el presidente Mulino, fue testigo del traspaso de la administraci\u00f3n del hospital de parte del Ministerio de Salud a la Caja de Seguro Social.<\/strong><\/p>\n<p><strong>\u201cEste hospital es fiel muestra de que, cuando se quiere hacer algo por la comunidad, se hace\u201d, declar\u00f3 Mulino.<\/strong><\/p>\n<p><strong>\u201cAqu\u00ed vemos el fruto de una integraci\u00f3n que est\u00e1 en el esp\u00edritu de la nueva ley, a favor de todos. Un centro de salud con los m\u00e1s modernos equipos y con especialistas que vendr\u00e1n de centros viejos y que ahora podr\u00e1n atender m\u00e1s pacientes, sean de la Caja de Seguro Social como del sistema p\u00fablico de salud. Este es un verdadero sistema solidario, donde todos pagan y donde se atiende a todos\u201d, enfatiz\u00f3.<\/strong><\/p>\n<p><strong>Para este acto de inauguraci\u00f3n, el mandatario, Jos\u00e9 Ra\u00fal Mulino, estuvo acompa\u00f1ado tambi\u00e9n, por la primera dama, Maricel Cohen de Mulino; los ministros de la Presidencia, Juan Carlos Orillac; Salud, Fernando Boyd Galindo; Vivienda, Jaime Jovan\u00e9; y Seguridad, Frank \u00c1brego; el director de la CSS, Dino Mon; el gobernador de la provincia de Col\u00f3n, Julio Hern\u00e1ndez; y el director de la Polic\u00eda Nacional, Jaime Fern\u00e1ndez.<\/strong><\/p>\n<\/div><div class=\"awb-gallery-wrapper awb-gallery-wrapper-1 button-span-no\" style=\"--more-btn-alignment:center;\"><div style=\"margin:-5px;--awb-bordersize:0px;\" class=\"fusion-gallery fusion-gallery-container fusion-grid-3 fusion-columns-total-5 fusion-gallery-layout-grid fusion-gallery-1\"><div style=\"padding:5px;\" class=\"fusion-grid-column fusion-gallery-column fusion-gallery-column-3 hover-type-none\"><div class=\"fusion-gallery-image\"><a href=\"https:\/\/sertv.gob.pa\/nacionalfm\/wp-content\/uploads\/sites\/6\/2025\/06\/PRESIDENTE-MULINO-INAUGURACION-COLON-2.jpeg\" rel=\"noreferrer\" data-rel=\"iLightbox[gallery_image_1]\" class=\"fusion-lightbox\" target=\"_self\"><img decoding=\"async\" src=\"https:\/\/sertv.gob.pa\/nacionalfm\/wp-content\/uploads\/sites\/6\/2025\/06\/PRESIDENTE-MULINO-INAUGURACION-COLON-2.jpeg\" width=\"600\" height=\"400\" alt=\"\" title=\"PRESIDENTE MULINO INAUGURACI\u00d3N COL\u00d3N 2\" aria-label=\"PRESIDENTE MULINO INAUGURACI\u00d3N COL\u00d3N 2\" class=\"img-responsive wp-image-109344\" srcset=\"https:\/\/sertv.gob.pa\/nacionalfm\/wp-content\/uploads\/sites\/6\/2025\/06\/PRESIDENTE-MULINO-INAUGURACION-COLON-2-200x133.jpeg 200w, https:\/\/sertv.gob.pa\/nacionalfm\/wp-content\/uploads\/sites\/6\/2025\/06\/PRESIDENTE-MULINO-INAUGURACION-COLON-2-400x267.jpeg 400w, https:\/\/sertv.gob.pa\/nacionalfm\/wp-content\/uploads\/sites\/6\/2025\/06\/PRESIDENTE-MULINO-INAUGURACION-COLON-2.jpeg 600w\" sizes=\"(min-width: 2200px) 100vw, (min-width: 784px) 363px, (min-width: 712px) 545px, (min-width: 640px) 712px, \" \/><\/a><\/div><\/div><div style=\"padding:5px;\" class=\"fusion-grid-column fusion-gallery-column fusion-gallery-column-3 hover-type-none\"><div class=\"fusion-gallery-image\"><a href=\"https:\/\/sertv.gob.pa\/nacionalfm\/wp-content\/uploads\/sites\/6\/2025\/06\/PRESIDENTE-MULINO-INAUGURACION-COLON-3.jpeg\" rel=\"noreferrer\" data-rel=\"iLightbox[gallery_image_1]\" class=\"fusion-lightbox\" target=\"_self\"><img decoding=\"async\" src=\"https:\/\/sertv.gob.pa\/nacionalfm\/wp-content\/uploads\/sites\/6\/2025\/06\/PRESIDENTE-MULINO-INAUGURACION-COLON-3.jpeg\" width=\"600\" height=\"400\" alt=\"\" title=\"PRESIDENTE MULINO INAUGURACI\u00d3N COL\u00d3N 3\" aria-label=\"PRESIDENTE MULINO INAUGURACI\u00d3N COL\u00d3N 3\" class=\"img-responsive wp-image-109345\" srcset=\"https:\/\/sertv.gob.pa\/nacionalfm\/wp-content\/uploads\/sites\/6\/2025\/06\/PRESIDENTE-MULINO-INAUGURACION-COLON-3-200x133.jpeg 200w, https:\/\/sertv.gob.pa\/nacionalfm\/wp-content\/uploads\/sites\/6\/2025\/06\/PRESIDENTE-MULINO-INAUGURACION-COLON-3-400x267.jpeg 400w, https:\/\/sertv.gob.pa\/nacionalfm\/wp-content\/uploads\/sites\/6\/2025\/06\/PRESIDENTE-MULINO-INAUGURACION-COLON-3.jpeg 600w\" sizes=\"(min-width: 2200px) 100vw, (min-width: 784px) 363px, (min-width: 712px) 545px, (min-width: 640px) 712px, \" \/><\/a><\/div><\/div><div style=\"padding:5px;\" class=\"fusion-grid-column fusion-gallery-column fusion-gallery-column-3 hover-type-none\"><div class=\"fusion-gallery-image\"><a href=\"https:\/\/sertv.gob.pa\/nacionalfm\/wp-content\/uploads\/sites\/6\/2025\/06\/PRESIDENTE-MULINO-INAUGURACION-COLON4.jpeg\" rel=\"noreferrer\" data-rel=\"iLightbox[gallery_image_1]\" class=\"fusion-lightbox\" target=\"_self\"><img decoding=\"async\" src=\"https:\/\/sertv.gob.pa\/nacionalfm\/wp-content\/uploads\/sites\/6\/2025\/06\/PRESIDENTE-MULINO-INAUGURACION-COLON4.jpeg\" width=\"600\" height=\"400\" alt=\"\" title=\"PRESIDENTE MULINO INAUGURACI\u00d3N COL\u00d3N4\" aria-label=\"PRESIDENTE MULINO INAUGURACI\u00d3N COL\u00d3N4\" class=\"img-responsive wp-image-109346\" srcset=\"https:\/\/sertv.gob.pa\/nacionalfm\/wp-content\/uploads\/sites\/6\/2025\/06\/PRESIDENTE-MULINO-INAUGURACION-COLON4-200x133.jpeg 200w, https:\/\/sertv.gob.pa\/nacionalfm\/wp-content\/uploads\/sites\/6\/2025\/06\/PRESIDENTE-MULINO-INAUGURACION-COLON4-400x267.jpeg 400w, https:\/\/sertv.gob.pa\/nacionalfm\/wp-content\/uploads\/sites\/6\/2025\/06\/PRESIDENTE-MULINO-INAUGURACION-COLON4.jpeg 600w\" sizes=\"(min-width: 2200px) 100vw, (min-width: 784px) 363px, (min-width: 712px) 545px, (min-width: 640px) 712px, \" \/><\/a><\/div><\/div><div class=\"clearfix\"><\/div><div style=\"padding:5px;\" class=\"fusion-grid-column fusion-gallery-column fusion-gallery-column-3 hover-type-none\"><div class=\"fusion-gallery-image\"><a href=\"https:\/\/sertv.gob.pa\/nacionalfm\/wp-content\/uploads\/sites\/6\/2025\/06\/PRESIDENTE-MULINO-INAUGURACION-COLON-6.jpeg\" rel=\"noreferrer\" data-rel=\"iLightbox[gallery_image_1]\" class=\"fusion-lightbox\" target=\"_self\"><img decoding=\"async\" src=\"https:\/\/sertv.gob.pa\/nacionalfm\/wp-content\/uploads\/sites\/6\/2025\/06\/PRESIDENTE-MULINO-INAUGURACION-COLON-6.jpeg\" width=\"600\" height=\"400\" alt=\"\" title=\"PRESIDENTE MULINO INAUGURACI\u00d3N COL\u00d3N 6\" aria-label=\"PRESIDENTE MULINO INAUGURACI\u00d3N COL\u00d3N 6\" class=\"img-responsive wp-image-109348\" srcset=\"https:\/\/sertv.gob.pa\/nacionalfm\/wp-content\/uploads\/sites\/6\/2025\/06\/PRESIDENTE-MULINO-INAUGURACION-COLON-6-200x133.jpeg 200w, https:\/\/sertv.gob.pa\/nacionalfm\/wp-content\/uploads\/sites\/6\/2025\/06\/PRESIDENTE-MULINO-INAUGURACION-COLON-6-400x267.jpeg 400w, https:\/\/sertv.gob.pa\/nacionalfm\/wp-content\/uploads\/sites\/6\/2025\/06\/PRESIDENTE-MULINO-INAUGURACION-COLON-6.jpeg 600w\" sizes=\"(min-width: 2200px) 100vw, (min-width: 784px) 363px, (min-width: 712px) 545px, (min-width: 640px) 712px, \" \/><\/a><\/div><\/div><div style=\"padding:5px;\" class=\"fusion-grid-column fusion-gallery-column fusion-gallery-column-3 hover-type-none\"><div class=\"fusion-gallery-image\"><a href=\"https:\/\/sertv.gob.pa\/nacionalfm\/wp-content\/uploads\/sites\/6\/2025\/06\/PRESIDENTE-MULINO-INAUGURACION-COLON-5.jpeg\" rel=\"noreferrer\" data-rel=\"iLightbox[gallery_image_1]\" class=\"fusion-lightbox\" target=\"_self\"><img decoding=\"async\" src=\"https:\/\/sertv.gob.pa\/nacionalfm\/wp-content\/uploads\/sites\/6\/2025\/06\/PRESIDENTE-MULINO-INAUGURACION-COLON-5.jpeg\" width=\"600\" height=\"400\" alt=\"\" title=\"PRESIDENTE MULINO INAUGURACI\u00d3N COL\u00d3N 5\" aria-label=\"PRESIDENTE MULINO INAUGURACI\u00d3N COL\u00d3N 5\" class=\"img-responsive wp-image-109347\" srcset=\"https:\/\/sertv.gob.pa\/nacionalfm\/wp-content\/uploads\/sites\/6\/2025\/06\/PRESIDENTE-MULINO-INAUGURACION-COLON-5-200x133.jpeg 200w, https:\/\/sertv.gob.pa\/nacionalfm\/wp-content\/uploads\/sites\/6\/2025\/06\/PRESIDENTE-MULINO-INAUGURACION-COLON-5-400x267.jpeg 400w, https:\/\/sertv.gob.pa\/nacionalfm\/wp-content\/uploads\/sites\/6\/2025\/06\/PRESIDENTE-MULINO-INAUGURACION-COLON-5.jpeg 600w\" sizes=\"(min-width: 2200px) 100vw, (min-width: 784px) 363px, (min-width: 712px) 545px, (min-width: 640px) 712px, \" \/><\/a><\/div><\/div><\/div><\/div><\/div><\/div><\/div><\/div>\n","protected":false},"excerpt":{"rendered":"<p>&#8230;<\/p>\n","protected":false},"author":9,"featured_media":109343,"comment_status":"closed","ping_status":"closed","sticky":false,"template":"","format":"standard","meta":{"footnotes":""},"categories":[2],"tags":[],"class_list":["post-109342","post","type-post","status-publish","format-standard","has-post-thumbnail","hentry","category-nacionales"],"_links":{"self":[{"href":"https:\/\/sertv.gob.pa\/nacionalfm\/wp-json\/wp\/v2\/posts\/109342","targetHints":{"allow":["GET"]}}],"collection":[{"href":"https:\/\/sertv.gob.pa\/nacionalfm\/wp-json\/wp\/v2\/posts"}],"about":[{"href":"https:\/\/sertv.gob.pa\/nacionalfm\/wp-json\/wp\/v2\/types\/post"}],"author":[{"embeddable":true,"href":"https:\/\/sertv.gob.pa\/nacionalfm\/wp-json\/wp\/v2\/users\/9"}],"replies":[{"embeddable":true,"href":"https:\/\/sertv.gob.pa\/nacionalfm\/wp-json\/wp\/v2\/comments?post=109342"}],"version-history":[{"count":2,"href":"https:\/\/sertv.gob.pa\/nacionalfm\/wp-json\/wp\/v2\/posts\/109342\/revisions"}],"predecessor-version":[{"id":109350,"href":"https:\/\/sertv.gob.pa\/nacionalfm\/wp-json\/wp\/v2\/posts\/109342\/revisions\/109350"}],"wp:featuredmedia":[{"embeddable":true,"href":"https:\/\/sertv.gob.pa\/nacionalfm\/wp-json\/wp\/v2\/media\/109343"}],"wp:attachment":[{"href":"https:\/\/sertv.gob.pa\/nacionalfm\/wp-json\/wp\/v2\/media?parent=109342"}],"wp:term":[{"taxonomy":"category","embeddable":true,"href":"https:\/\/sertv.gob.pa\/nacionalfm\/wp-json\/wp\/v2\/categories?post=109342"},{"taxonomy":"post_tag","embeddable":true,"href":"https:\/\/sertv.gob.pa\/nacionalfm\/wp-json\/wp\/v2\/tags?post=109342"}],"curies":[{"name":"wp","href":"https:\/\/api.w.org\/{rel}","templated":true}]}}