{"id":109351,"date":"2025-06-26T08:25:28","date_gmt":"2025-06-26T13:25:28","guid":{"rendered":"https:\/\/sertv.gob.pa\/nacionalfm\/?p=109351"},"modified":"2025-06-26T14:24:55","modified_gmt":"2025-06-26T19:24:55","slug":"colaboradores-del-ministerio-de-la-presidencia-de-panama-reciben-capacitacion-en-alfabetizacion-constitucional-con-apoyo-de-sepresac","status":"publish","type":"post","link":"https:\/\/sertv.gob.pa\/nacionalfm\/colaboradores-del-ministerio-de-la-presidencia-de-panama-reciben-capacitacion-en-alfabetizacion-constitucional-con-apoyo-de-sepresac\/","title":{"rendered":"Colaboradores del Ministerio de la Presidencia de Panam\u00e1, reciben capacitaci\u00f3n en Alfabetizaci\u00f3n Constitucional, con apoyo de SEPRESAC"},"content":{"rendered":"<div class=\"fusion-fullwidth fullwidth-box fusion-builder-row-1 fusion-flex-container nonhundred-percent-fullwidth non-hundred-percent-height-scrolling\" style=\"--awb-border-radius-top-left:0px;--awb-border-radius-top-right:0px;--awb-border-radius-bottom-right:0px;--awb-border-radius-bottom-left:0px;--awb-flex-wrap:wrap;\" ><div class=\"fusion-builder-row fusion-row fusion-flex-align-items-flex-start fusion-flex-content-wrap\" style=\"max-width:1144px;margin-left: calc(-4% \/ 2 );margin-right: calc(-4% \/ 2 );\"><div class=\"fusion-layout-column fusion_builder_column fusion-builder-column-0 fusion_builder_column_1_1 1_1 fusion-flex-column\" style=\"--awb-bg-size:cover;--awb-width-large:100%;--awb-margin-top-large:0px;--awb-spacing-right-large:1.92%;--awb-margin-bottom-large:0px;--awb-spacing-left-large:1.92%;--awb-width-medium:100%;--awb-spacing-right-medium:1.92%;--awb-spacing-left-medium:1.92%;--awb-width-small:100%;--awb-spacing-right-small:1.92%;--awb-spacing-left-small:1.92%;\"><div class=\"fusion-column-wrapper fusion-flex-justify-content-flex-start fusion-content-layout-column\"><div class=\"fusion-text fusion-text-1\" style=\"--awb-content-alignment:justify;\"><p><em><strong>Como parte de las acciones para impulsar una ciudadan\u00eda m\u00e1s consciente e involucrada en el proceso constituyente, la Secretar\u00eda Presidencial para la Reorganizaci\u00f3n del Estado y Asuntos Constitucionales (SEPRESAC), adscrita al Ministerio de la Presidencia de Panam\u00e1, desarroll\u00f3 recientemente, una jornada de Alfabetizaci\u00f3n Constitucional dirigida a funcionarios de esta entidad.<\/strong><\/em><\/p>\n<p><strong>Esta actividad, tuvo como objetivo, impulsar el conocimiento de los principios y valores constitucionales, fortalecer la cultura c\u00edvica y fomentar una participaci\u00f3n ciudadana consciente e informada en el proceso de construcci\u00f3n de una nueva Constituci\u00f3n para el pa\u00eds.<\/strong><\/p>\n<p><strong>La jornada, estuvo a cargo del Dr. Miguel Antonio Bernal, Coordinador Ejecutivo de SEPRESAC, quien brind\u00f3 una conferencia sobre los derechos y deberes consagrados en la Constituci\u00f3n. Durante su intervenci\u00f3n, subray\u00f3 que \u201cuna ciudadan\u00eda informada es la base del desarrollo democr\u00e1tico y del fortalecimiento de nuestras instituciones\u201d.<\/strong><\/p>\n<p><strong>Es importante resaltar, que esta capacitaci\u00f3n, forma parte de la primera fase del proceso constituyente que SEPRESAC impulsa, la cual incluye una serie de actividades como: conferencias, debates, cabildos abiertos y talleres en diversas entidades del sector p\u00fablico. Esta etapa, se extender\u00e1 hasta julio de 2026, para despu\u00e9s dar paso a nuevas acciones orientadas a ampliar la participaci\u00f3n y el di\u00e1logo en otras instituciones del Estado.<\/strong><\/p>\n<\/div><div class=\"awb-gallery-wrapper awb-gallery-wrapper-1 button-span-no\" style=\"--more-btn-alignment:center;\"><div style=\"margin:-5px;--awb-bordersize:0px;\" class=\"fusion-gallery fusion-gallery-container fusion-grid-3 fusion-columns-total-4 fusion-gallery-layout-grid fusion-gallery-1\"><div style=\"padding:5px;\" class=\"fusion-grid-column fusion-gallery-column fusion-gallery-column-3 hover-type-none\"><div class=\"fusion-gallery-image\"><a href=\"https:\/\/sertv.gob.pa\/nacionalfm\/wp-content\/uploads\/sites\/6\/2025\/06\/COLABORADORES-PRESIDENCIA-SEPRESAC-2.jpeg\" rel=\"noreferrer\" data-rel=\"iLightbox[gallery_image_1]\" class=\"fusion-lightbox\" target=\"_self\"><img decoding=\"async\" src=\"https:\/\/sertv.gob.pa\/nacionalfm\/wp-content\/uploads\/sites\/6\/2025\/06\/COLABORADORES-PRESIDENCIA-SEPRESAC-2.jpeg\" width=\"600\" height=\"400\" alt=\"\" title=\"COLABORADORES PRESIDENCIA SEPRESAC 2\" aria-label=\"COLABORADORES PRESIDENCIA SEPRESAC 2\" class=\"img-responsive wp-image-109400\" srcset=\"https:\/\/sertv.gob.pa\/nacionalfm\/wp-content\/uploads\/sites\/6\/2025\/06\/COLABORADORES-PRESIDENCIA-SEPRESAC-2-200x133.jpeg 200w, https:\/\/sertv.gob.pa\/nacionalfm\/wp-content\/uploads\/sites\/6\/2025\/06\/COLABORADORES-PRESIDENCIA-SEPRESAC-2-400x267.jpeg 400w, https:\/\/sertv.gob.pa\/nacionalfm\/wp-content\/uploads\/sites\/6\/2025\/06\/COLABORADORES-PRESIDENCIA-SEPRESAC-2.jpeg 600w\" sizes=\"(min-width: 2200px) 100vw, (min-width: 784px) 363px, (min-width: 712px) 545px, (min-width: 640px) 712px, \" \/><\/a><\/div><\/div><div style=\"padding:5px;\" class=\"fusion-grid-column fusion-gallery-column fusion-gallery-column-3 hover-type-none\"><div class=\"fusion-gallery-image\"><a href=\"https:\/\/sertv.gob.pa\/nacionalfm\/wp-content\/uploads\/sites\/6\/2025\/06\/COLABORADORES-PRESIDENCIA-SEPRESAC-3.jpeg\" rel=\"noreferrer\" data-rel=\"iLightbox[gallery_image_1]\" class=\"fusion-lightbox\" target=\"_self\"><img decoding=\"async\" src=\"https:\/\/sertv.gob.pa\/nacionalfm\/wp-content\/uploads\/sites\/6\/2025\/06\/COLABORADORES-PRESIDENCIA-SEPRESAC-3.jpeg\" width=\"600\" height=\"334\" alt=\"\" title=\"COLABORADORES PRESIDENCIA SEPRESAC 3\" aria-label=\"COLABORADORES PRESIDENCIA SEPRESAC 3\" class=\"img-responsive wp-image-109402\" srcset=\"https:\/\/sertv.gob.pa\/nacionalfm\/wp-content\/uploads\/sites\/6\/2025\/06\/COLABORADORES-PRESIDENCIA-SEPRESAC-3-200x111.jpeg 200w, https:\/\/sertv.gob.pa\/nacionalfm\/wp-content\/uploads\/sites\/6\/2025\/06\/COLABORADORES-PRESIDENCIA-SEPRESAC-3-400x223.jpeg 400w, https:\/\/sertv.gob.pa\/nacionalfm\/wp-content\/uploads\/sites\/6\/2025\/06\/COLABORADORES-PRESIDENCIA-SEPRESAC-3.jpeg 600w\" sizes=\"(min-width: 2200px) 100vw, (min-width: 784px) 363px, (min-width: 712px) 545px, (min-width: 640px) 712px, \" \/><\/a><\/div><\/div><div style=\"padding:5px;\" class=\"fusion-grid-column fusion-gallery-column fusion-gallery-column-3 hover-type-none\"><div class=\"fusion-gallery-image\"><a href=\"https:\/\/sertv.gob.pa\/nacionalfm\/wp-content\/uploads\/sites\/6\/2025\/06\/COLABORADORES-PRESIDENCIA-SEPRESAC-4.jpeg\" rel=\"noreferrer\" data-rel=\"iLightbox[gallery_image_1]\" class=\"fusion-lightbox\" target=\"_self\"><img decoding=\"async\" src=\"https:\/\/sertv.gob.pa\/nacionalfm\/wp-content\/uploads\/sites\/6\/2025\/06\/COLABORADORES-PRESIDENCIA-SEPRESAC-4.jpeg\" width=\"600\" height=\"402\" alt=\"\" title=\"COLABORADORES PRESIDENCIA SEPRESAC 4\" aria-label=\"COLABORADORES PRESIDENCIA SEPRESAC 4\" class=\"img-responsive wp-image-109403\" srcset=\"https:\/\/sertv.gob.pa\/nacionalfm\/wp-content\/uploads\/sites\/6\/2025\/06\/COLABORADORES-PRESIDENCIA-SEPRESAC-4-200x134.jpeg 200w, https:\/\/sertv.gob.pa\/nacionalfm\/wp-content\/uploads\/sites\/6\/2025\/06\/COLABORADORES-PRESIDENCIA-SEPRESAC-4-400x268.jpeg 400w, https:\/\/sertv.gob.pa\/nacionalfm\/wp-content\/uploads\/sites\/6\/2025\/06\/COLABORADORES-PRESIDENCIA-SEPRESAC-4.jpeg 600w\" sizes=\"(min-width: 2200px) 100vw, (min-width: 784px) 363px, (min-width: 712px) 545px, (min-width: 640px) 712px, \" \/><\/a><\/div><\/div><div class=\"clearfix\"><\/div><div style=\"padding:5px;\" class=\"fusion-grid-column fusion-gallery-column fusion-gallery-column-3 hover-type-none\"><div class=\"fusion-gallery-image\"><a href=\"https:\/\/sertv.gob.pa\/nacionalfm\/wp-content\/uploads\/sites\/6\/2025\/06\/COLABORADORES-PRESIDENCIA-SEPRESAC-5.jpeg\" rel=\"noreferrer\" data-rel=\"iLightbox[gallery_image_1]\" class=\"fusion-lightbox\" target=\"_self\"><img decoding=\"async\" src=\"https:\/\/sertv.gob.pa\/nacionalfm\/wp-content\/uploads\/sites\/6\/2025\/06\/COLABORADORES-PRESIDENCIA-SEPRESAC-5.jpeg\" width=\"600\" height=\"400\" alt=\"\" title=\"COLABORADORES PRESIDENCIA SEPRESAC 5\" aria-label=\"COLABORADORES PRESIDENCIA SEPRESAC 5\" class=\"img-responsive wp-image-109404\" srcset=\"https:\/\/sertv.gob.pa\/nacionalfm\/wp-content\/uploads\/sites\/6\/2025\/06\/COLABORADORES-PRESIDENCIA-SEPRESAC-5-200x133.jpeg 200w, https:\/\/sertv.gob.pa\/nacionalfm\/wp-content\/uploads\/sites\/6\/2025\/06\/COLABORADORES-PRESIDENCIA-SEPRESAC-5-400x267.jpeg 400w, https:\/\/sertv.gob.pa\/nacionalfm\/wp-content\/uploads\/sites\/6\/2025\/06\/COLABORADORES-PRESIDENCIA-SEPRESAC-5.jpeg 600w\" sizes=\"(min-width: 2200px) 100vw, (min-width: 784px) 363px, (min-width: 712px) 545px, (min-width: 640px) 712px, \" \/><\/a><\/div><\/div><\/div><\/div><\/div><\/div><\/div><\/div>\n","protected":false},"excerpt":{"rendered":"<p>Como parte de las acciones para impulsar una ciudadan\u00eda m\u00e1s consciente e involucrada en el proceso constituyente, la Secretar\u00eda Presidencial para la Reorganizac&#8230;<\/p>\n","protected":false},"author":9,"featured_media":109399,"comment_status":"closed","ping_status":"closed","sticky":false,"template":"","format":"standard","meta":{"footnotes":""},"categories":[2],"tags":[],"class_list":["post-109351","post","type-post","status-publish","format-standard","has-post-thumbnail","hentry","category-nacionales"],"_links":{"self":[{"href":"https:\/\/sertv.gob.pa\/nacionalfm\/wp-json\/wp\/v2\/posts\/109351","targetHints":{"allow":["GET"]}}],"collection":[{"href":"https:\/\/sertv.gob.pa\/nacionalfm\/wp-json\/wp\/v2\/posts"}],"about":[{"href":"https:\/\/sertv.gob.pa\/nacionalfm\/wp-json\/wp\/v2\/types\/post"}],"author":[{"embeddable":true,"href":"https:\/\/sertv.gob.pa\/nacionalfm\/wp-json\/wp\/v2\/users\/9"}],"replies":[{"embeddable":true,"href":"https:\/\/sertv.gob.pa\/nacionalfm\/wp-json\/wp\/v2\/comments?post=109351"}],"version-history":[{"count":2,"href":"https:\/\/sertv.gob.pa\/nacionalfm\/wp-json\/wp\/v2\/posts\/109351\/revisions"}],"predecessor-version":[{"id":109405,"href":"https:\/\/sertv.gob.pa\/nacionalfm\/wp-json\/wp\/v2\/posts\/109351\/revisions\/109405"}],"wp:featuredmedia":[{"embeddable":true,"href":"https:\/\/sertv.gob.pa\/nacionalfm\/wp-json\/wp\/v2\/media\/109399"}],"wp:attachment":[{"href":"https:\/\/sertv.gob.pa\/nacionalfm\/wp-json\/wp\/v2\/media?parent=109351"}],"wp:term":[{"taxonomy":"category","embeddable":true,"href":"https:\/\/sertv.gob.pa\/nacionalfm\/wp-json\/wp\/v2\/categories?post=109351"},{"taxonomy":"post_tag","embeddable":true,"href":"https:\/\/sertv.gob.pa\/nacionalfm\/wp-json\/wp\/v2\/tags?post=109351"}],"curies":[{"name":"wp","href":"https:\/\/api.w.org\/{rel}","templated":true}]}}