{"id":109354,"date":"2025-06-26T09:22:58","date_gmt":"2025-06-26T14:22:58","guid":{"rendered":"https:\/\/sertv.gob.pa\/nacionalfm\/?p=109354"},"modified":"2025-06-26T09:30:56","modified_gmt":"2025-06-26T14:30:56","slug":"presidente-de-panama-jose-raul-mulino-realiza-viaje-a-sevilla-espana-para-reuniones-con-el-presidente-sanchez-el-bid-y-la-caf","status":"publish","type":"post","link":"https:\/\/sertv.gob.pa\/nacionalfm\/presidente-de-panama-jose-raul-mulino-realiza-viaje-a-sevilla-espana-para-reuniones-con-el-presidente-sanchez-el-bid-y-la-caf\/","title":{"rendered":"Presidente de Panam\u00e1, Jos\u00e9 Ra\u00fal Mulino, realiza viaje a Sevilla, Espa\u00f1a para reuniones con el presidente S\u00e1nchez, el BID y la CAF"},"content":{"rendered":"<div class=\"fusion-fullwidth fullwidth-box fusion-builder-row-1 fusion-flex-container has-pattern-background has-mask-background nonhundred-percent-fullwidth non-hundred-percent-height-scrolling\" style=\"--awb-border-radius-top-left:0px;--awb-border-radius-top-right:0px;--awb-border-radius-bottom-right:0px;--awb-border-radius-bottom-left:0px;--awb-flex-wrap:wrap;\" ><div class=\"fusion-builder-row fusion-row fusion-flex-align-items-flex-start fusion-flex-content-wrap\" style=\"max-width:1144px;margin-left: calc(-4% \/ 2 );margin-right: calc(-4% \/ 2 );\"><div class=\"fusion-layout-column fusion_builder_column fusion-builder-column-0 fusion_builder_column_1_1 1_1 fusion-flex-column\" style=\"--awb-bg-size:cover;--awb-width-large:100%;--awb-margin-top-large:0px;--awb-spacing-right-large:1.92%;--awb-margin-bottom-large:20px;--awb-spacing-left-large:1.92%;--awb-width-medium:100%;--awb-order-medium:0;--awb-spacing-right-medium:1.92%;--awb-spacing-left-medium:1.92%;--awb-width-small:100%;--awb-order-small:0;--awb-spacing-right-small:1.92%;--awb-spacing-left-small:1.92%;\"><div class=\"fusion-column-wrapper fusion-column-has-shadow fusion-flex-justify-content-flex-start fusion-content-layout-column\"><div class=\"fusion-text fusion-text-1\" style=\"--awb-content-alignment:justify;\"><ul>\n<li><strong>Durante esta gira oficial, se har\u00e1n importantes anuncios econ\u00f3micos. Adem\u00e1s, el mandatario Mulino, sostendr\u00e1 una audiencia bilateral con el rey de Espa\u00f1a y otra con el presidente de Ecuador.<\/strong><\/li>\n<\/ul>\n<p><em><strong>El presidente de la Rep\u00fablica de Panam\u00e1, Jos\u00e9 Ra\u00fal Mulino, iniciar\u00e1 este viernes, 27 de junio, una visita oficial a la ciudad de Sevilla, Espa\u00f1a, por invitaci\u00f3n directa del mandatario espa\u00f1ol, Pedro S\u00e1nchez, en el pre\u00e1mbulo de la IV Conferencia Internacional sobre Financiaci\u00f3n para el Desarrollo (FfD4) de la Organizaci\u00f3n de Naciones Unidas (ONU).<\/strong><\/em><\/p>\n<p><strong>Este evento, se trata de una cita a la que, extraoficialmente, asistir\u00e1n 50 jefes de Estado, entre estos: los de Colombia, Uruguay, Bolivia, Honduras, Sud\u00e1frica, Ecuador, Ucrania, y la presidenta de la Comisi\u00f3n Europea, Ursula Von der Leyen.<\/strong><\/p>\n<p><strong>Hay que destacar, que adem\u00e1s del encuentro con el presidente de Espa\u00f1a, donde se abordar\u00e1n temas de: cooperaci\u00f3n, comercio e inversiones, Mulino, participar\u00e1 de varios encuentros econ\u00f3micos de alto nivel en Sevilla, entre ellos, una invitaci\u00f3n del presidente del Banco Interamericano de Desarrollo (BID), Ilan Goldfajn, en donde se anunciar\u00e1 el apoyo para que Panam\u00e1, se adhiera a la Organizaci\u00f3n para la Cooperaci\u00f3n y el Desarrollo Econ\u00f3micos (OCDE), un grupo de 38 pa\u00edses que comparten experiencias y buenas pr\u00e1cticas para mejorar sus pol\u00edticas p\u00fablicas.<\/strong><\/p>\n<p><strong>Es importante resaltar, que el mandatario paname\u00f1o, tambi\u00e9n ser\u00e1 uno de los oradores de una conferencia empresarial organizada por el Banco de Desarrollo de Am\u00e9rica Latina y el Caribe (CAF) en Sevilla, donde se anunciar\u00e1 de manera oficial que Panam\u00e1 ser\u00e1 sede, por segundo a\u00f1o consecutivo, del pr\u00f3ximo Foro Econ\u00f3mico de Am\u00e9rica Latina, organizado por esta corporaci\u00f3n financiera internacional.<\/strong><\/p>\n<p><strong>De igual modo, durante esta visita oficial, el presidente Jos\u00e9 Ra\u00fal Mulino, sostendr\u00e1 una audiencia bilateral con el rey de Espa\u00f1a, Felipe IV, a fin de ratificar los lazos de amistad entre ambos pa\u00edses.Tambi\u00e9n, Mulino sostendr\u00e1 dentro de su agenda una reuni\u00f3n bilateral con el presidente de Ecuador, Daniel Noboa.<\/strong><\/p>\n<p><strong>El presidente Mulino, participa de esta misi\u00f3n en Sevilla acompa\u00f1ado de la primera dama, Maricel Cohen de Mulino; el canciller, Javier Mart\u00ednez Acha; el ministro de Econom\u00eda y Finanzas, Felipe Chapman; y la secretaria de Asuntos Econ\u00f3micos, Kristelle Getzler.<\/strong><\/p>\n<p><strong>El regreso del presidente Mulino a Panam\u00e1, ser\u00e1 este domingo 29 de junio, una vez cumpla con su agenda oficial.<\/strong><\/p>\n<\/div><\/div><\/div><\/div><\/div>\n","protected":false},"excerpt":{"rendered":"<p>&#8230;<\/p>\n","protected":false},"author":9,"featured_media":109356,"comment_status":"closed","ping_status":"closed","sticky":false,"template":"","format":"standard","meta":{"footnotes":""},"categories":[2],"tags":[],"class_list":["post-109354","post","type-post","status-publish","format-standard","has-post-thumbnail","hentry","category-nacionales"],"_links":{"self":[{"href":"https:\/\/sertv.gob.pa\/nacionalfm\/wp-json\/wp\/v2\/posts\/109354","targetHints":{"allow":["GET"]}}],"collection":[{"href":"https:\/\/sertv.gob.pa\/nacionalfm\/wp-json\/wp\/v2\/posts"}],"about":[{"href":"https:\/\/sertv.gob.pa\/nacionalfm\/wp-json\/wp\/v2\/types\/post"}],"author":[{"embeddable":true,"href":"https:\/\/sertv.gob.pa\/nacionalfm\/wp-json\/wp\/v2\/users\/9"}],"replies":[{"embeddable":true,"href":"https:\/\/sertv.gob.pa\/nacionalfm\/wp-json\/wp\/v2\/comments?post=109354"}],"version-history":[{"count":2,"href":"https:\/\/sertv.gob.pa\/nacionalfm\/wp-json\/wp\/v2\/posts\/109354\/revisions"}],"predecessor-version":[{"id":109357,"href":"https:\/\/sertv.gob.pa\/nacionalfm\/wp-json\/wp\/v2\/posts\/109354\/revisions\/109357"}],"wp:featuredmedia":[{"embeddable":true,"href":"https:\/\/sertv.gob.pa\/nacionalfm\/wp-json\/wp\/v2\/media\/109356"}],"wp:attachment":[{"href":"https:\/\/sertv.gob.pa\/nacionalfm\/wp-json\/wp\/v2\/media?parent=109354"}],"wp:term":[{"taxonomy":"category","embeddable":true,"href":"https:\/\/sertv.gob.pa\/nacionalfm\/wp-json\/wp\/v2\/categories?post=109354"},{"taxonomy":"post_tag","embeddable":true,"href":"https:\/\/sertv.gob.pa\/nacionalfm\/wp-json\/wp\/v2\/tags?post=109354"}],"curies":[{"name":"wp","href":"https:\/\/api.w.org\/{rel}","templated":true}]}}