{"id":109358,"date":"2025-06-26T09:45:49","date_gmt":"2025-06-26T14:45:49","guid":{"rendered":"https:\/\/sertv.gob.pa\/nacionalfm\/?p=109358"},"modified":"2025-06-26T09:45:51","modified_gmt":"2025-06-26T14:45:51","slug":"contraloria-y-meduca-aclaran-situacion-de-docentes-con-licencia-sin-sueldo-y-anuncian-rectificaciones-de-ser-necesarias","status":"publish","type":"post","link":"https:\/\/sertv.gob.pa\/nacionalfm\/contraloria-y-meduca-aclaran-situacion-de-docentes-con-licencia-sin-sueldo-y-anuncian-rectificaciones-de-ser-necesarias\/","title":{"rendered":"Contralor\u00eda y MEDUCA aclaran situaci\u00f3n de docentes con licencia sin sueldo y anuncian rectificaciones de ser necesarias"},"content":{"rendered":"<div class=\"fusion-fullwidth fullwidth-box fusion-builder-row-1 fusion-flex-container has-pattern-background has-mask-background nonhundred-percent-fullwidth non-hundred-percent-height-scrolling\" style=\"--awb-border-radius-top-left:0px;--awb-border-radius-top-right:0px;--awb-border-radius-bottom-right:0px;--awb-border-radius-bottom-left:0px;--awb-flex-wrap:wrap;\" ><div class=\"fusion-builder-row fusion-row fusion-flex-align-items-flex-start fusion-flex-content-wrap\" style=\"max-width:1144px;margin-left: calc(-4% \/ 2 );margin-right: calc(-4% \/ 2 );\"><div class=\"fusion-layout-column fusion_builder_column fusion-builder-column-0 fusion_builder_column_1_1 1_1 fusion-flex-column\" style=\"--awb-bg-size:cover;--awb-width-large:100%;--awb-margin-top-large:0px;--awb-spacing-right-large:1.92%;--awb-margin-bottom-large:20px;--awb-spacing-left-large:1.92%;--awb-width-medium:100%;--awb-order-medium:0;--awb-spacing-right-medium:1.92%;--awb-spacing-left-medium:1.92%;--awb-width-small:100%;--awb-order-small:0;--awb-spacing-right-small:1.92%;--awb-spacing-left-small:1.92%;\"><div class=\"fusion-column-wrapper fusion-column-has-shadow fusion-flex-justify-content-flex-start fusion-content-layout-column\"><div class=\"fusion-text fusion-text-1\" style=\"--awb-content-alignment:justify;\"><p>En atenci\u00f3n a reportes sobre docentes que figuran en el sistema como beneficiarios de \u00ablicencia sin sueldo por investigaci\u00f3n\u00bb, pese a haber trabajado con regularidad, el Contralor General de la Rep\u00fablica, Anel Flores, y la Ministra de Educaci\u00f3n, Lucy Molinar, sostuvieron una reuni\u00f3n de coordinaci\u00f3n para revisar la situaci\u00f3n y garantizar el respeto a los derechos laborales.<\/p>\n<p>Durante el encuentro, se reafirm\u00f3 que la Contralor\u00eda General de la Rep\u00fablica mantiene un proceso activo de verificaci\u00f3n, con base en los listados oficiales que el Ministerio de Educaci\u00f3n (Meduca) remite de forma progresiva. Estos listados certifican qu\u00e9 educadores continuaron prestando sus servicios y no participaron del reciente paro. Con esta informaci\u00f3n validada, se actualiza el sistema de planillas y se realizan los ajustes que correspondan.<\/p>\n<p>Se aclar\u00f3, adem\u00e1s, que en las plataformas p\u00fablicas de consulta, por limitaciones t\u00e9cnicas del sistema, el tipo de licencia se presenta de manera resumida como \u00ablicencia sin sueldo\u00bb. Sin embargo, el sistema interno de la Contralor\u00eda muestra el detalle completo de cada registro, donde se especifica claramente si se trata de una \u00ablicencia sin sueldo por investigaci\u00f3n\u00bb. Esta diferencia en la visualizaci\u00f3n no implica una falta de transparencia, sino una cuesti\u00f3n de dise\u00f1o t\u00e9cnico en la plataforma p\u00fablica.<\/p>\n<p>Ambas instituciones reiteraron que todo docente que haya cumplido con sus funciones recibir\u00e1 su pago conforme a lo establecido. En los casos donde se detecten inconsistencias, se har\u00e1n las correcciones necesarias, en estricto cumplimiento de la ley y con pleno respeto a los derechos de los trabajadores del sector educativo.<\/p>\n<p><strong>Panam\u00e1, 25 de junio de 2025<\/strong><\/p>\n<\/div><div class=\"awb-gallery-wrapper awb-gallery-wrapper-1 button-span-no\" style=\"--more-btn-alignment:center;\"><div style=\"margin:-5px;--awb-bordersize:0px;\" class=\"fusion-gallery fusion-gallery-container fusion-grid-3 fusion-columns-total-1 fusion-gallery-layout-grid fusion-gallery-1\"><div style=\"padding:5px;\" class=\"fusion-grid-column fusion-gallery-column fusion-gallery-column-3 hover-type-none\"><div class=\"fusion-gallery-image\"><a href=\"https:\/\/sertv.gob.pa\/nacionalfm\/wp-content\/uploads\/sites\/6\/2025\/06\/CONTRALORIA-Y-MEDUCA-ACLARAN-SITUACION-DE-DOCENTES-CON-LICENCIA-SIN-SUELDO-Y-ANUNCIAN-RECTIFICACIONES-DE-SER-NECESARIAS.jpeg\" rel=\"noreferrer\" data-rel=\"iLightbox[gallery_image_1]\" class=\"fusion-lightbox\" target=\"_self\"><img decoding=\"async\" src=\"https:\/\/sertv.gob.pa\/nacionalfm\/wp-content\/uploads\/sites\/6\/2025\/06\/CONTRALORIA-Y-MEDUCA-ACLARAN-SITUACION-DE-DOCENTES-CON-LICENCIA-SIN-SUELDO-Y-ANUNCIAN-RECTIFICACIONES-DE-SER-NECESARIAS.jpeg\" width=\"480\" height=\"600\" alt=\"\" title=\"CONTRALOR\u00cdA Y MEDUCA ACLARAN SITUACI\u00d3N DE DOCENTES CON LICENCIA SIN SUELDO Y ANUNCIAN RECTIFICACIONES DE SER NECESARIAS\" aria-label=\"CONTRALOR\u00cdA Y MEDUCA ACLARAN SITUACI\u00d3N DE DOCENTES CON LICENCIA SIN SUELDO Y ANUNCIAN RECTIFICACIONES DE SER NECESARIAS\" class=\"img-responsive wp-image-109359\" srcset=\"https:\/\/sertv.gob.pa\/nacionalfm\/wp-content\/uploads\/sites\/6\/2025\/06\/CONTRALORIA-Y-MEDUCA-ACLARAN-SITUACION-DE-DOCENTES-CON-LICENCIA-SIN-SUELDO-Y-ANUNCIAN-RECTIFICACIONES-DE-SER-NECESARIAS-200x250.jpeg 200w, https:\/\/sertv.gob.pa\/nacionalfm\/wp-content\/uploads\/sites\/6\/2025\/06\/CONTRALORIA-Y-MEDUCA-ACLARAN-SITUACION-DE-DOCENTES-CON-LICENCIA-SIN-SUELDO-Y-ANUNCIAN-RECTIFICACIONES-DE-SER-NECESARIAS-400x500.jpeg 400w, https:\/\/sertv.gob.pa\/nacionalfm\/wp-content\/uploads\/sites\/6\/2025\/06\/CONTRALORIA-Y-MEDUCA-ACLARAN-SITUACION-DE-DOCENTES-CON-LICENCIA-SIN-SUELDO-Y-ANUNCIAN-RECTIFICACIONES-DE-SER-NECESARIAS.jpeg 480w\" sizes=\"(min-width: 2200px) 100vw, (min-width: 784px) 363px, (min-width: 712px) 545px, (min-width: 640px) 712px, \" \/><\/a><\/div><\/div><\/div><\/div><\/div><\/div><\/div><\/div>\n","protected":false},"excerpt":{"rendered":"<p>&#8230;<\/p>\n","protected":false},"author":9,"featured_media":109241,"comment_status":"closed","ping_status":"closed","sticky":false,"template":"","format":"standard","meta":{"footnotes":""},"categories":[2],"tags":[],"class_list":["post-109358","post","type-post","status-publish","format-standard","has-post-thumbnail","hentry","category-nacionales"],"_links":{"self":[{"href":"https:\/\/sertv.gob.pa\/nacionalfm\/wp-json\/wp\/v2\/posts\/109358","targetHints":{"allow":["GET"]}}],"collection":[{"href":"https:\/\/sertv.gob.pa\/nacionalfm\/wp-json\/wp\/v2\/posts"}],"about":[{"href":"https:\/\/sertv.gob.pa\/nacionalfm\/wp-json\/wp\/v2\/types\/post"}],"author":[{"embeddable":true,"href":"https:\/\/sertv.gob.pa\/nacionalfm\/wp-json\/wp\/v2\/users\/9"}],"replies":[{"embeddable":true,"href":"https:\/\/sertv.gob.pa\/nacionalfm\/wp-json\/wp\/v2\/comments?post=109358"}],"version-history":[{"count":1,"href":"https:\/\/sertv.gob.pa\/nacionalfm\/wp-json\/wp\/v2\/posts\/109358\/revisions"}],"predecessor-version":[{"id":109360,"href":"https:\/\/sertv.gob.pa\/nacionalfm\/wp-json\/wp\/v2\/posts\/109358\/revisions\/109360"}],"wp:featuredmedia":[{"embeddable":true,"href":"https:\/\/sertv.gob.pa\/nacionalfm\/wp-json\/wp\/v2\/media\/109241"}],"wp:attachment":[{"href":"https:\/\/sertv.gob.pa\/nacionalfm\/wp-json\/wp\/v2\/media?parent=109358"}],"wp:term":[{"taxonomy":"category","embeddable":true,"href":"https:\/\/sertv.gob.pa\/nacionalfm\/wp-json\/wp\/v2\/categories?post=109358"},{"taxonomy":"post_tag","embeddable":true,"href":"https:\/\/sertv.gob.pa\/nacionalfm\/wp-json\/wp\/v2\/tags?post=109358"}],"curies":[{"name":"wp","href":"https:\/\/api.w.org\/{rel}","templated":true}]}}