{"id":109361,"date":"2025-06-26T10:19:30","date_gmt":"2025-06-26T15:19:30","guid":{"rendered":"https:\/\/sertv.gob.pa\/nacionalfm\/?p=109361"},"modified":"2025-06-26T10:19:31","modified_gmt":"2025-06-26T15:19:31","slug":"autoridades-en-reunion-abordan-sobre-la-tecnologia-digital-para-potenciar-la-simplificacion-de-los-procesos","status":"publish","type":"post","link":"https:\/\/sertv.gob.pa\/nacionalfm\/autoridades-en-reunion-abordan-sobre-la-tecnologia-digital-para-potenciar-la-simplificacion-de-los-procesos\/","title":{"rendered":"Autoridades en reuni\u00f3n, abordan sobre la tecnolog\u00eda digital para potenciar la simplificaci\u00f3n de los procesos"},"content":{"rendered":"<p><em><strong>Una digitalizaci\u00f3n adaptada a las necesidades de los beneficiarios con la finalidad de crear condiciones amigables y reforzar la transparencia fueron los prop\u00f3sitos abordados en una reuni\u00f3n con representantes de la Secretar\u00eda de Digitalizaci\u00f3n y Simplificaci\u00f3n de Procesos de la Presidencia (SEDIGE); la Autoridad Nacional para la Innovaci\u00f3n Gubernamental (AIG) y, el Instituto para la Formaci\u00f3n y Aprovechamiento de Recursos Humanos (IFARHU).<\/strong><\/em><\/p>\n<p><strong>En este Sentido, Julio German Arias, secretario del SEDIGE, explic\u00f3 c\u00f3mo, mediante el desarrollo de la hora de ruta, han llevado adelante el mapeo y los procesos para elaborar y presentar las propuestas de mejoras mediante la utilizaci\u00f3n de plataformas digitales. La identificaci\u00f3n de cada uno de los procedimientos, que puedan ser modificado, forma parte esencial en el desarrollo de los proyectos de digitalizaci\u00f3n trazados para el IFARHU y, por ello, est\u00e1n presentes en la agenda de trabajo, indic\u00f3 Arias.<\/strong><\/p>\n<p><strong>MIentras tanto, el director de la AIG, Adolfo F\u00e1brega, habl\u00f3 referente a la importancia de facilitar los tr\u00e1mites a los beneficiarios de la instituci\u00f3n financiera, eliminando los procesos presenciales y tambi\u00e9n las filas innecesarias. La oportunidad fue propicia para mencionar la plataforma digital Panam\u00e1 Conecta cuya base es la interoperabilidad entre instituciones y la creaci\u00f3n de una clave \u00fanica de acceso para los ciudadanos.<\/strong><\/p>\n<p><strong>Cabe mencionar, que para el director general del Instituto para la Formaci\u00f3n y Aprovechamiento de Recursos Humanos (IFARHU), Carlos Godoy, todas las propuestas, que procuren digitalizar los procesos para agilizar la gesti\u00f3n de modo adaptables y transparente, son favorables para los usuarios del IFARHU.<\/strong><\/p>\n<p><strong>Actualmente, el director Godoy, junto a su equipo de trabajo, sigue fomentando las soluciones y las condiciones m\u00e1s convenientes para los beneficiarios.<\/strong><\/p>\n","protected":false},"excerpt":{"rendered":"<p>Una digitalizaci\u00f3n adaptada a las necesidades de los beneficiarios con la finalidad de crear condiciones amigables y reforzar la transparencia fueron los prop\u00f3s&#8230;<\/p>\n","protected":false},"author":9,"featured_media":109362,"comment_status":"closed","ping_status":"closed","sticky":false,"template":"","format":"standard","meta":{"footnotes":""},"categories":[2],"tags":[],"class_list":["post-109361","post","type-post","status-publish","format-standard","has-post-thumbnail","hentry","category-nacionales"],"_links":{"self":[{"href":"https:\/\/sertv.gob.pa\/nacionalfm\/wp-json\/wp\/v2\/posts\/109361","targetHints":{"allow":["GET"]}}],"collection":[{"href":"https:\/\/sertv.gob.pa\/nacionalfm\/wp-json\/wp\/v2\/posts"}],"about":[{"href":"https:\/\/sertv.gob.pa\/nacionalfm\/wp-json\/wp\/v2\/types\/post"}],"author":[{"embeddable":true,"href":"https:\/\/sertv.gob.pa\/nacionalfm\/wp-json\/wp\/v2\/users\/9"}],"replies":[{"embeddable":true,"href":"https:\/\/sertv.gob.pa\/nacionalfm\/wp-json\/wp\/v2\/comments?post=109361"}],"version-history":[{"count":2,"href":"https:\/\/sertv.gob.pa\/nacionalfm\/wp-json\/wp\/v2\/posts\/109361\/revisions"}],"predecessor-version":[{"id":109364,"href":"https:\/\/sertv.gob.pa\/nacionalfm\/wp-json\/wp\/v2\/posts\/109361\/revisions\/109364"}],"wp:featuredmedia":[{"embeddable":true,"href":"https:\/\/sertv.gob.pa\/nacionalfm\/wp-json\/wp\/v2\/media\/109362"}],"wp:attachment":[{"href":"https:\/\/sertv.gob.pa\/nacionalfm\/wp-json\/wp\/v2\/media?parent=109361"}],"wp:term":[{"taxonomy":"category","embeddable":true,"href":"https:\/\/sertv.gob.pa\/nacionalfm\/wp-json\/wp\/v2\/categories?post=109361"},{"taxonomy":"post_tag","embeddable":true,"href":"https:\/\/sertv.gob.pa\/nacionalfm\/wp-json\/wp\/v2\/tags?post=109361"}],"curies":[{"name":"wp","href":"https:\/\/api.w.org\/{rel}","templated":true}]}}