{"id":109365,"date":"2025-06-26T11:22:05","date_gmt":"2025-06-26T16:22:05","guid":{"rendered":"https:\/\/sertv.gob.pa\/nacionalfm\/?p=109365"},"modified":"2025-06-26T11:22:06","modified_gmt":"2025-06-26T16:22:06","slug":"en-panama-avanza-segunda-fase-del-programa-mi-primer-empleo-tras-entrevistas-laborales-a-jovenes-realizadas-por-mcdonalds","status":"publish","type":"post","link":"https:\/\/sertv.gob.pa\/nacionalfm\/en-panama-avanza-segunda-fase-del-programa-mi-primer-empleo-tras-entrevistas-laborales-a-jovenes-realizadas-por-mcdonalds\/","title":{"rendered":"En Panam\u00e1, avanza segunda fase del programa \u00abMi Primer Empleo\u00bb, tras entrevistas laborales a j\u00f3venes, realizadas por McDonald\u2019s"},"content":{"rendered":"<ul>\n<li><em><strong>Treinta j\u00f3venes participaron en entrevistas laborales como parte del proceso de preselecci\u00f3n del programa Mi Primer Empleo, impulsado por el <\/strong><\/em><br \/>\n<em><strong>Gobierno del presidente, Jos\u00e9 Ra\u00fal Mulino, para generar oportunidades reales de inserci\u00f3n laboral.<\/strong><\/em><\/li>\n<\/ul>\n<p>&nbsp;<\/p>\n<p><em><strong>Con paso firme hacia un pa\u00eds que le ofrece m\u00e1s oportunidades para su juventud, el Gobierno Nacional de Panam\u00e1, avanza con la segunda fase del programa Mi Primer Empleo, facilitando de esta forma ,entrevistas laborales con Arcos Dorados, operadora de la franquicia McDonald\u2019s, en el marco del proceso previo a la selecci\u00f3n de pasantes.<\/strong><\/em><\/p>\n<p><strong>Esta iniciativa, ejecutada por el personal del Ministerio de Trabajo y Desarrollo Laboral de Panam\u00e1 (MITRADEL), el cual est\u00e1 bajo la direcci\u00f3n de la ministra, Jackeline Mu\u00f1oz de Cede\u00f1o, forma parte de una estrategia clara a fin de vincular a j\u00f3venes previamente capacitados con empresas comprometidas con la inserci\u00f3n laboral juvenil. Con este hecho, el gobierno del presidente de Panam\u00e1, Jos\u00e9 Ra\u00fal Mulino, reafirma as\u00ed, su compromiso con el derecho al trabajo y el desarrollo de una econom\u00eda m\u00e1s inclusiva y din\u00e1mica.<\/strong><\/p>\n<p><strong>Los j\u00f3venes, entre 18 y 24 a\u00f1os, recibieron formaci\u00f3n en competencias esenciales como: responsabilidad, trabajo en equipo, comunicaci\u00f3n efectiva y puntualidad, para asegurar una inserci\u00f3n exitosa en el mercado laboral. Durante la jornada, aplicaron para pasant\u00edas supervisadas en \u00e1reas operativas de McDonald\u2019s, incluyendo atenci\u00f3n al cliente, cocina, caja, limpieza, mantenimiento y servicio en auto r\u00e1pido.<\/strong><\/p>\n<p><strong>Es bueno destacar, que el secretario general del MITRADEL, Dar\u00edo Sandoval Shaik, acompa\u00f1\u00f3 el proceso e igualmente motiv\u00f3 a los j\u00f3venes a dar lo mejor de s\u00ed: \u201cEl \u00e9xito depende del compromiso y empe\u00f1o que cada uno demuestre. \u00a1Felicidades a todos!\u201d, afirm\u00f3.<\/strong><\/p>\n<p><strong>Para la segunda fase de Mi Primer Empleo, se proyecta la creaci\u00f3n de 2,780 nuevas plazas laborales en todo el pa\u00eds. Mientras que, en su primera etapa, el programa consigui\u00f3 insertar de manera formal a 624 j\u00f3venes, confirmando el impacto real de esta pol\u00edtica p\u00fablica transformadora.<\/strong><\/p>\n<p><strong>Con esta iniciativa, el gobierno contin\u00faa construyendo un Panam\u00e1 con m\u00e1s oportunidades, impulsando a la juventud y fortaleciendo el empleo digno en beneficio de todas las familias paname\u00f1as.<\/strong><\/p>\n","protected":false},"excerpt":{"rendered":"<p>Treinta j\u00f3venes participaron en entrevistas laborales como parte del proceso de preselecci\u00f3n del programa Mi Primer Empleo, impulsado por el<br \/>\nGobierno del pres&#8230;<\/p>\n","protected":false},"author":9,"featured_media":109366,"comment_status":"closed","ping_status":"closed","sticky":false,"template":"","format":"standard","meta":{"footnotes":""},"categories":[2],"tags":[],"class_list":["post-109365","post","type-post","status-publish","format-standard","has-post-thumbnail","hentry","category-nacionales"],"_links":{"self":[{"href":"https:\/\/sertv.gob.pa\/nacionalfm\/wp-json\/wp\/v2\/posts\/109365","targetHints":{"allow":["GET"]}}],"collection":[{"href":"https:\/\/sertv.gob.pa\/nacionalfm\/wp-json\/wp\/v2\/posts"}],"about":[{"href":"https:\/\/sertv.gob.pa\/nacionalfm\/wp-json\/wp\/v2\/types\/post"}],"author":[{"embeddable":true,"href":"https:\/\/sertv.gob.pa\/nacionalfm\/wp-json\/wp\/v2\/users\/9"}],"replies":[{"embeddable":true,"href":"https:\/\/sertv.gob.pa\/nacionalfm\/wp-json\/wp\/v2\/comments?post=109365"}],"version-history":[{"count":2,"href":"https:\/\/sertv.gob.pa\/nacionalfm\/wp-json\/wp\/v2\/posts\/109365\/revisions"}],"predecessor-version":[{"id":109368,"href":"https:\/\/sertv.gob.pa\/nacionalfm\/wp-json\/wp\/v2\/posts\/109365\/revisions\/109368"}],"wp:featuredmedia":[{"embeddable":true,"href":"https:\/\/sertv.gob.pa\/nacionalfm\/wp-json\/wp\/v2\/media\/109366"}],"wp:attachment":[{"href":"https:\/\/sertv.gob.pa\/nacionalfm\/wp-json\/wp\/v2\/media?parent=109365"}],"wp:term":[{"taxonomy":"category","embeddable":true,"href":"https:\/\/sertv.gob.pa\/nacionalfm\/wp-json\/wp\/v2\/categories?post=109365"},{"taxonomy":"post_tag","embeddable":true,"href":"https:\/\/sertv.gob.pa\/nacionalfm\/wp-json\/wp\/v2\/tags?post=109365"}],"curies":[{"name":"wp","href":"https:\/\/api.w.org\/{rel}","templated":true}]}}