{"id":109369,"date":"2025-06-26T12:27:16","date_gmt":"2025-06-26T17:27:16","guid":{"rendered":"https:\/\/sertv.gob.pa\/nacionalfm\/?p=109369"},"modified":"2025-06-26T12:27:18","modified_gmt":"2025-06-26T17:27:18","slug":"panama-recibe-este-jueves-la-presidencia-pro-tempore-del-cac-evento-que-se-realiza-en-costa-rica","status":"publish","type":"post","link":"https:\/\/sertv.gob.pa\/nacionalfm\/panama-recibe-este-jueves-la-presidencia-pro-tempore-del-cac-evento-que-se-realiza-en-costa-rica\/","title":{"rendered":"Panam\u00e1 recibe este jueves, la presidencia pro t\u00e9mpore del CAC, evento que se realiza en Costa Rica"},"content":{"rendered":"<div class=\"fusion-fullwidth fullwidth-box fusion-builder-row-1 fusion-flex-container nonhundred-percent-fullwidth non-hundred-percent-height-scrolling\" style=\"--awb-border-radius-top-left:0px;--awb-border-radius-top-right:0px;--awb-border-radius-bottom-right:0px;--awb-border-radius-bottom-left:0px;--awb-flex-wrap:wrap;\" ><div class=\"fusion-builder-row fusion-row fusion-flex-align-items-flex-start fusion-flex-content-wrap\" style=\"max-width:1144px;margin-left: calc(-4% \/ 2 );margin-right: calc(-4% \/ 2 );\"><div class=\"fusion-layout-column fusion_builder_column fusion-builder-column-0 fusion_builder_column_1_1 1_1 fusion-flex-column\" style=\"--awb-bg-size:cover;--awb-width-large:100%;--awb-margin-top-large:0px;--awb-spacing-right-large:1.92%;--awb-margin-bottom-large:0px;--awb-spacing-left-large:1.92%;--awb-width-medium:100%;--awb-spacing-right-medium:1.92%;--awb-spacing-left-medium:1.92%;--awb-width-small:100%;--awb-spacing-right-small:1.92%;--awb-spacing-left-small:1.92%;\"><div class=\"fusion-column-wrapper fusion-flex-justify-content-flex-start fusion-content-layout-column\"><div class=\"fusion-text fusion-text-1\" style=\"--awb-content-alignment:justify;\"><p><em><strong>El ministro de Desarrollo Agropecuario de Panam\u00e1 (MIDA) , Roberto Linares, en representaci\u00f3n de Panam\u00e1, recibir\u00e1 la presidencia del Consejo Agropecuario Centroamericano este jueves 26 de junio, durante la Reuni\u00f3n Ordinaria del Consejo de Ministros de Agricultura del Sistema de la Integraci\u00f3n Centroamericana (SICA), que se lleva a cabo en Costa Rica.<\/strong><\/em><\/p>\n<p><strong>Para este evento, el ministro Linares, est\u00e1 acompa\u00f1ado de Diana de Guinard, jefa de la Oficina de Cooperaci\u00f3n T\u00e9cnica Internacional del MIDA; junto a ministros de Agricultura de Panam\u00e1, Costa Rica, Belice, Honduras, El Salvador, Guatemala y Rep\u00fablica Dominicana.<\/strong><\/p>\n<p><strong>Para la apertura de este evento, se cont\u00f3 con la participaci\u00f3n de Fernando Vargas, Viceministro de Agricultura y Ganader\u00eda de Costa Rica, en representaci\u00f3n de la Presidencia Pro Tempore del CAC.<\/strong><\/p>\n<p><strong>En el marco del encuentro, se dio la bienvenida oficial a Mar\u00eda Fernanda Rivera, nueva Ministra de Agricultura de Guatemala, quien se incorpora al Consejo.<\/strong><\/p>\n<p><strong>Hay que mencionar, que en la primera jornada, Lucrecia Rodr\u00edguez, Secretaria Ejecutiva del CAC present\u00f3 un informe detallado de las acciones ejecutadas en el primer semestre de 2025, con avances importantes en el Agronegocio para impulsar las mipymes y desarrollo empresarial del sector agropecuario.<\/strong><\/p>\n<p><strong>Igualmente en la adaptaci\u00f3n al clima mediante la implementaci\u00f3n de la agenda AFOLU y programas como la Iniciativa Emblem\u00e1tica (flagship) .<\/strong><\/p>\n<p><strong>El informe, detall\u00f3 el desarrollo rural y agricultura familiar, en el que se destaca el progreso en la reserva de Granos B\u00e1sicos para fortalecer la seguridad alimentaria regional.<\/strong><\/p>\n<p><strong>Otro punto, fue la Innovaci\u00f3n y desarrollo con acciones para la transformaci\u00f3n productiva y tecnol\u00f3gica del agro. As\u00ed como, el Fortalecimiento institucional: para mejorar capacidades nacionales y regionales en la gesti\u00f3n agropecuaria.<\/strong><\/p>\n<p><strong>Durante la primera parte de la sesi\u00f3n, se destacaron los avances del Programa Centroamericano de Agropaisajes Sostenibles (PCAAS) presentado por el BID; el informe sobre el apoyo t\u00e9cnico y operativo para el control del gusano barrenador, presentado por el IICA; y los progresos en la elaboraci\u00f3n de mapas de zonificaci\u00f3n agroclim\u00e1tica, a cargo de la FAO.<\/strong><\/p>\n<p><strong>Es importante resaltar, que esta reuni\u00f3n, representa un paso clave para fortalecer la gobernanza regional del sector agr\u00edcola, promover la resiliencia clim\u00e1tica y mejorar las condiciones de vida de las familias productoras de la regi\u00f3n.<\/strong><\/p>\n<\/div><div class=\"awb-gallery-wrapper awb-gallery-wrapper-1 button-span-no\" style=\"--more-btn-alignment:center;\"><div style=\"margin:-5px;--awb-bordersize:0px;\" class=\"fusion-gallery fusion-gallery-container fusion-grid-3 fusion-columns-total-2 fusion-gallery-layout-grid fusion-gallery-1\"><div style=\"padding:5px;\" class=\"fusion-grid-column fusion-gallery-column fusion-gallery-column-3 hover-type-none\"><div class=\"fusion-gallery-image\"><a href=\"https:\/\/sertv.gob.pa\/nacionalfm\/wp-content\/uploads\/sites\/6\/2025\/06\/CAC-2.jpg\" rel=\"noreferrer\" data-rel=\"iLightbox[gallery_image_1]\" class=\"fusion-lightbox\" target=\"_self\"><img decoding=\"async\" src=\"https:\/\/sertv.gob.pa\/nacionalfm\/wp-content\/uploads\/sites\/6\/2025\/06\/CAC-2.jpg\" width=\"600\" height=\"450\" alt=\"\" title=\"CAC 2\" aria-label=\"CAC 2\" class=\"img-responsive wp-image-109371\" srcset=\"https:\/\/sertv.gob.pa\/nacionalfm\/wp-content\/uploads\/sites\/6\/2025\/06\/CAC-2-200x150.jpg 200w, https:\/\/sertv.gob.pa\/nacionalfm\/wp-content\/uploads\/sites\/6\/2025\/06\/CAC-2-400x300.jpg 400w, https:\/\/sertv.gob.pa\/nacionalfm\/wp-content\/uploads\/sites\/6\/2025\/06\/CAC-2.jpg 600w\" sizes=\"(min-width: 2200px) 100vw, (min-width: 784px) 363px, (min-width: 712px) 545px, (min-width: 640px) 712px, \" \/><\/a><\/div><\/div><div style=\"padding:5px;\" class=\"fusion-grid-column fusion-gallery-column fusion-gallery-column-3 hover-type-none\"><div class=\"fusion-gallery-image\"><a href=\"https:\/\/sertv.gob.pa\/nacionalfm\/wp-content\/uploads\/sites\/6\/2025\/06\/CAC-3.jpg\" rel=\"noreferrer\" data-rel=\"iLightbox[gallery_image_1]\" class=\"fusion-lightbox\" target=\"_self\"><img decoding=\"async\" src=\"https:\/\/sertv.gob.pa\/nacionalfm\/wp-content\/uploads\/sites\/6\/2025\/06\/CAC-3.jpg\" width=\"600\" height=\"450\" alt=\"\" title=\"CAC 3\" aria-label=\"CAC 3\" class=\"img-responsive wp-image-109372\" srcset=\"https:\/\/sertv.gob.pa\/nacionalfm\/wp-content\/uploads\/sites\/6\/2025\/06\/CAC-3-200x150.jpg 200w, https:\/\/sertv.gob.pa\/nacionalfm\/wp-content\/uploads\/sites\/6\/2025\/06\/CAC-3-400x300.jpg 400w, https:\/\/sertv.gob.pa\/nacionalfm\/wp-content\/uploads\/sites\/6\/2025\/06\/CAC-3.jpg 600w\" sizes=\"(min-width: 2200px) 100vw, (min-width: 784px) 363px, (min-width: 712px) 545px, (min-width: 640px) 712px, \" \/><\/a><\/div><\/div><\/div><\/div><\/div><\/div><\/div><\/div>\n","protected":false},"excerpt":{"rendered":"<p>&#8230;<\/p>\n","protected":false},"author":9,"featured_media":109370,"comment_status":"closed","ping_status":"closed","sticky":false,"template":"","format":"standard","meta":{"footnotes":""},"categories":[2],"tags":[],"class_list":["post-109369","post","type-post","status-publish","format-standard","has-post-thumbnail","hentry","category-nacionales"],"_links":{"self":[{"href":"https:\/\/sertv.gob.pa\/nacionalfm\/wp-json\/wp\/v2\/posts\/109369","targetHints":{"allow":["GET"]}}],"collection":[{"href":"https:\/\/sertv.gob.pa\/nacionalfm\/wp-json\/wp\/v2\/posts"}],"about":[{"href":"https:\/\/sertv.gob.pa\/nacionalfm\/wp-json\/wp\/v2\/types\/post"}],"author":[{"embeddable":true,"href":"https:\/\/sertv.gob.pa\/nacionalfm\/wp-json\/wp\/v2\/users\/9"}],"replies":[{"embeddable":true,"href":"https:\/\/sertv.gob.pa\/nacionalfm\/wp-json\/wp\/v2\/comments?post=109369"}],"version-history":[{"count":2,"href":"https:\/\/sertv.gob.pa\/nacionalfm\/wp-json\/wp\/v2\/posts\/109369\/revisions"}],"predecessor-version":[{"id":109374,"href":"https:\/\/sertv.gob.pa\/nacionalfm\/wp-json\/wp\/v2\/posts\/109369\/revisions\/109374"}],"wp:featuredmedia":[{"embeddable":true,"href":"https:\/\/sertv.gob.pa\/nacionalfm\/wp-json\/wp\/v2\/media\/109370"}],"wp:attachment":[{"href":"https:\/\/sertv.gob.pa\/nacionalfm\/wp-json\/wp\/v2\/media?parent=109369"}],"wp:term":[{"taxonomy":"category","embeddable":true,"href":"https:\/\/sertv.gob.pa\/nacionalfm\/wp-json\/wp\/v2\/categories?post=109369"},{"taxonomy":"post_tag","embeddable":true,"href":"https:\/\/sertv.gob.pa\/nacionalfm\/wp-json\/wp\/v2\/tags?post=109369"}],"curies":[{"name":"wp","href":"https:\/\/api.w.org\/{rel}","templated":true}]}}