{"id":109391,"date":"2025-06-26T14:12:12","date_gmt":"2025-06-26T19:12:12","guid":{"rendered":"https:\/\/sertv.gob.pa\/nacionalfm\/?p=109391"},"modified":"2025-06-26T14:12:13","modified_gmt":"2025-06-26T19:12:13","slug":"el-mop-se-une-para-lanzar-en-panama-la-campana-mundial-de-la-onu-haz-una-declaracion-de-seguridad-para-fortalecer-la-seguridad-vial","status":"publish","type":"post","link":"https:\/\/sertv.gob.pa\/nacionalfm\/el-mop-se-une-para-lanzar-en-panama-la-campana-mundial-de-la-onu-haz-una-declaracion-de-seguridad-para-fortalecer-la-seguridad-vial\/","title":{"rendered":"El MOP se une para lanzar en Panam\u00e1 la campa\u00f1a mundial de la ONU \u201cHaz una declaraci\u00f3n de seguridad\u201d para fortalecer la seguridad vial\u00bb"},"content":{"rendered":"<div class=\"fusion-fullwidth fullwidth-box fusion-builder-row-1 fusion-flex-container nonhundred-percent-fullwidth non-hundred-percent-height-scrolling\" style=\"--awb-border-radius-top-left:0px;--awb-border-radius-top-right:0px;--awb-border-radius-bottom-right:0px;--awb-border-radius-bottom-left:0px;--awb-flex-wrap:wrap;\" ><div class=\"fusion-builder-row fusion-row fusion-flex-align-items-flex-start fusion-flex-content-wrap\" style=\"max-width:1144px;margin-left: calc(-4% \/ 2 );margin-right: calc(-4% \/ 2 );\"><div class=\"fusion-layout-column fusion_builder_column fusion-builder-column-0 fusion_builder_column_1_1 1_1 fusion-flex-column\" style=\"--awb-bg-size:cover;--awb-width-large:100%;--awb-margin-top-large:0px;--awb-spacing-right-large:1.92%;--awb-margin-bottom-large:0px;--awb-spacing-left-large:1.92%;--awb-width-medium:100%;--awb-spacing-right-medium:1.92%;--awb-spacing-left-medium:1.92%;--awb-width-small:100%;--awb-spacing-right-small:1.92%;--awb-spacing-left-small:1.92%;\"><div class=\"fusion-column-wrapper fusion-flex-justify-content-flex-start fusion-content-layout-column\"><div class=\"fusion-text fusion-text-1\" style=\"--awb-content-alignment:justify;\"><p><em><strong>Con el prop\u00f3sito principal de promover entornos urbanos m\u00e1s seguros y reforzar las acciones de seguridad vial, instituciones p\u00fablicas, organizaciones privadas y organismos internacionales, se unieron para lanzar en Panam\u00e1, la campa\u00f1a global de las Naciones Unidas (ONU) \u201cHaz una declaraci\u00f3n de seguridad\u201d, desarrollada en alianza estrat\u00e9gica con JCDecaux.<\/strong><\/em><\/p>\n<p><strong>Esta iniciativa fue presentada este mi\u00e9rcoles, 25 de junio, en la Ciudad del Saber, con la participaci\u00f3n del ministro de Obras P\u00fablicas de Panam\u00e1, Jos\u00e9 Luis Andrade Alegre, quien reiter\u00f3 el compromiso del Gobierno Nacional de adoptar medidas concretas para salvar vidas en las v\u00edas del pa\u00eds.<\/strong><\/p>\n<p><strong>Al momento de su intervenci\u00f3n, el ministro Andrade, subray\u00f3 que la siniestralidad vial contin\u00faa siendo la principal causa de muerte a nivel mundial. En este sentido, destac\u00f3 que, la campa\u00f1a busca crear conciencia sobre la necesidad de respetar las normas de tr\u00e1nsito, prevenir accidentes de tr\u00e1nsito mediante una cultura ciudadana responsable, y fortalecer la planificaci\u00f3n vial con infraestructura segura.<\/strong><\/p>\n<p><strong>\u201cEsta causa nos une como pa\u00eds y nos compromete a garantizar vidas m\u00e1s seguras en calles, avenidas y carreteras. La seguridad vial es un desaf\u00edo constante; cada a\u00f1o, m\u00e1s de 1.3 millones de personas fallecen en las v\u00edas del mundo, muchas de ellas por causas que pueden prevenirse\u201d, expres\u00f3 el ministro.<\/strong><\/p>\n<p><strong>Las acciones como: reforzar la aplicaci\u00f3n de la ley, invertir en educaci\u00f3n y transporte p\u00fablico, mejorar la infraestructura vial y la seguridad de los veh\u00edculos, desarrollar ciclov\u00edas y caminos peatonales \u2014especialmente alrededor de escuelas\u2014 y mejorar la atenci\u00f3n m\u00e9dica post siniestro son parte de un sistema de movilidad seguro y eficiente que se promueve.<\/strong><\/p>\n<p><strong>Este evento cont\u00f3 con la presencia de destacadas personalidades nacionales e internacionales, entre ellos: Sim\u00f3n Henr\u00edquez D\u00edaz, director de la Autoridad de Tr\u00e1nsito y Transporte Terrestre (ATTT); Ana Patricia Gra\u00e7a, coordinadora residente del Sistema de las Naciones Unidas en Panam\u00e1; Jean Todt, enviado especial del Secretario General de las Naciones Unidas para la Seguridad Vial; Jean-Charles Decaux, codirector general global de JCDecaux; y Jorge Arosemena, presidente ejecutivo de la Fundaci\u00f3n Ciudad del Saber.<\/strong><\/p>\n<p><strong>El Ministerio de Obras P\u00fablicas de Panam\u00e1 (MOP) reafirma su compromiso de continuar trabajando por una infraestructura vial segura y moderna. Todos los nuevos proyectos de ampliaci\u00f3n vial, se ejecutan con la se\u00f1alizaci\u00f3n vertical y horizontal exigida por la ATTT, en cumplimiento con los est\u00e1ndares de seguridad vial nacional e internacional.<\/strong><\/p>\n<\/div><div class=\"awb-gallery-wrapper awb-gallery-wrapper-1 button-span-no\" style=\"--more-btn-alignment:center;\"><div style=\"margin:-5px;--awb-bordersize:0px;\" class=\"fusion-gallery fusion-gallery-container fusion-grid-3 fusion-columns-total-4 fusion-gallery-layout-grid fusion-gallery-1\"><div style=\"padding:5px;\" class=\"fusion-grid-column fusion-gallery-column fusion-gallery-column-3 hover-type-none\"><div class=\"fusion-gallery-image\"><a href=\"https:\/\/sertv.gob.pa\/nacionalfm\/wp-content\/uploads\/sites\/6\/2025\/06\/MOP-CAMPANA-2.jpeg\" rel=\"noreferrer\" data-rel=\"iLightbox[gallery_image_1]\" class=\"fusion-lightbox\" target=\"_self\"><img decoding=\"async\" src=\"https:\/\/sertv.gob.pa\/nacionalfm\/wp-content\/uploads\/sites\/6\/2025\/06\/MOP-CAMPANA-2.jpeg\" width=\"600\" height=\"400\" alt=\"\" title=\"MOP CAMPA\u00d1A 2\" aria-label=\"MOP CAMPA\u00d1A 2\" class=\"img-responsive wp-image-109393\" srcset=\"https:\/\/sertv.gob.pa\/nacionalfm\/wp-content\/uploads\/sites\/6\/2025\/06\/MOP-CAMPANA-2-200x133.jpeg 200w, https:\/\/sertv.gob.pa\/nacionalfm\/wp-content\/uploads\/sites\/6\/2025\/06\/MOP-CAMPANA-2-400x267.jpeg 400w, https:\/\/sertv.gob.pa\/nacionalfm\/wp-content\/uploads\/sites\/6\/2025\/06\/MOP-CAMPANA-2.jpeg 600w\" sizes=\"(min-width: 2200px) 100vw, (min-width: 784px) 363px, (min-width: 712px) 545px, (min-width: 640px) 712px, \" \/><\/a><\/div><\/div><div style=\"padding:5px;\" class=\"fusion-grid-column fusion-gallery-column fusion-gallery-column-3 hover-type-none\"><div class=\"fusion-gallery-image\"><a href=\"https:\/\/sertv.gob.pa\/nacionalfm\/wp-content\/uploads\/sites\/6\/2025\/06\/MOP-CAMPANA-3.jpeg\" rel=\"noreferrer\" data-rel=\"iLightbox[gallery_image_1]\" class=\"fusion-lightbox\" target=\"_self\"><img decoding=\"async\" src=\"https:\/\/sertv.gob.pa\/nacionalfm\/wp-content\/uploads\/sites\/6\/2025\/06\/MOP-CAMPANA-3.jpeg\" width=\"600\" height=\"378\" alt=\"\" title=\"MOP CAMPA\u00d1A 3\" aria-label=\"MOP CAMPA\u00d1A 3\" class=\"img-responsive wp-image-109394\" srcset=\"https:\/\/sertv.gob.pa\/nacionalfm\/wp-content\/uploads\/sites\/6\/2025\/06\/MOP-CAMPANA-3-200x126.jpeg 200w, https:\/\/sertv.gob.pa\/nacionalfm\/wp-content\/uploads\/sites\/6\/2025\/06\/MOP-CAMPANA-3-400x252.jpeg 400w, https:\/\/sertv.gob.pa\/nacionalfm\/wp-content\/uploads\/sites\/6\/2025\/06\/MOP-CAMPANA-3.jpeg 600w\" sizes=\"(min-width: 2200px) 100vw, (min-width: 784px) 363px, (min-width: 712px) 545px, (min-width: 640px) 712px, \" \/><\/a><\/div><\/div><div style=\"padding:5px;\" class=\"fusion-grid-column fusion-gallery-column fusion-gallery-column-3 hover-type-none\"><div class=\"fusion-gallery-image\"><a href=\"https:\/\/sertv.gob.pa\/nacionalfm\/wp-content\/uploads\/sites\/6\/2025\/06\/MOP-CAMPANA-4.jpeg\" rel=\"noreferrer\" data-rel=\"iLightbox[gallery_image_1]\" class=\"fusion-lightbox\" target=\"_self\"><img decoding=\"async\" src=\"https:\/\/sertv.gob.pa\/nacionalfm\/wp-content\/uploads\/sites\/6\/2025\/06\/MOP-CAMPANA-4.jpeg\" width=\"600\" height=\"400\" alt=\"\" title=\"MOP CAMPA\u00d1A 4\" aria-label=\"MOP CAMPA\u00d1A 4\" class=\"img-responsive wp-image-109395\" srcset=\"https:\/\/sertv.gob.pa\/nacionalfm\/wp-content\/uploads\/sites\/6\/2025\/06\/MOP-CAMPANA-4-200x133.jpeg 200w, https:\/\/sertv.gob.pa\/nacionalfm\/wp-content\/uploads\/sites\/6\/2025\/06\/MOP-CAMPANA-4-400x267.jpeg 400w, https:\/\/sertv.gob.pa\/nacionalfm\/wp-content\/uploads\/sites\/6\/2025\/06\/MOP-CAMPANA-4.jpeg 600w\" sizes=\"(min-width: 2200px) 100vw, (min-width: 784px) 363px, (min-width: 712px) 545px, (min-width: 640px) 712px, \" \/><\/a><\/div><\/div><div class=\"clearfix\"><\/div><div style=\"padding:5px;\" class=\"fusion-grid-column fusion-gallery-column fusion-gallery-column-3 hover-type-none\"><div class=\"fusion-gallery-image\"><a href=\"https:\/\/sertv.gob.pa\/nacionalfm\/wp-content\/uploads\/sites\/6\/2025\/06\/MOP-CAMPANA-5.jpeg\" rel=\"noreferrer\" data-rel=\"iLightbox[gallery_image_1]\" class=\"fusion-lightbox\" target=\"_self\"><img decoding=\"async\" src=\"https:\/\/sertv.gob.pa\/nacionalfm\/wp-content\/uploads\/sites\/6\/2025\/06\/MOP-CAMPANA-5.jpeg\" width=\"600\" height=\"400\" alt=\"\" title=\"MOP CAMPA\u00d1A 5\" aria-label=\"MOP CAMPA\u00d1A 5\" class=\"img-responsive wp-image-109396\" srcset=\"https:\/\/sertv.gob.pa\/nacionalfm\/wp-content\/uploads\/sites\/6\/2025\/06\/MOP-CAMPANA-5-200x133.jpeg 200w, https:\/\/sertv.gob.pa\/nacionalfm\/wp-content\/uploads\/sites\/6\/2025\/06\/MOP-CAMPANA-5-400x267.jpeg 400w, https:\/\/sertv.gob.pa\/nacionalfm\/wp-content\/uploads\/sites\/6\/2025\/06\/MOP-CAMPANA-5.jpeg 600w\" sizes=\"(min-width: 2200px) 100vw, (min-width: 784px) 363px, (min-width: 712px) 545px, (min-width: 640px) 712px, \" \/><\/a><\/div><\/div><\/div><\/div><\/div><\/div><\/div><\/div>\n","protected":false},"excerpt":{"rendered":"<p>&#8230;<\/p>\n","protected":false},"author":9,"featured_media":109392,"comment_status":"closed","ping_status":"closed","sticky":false,"template":"","format":"standard","meta":{"footnotes":""},"categories":[2],"tags":[],"class_list":["post-109391","post","type-post","status-publish","format-standard","has-post-thumbnail","hentry","category-nacionales"],"_links":{"self":[{"href":"https:\/\/sertv.gob.pa\/nacionalfm\/wp-json\/wp\/v2\/posts\/109391","targetHints":{"allow":["GET"]}}],"collection":[{"href":"https:\/\/sertv.gob.pa\/nacionalfm\/wp-json\/wp\/v2\/posts"}],"about":[{"href":"https:\/\/sertv.gob.pa\/nacionalfm\/wp-json\/wp\/v2\/types\/post"}],"author":[{"embeddable":true,"href":"https:\/\/sertv.gob.pa\/nacionalfm\/wp-json\/wp\/v2\/users\/9"}],"replies":[{"embeddable":true,"href":"https:\/\/sertv.gob.pa\/nacionalfm\/wp-json\/wp\/v2\/comments?post=109391"}],"version-history":[{"count":2,"href":"https:\/\/sertv.gob.pa\/nacionalfm\/wp-json\/wp\/v2\/posts\/109391\/revisions"}],"predecessor-version":[{"id":109398,"href":"https:\/\/sertv.gob.pa\/nacionalfm\/wp-json\/wp\/v2\/posts\/109391\/revisions\/109398"}],"wp:featuredmedia":[{"embeddable":true,"href":"https:\/\/sertv.gob.pa\/nacionalfm\/wp-json\/wp\/v2\/media\/109392"}],"wp:attachment":[{"href":"https:\/\/sertv.gob.pa\/nacionalfm\/wp-json\/wp\/v2\/media?parent=109391"}],"wp:term":[{"taxonomy":"category","embeddable":true,"href":"https:\/\/sertv.gob.pa\/nacionalfm\/wp-json\/wp\/v2\/categories?post=109391"},{"taxonomy":"post_tag","embeddable":true,"href":"https:\/\/sertv.gob.pa\/nacionalfm\/wp-json\/wp\/v2\/tags?post=109391"}],"curies":[{"name":"wp","href":"https:\/\/api.w.org\/{rel}","templated":true}]}}