{"id":109406,"date":"2025-06-27T08:37:47","date_gmt":"2025-06-27T13:37:47","guid":{"rendered":"https:\/\/sertv.gob.pa\/nacionalfm\/?p=109406"},"modified":"2025-06-27T08:37:49","modified_gmt":"2025-06-27T13:37:49","slug":"presidente-de-panama-jose-raul-mulino-sanciona-ley-que-transparenta-el-proceso-de-becas-en-ciencia","status":"publish","type":"post","link":"https:\/\/sertv.gob.pa\/nacionalfm\/presidente-de-panama-jose-raul-mulino-sanciona-ley-que-transparenta-el-proceso-de-becas-en-ciencia\/","title":{"rendered":"Presidente de Panam\u00e1, Jos\u00e9 Ra\u00fal Mulino, sanciona ley que transparenta el proceso de becas en ciencia"},"content":{"rendered":"<div class=\"fusion-fullwidth fullwidth-box fusion-builder-row-1 fusion-flex-container has-pattern-background has-mask-background nonhundred-percent-fullwidth non-hundred-percent-height-scrolling\" style=\"--awb-border-radius-top-left:0px;--awb-border-radius-top-right:0px;--awb-border-radius-bottom-right:0px;--awb-border-radius-bottom-left:0px;--awb-flex-wrap:wrap;\" ><div class=\"fusion-builder-row fusion-row fusion-flex-align-items-flex-start fusion-flex-content-wrap\" style=\"max-width:1144px;margin-left: calc(-4% \/ 2 );margin-right: calc(-4% \/ 2 );\"><div class=\"fusion-layout-column fusion_builder_column fusion-builder-column-0 fusion_builder_column_1_1 1_1 fusion-flex-column\" style=\"--awb-bg-size:cover;--awb-width-large:100%;--awb-margin-top-large:0px;--awb-spacing-right-large:1.92%;--awb-margin-bottom-large:20px;--awb-spacing-left-large:1.92%;--awb-width-medium:100%;--awb-order-medium:0;--awb-spacing-right-medium:1.92%;--awb-spacing-left-medium:1.92%;--awb-width-small:100%;--awb-order-small:0;--awb-spacing-right-small:1.92%;--awb-spacing-left-small:1.92%;\"><div class=\"fusion-column-wrapper fusion-column-has-shadow fusion-flex-justify-content-flex-start fusion-content-layout-column\"><div class=\"fusion-text fusion-text-1\" style=\"--awb-content-alignment:justify;\"><p><em><strong>El presidente de la Rep\u00fablica de Panam\u00e1, Jos\u00e9 Ra\u00fal Mulino, sancion\u00f3 este jueves, la Ley 475 de 25 de junio de 2025, \u201cque faculta a la Secretar\u00eda Nacional de Ciencia, Tecnolog\u00eda e Innovaci\u00f3n (SENACYT), para transparentar, regular y administrar sus programas de becas\u201d.<\/strong><\/em><\/p>\n<p><strong>Esta nueva ley, pone en claro el proceso para la solicitud y otorgamiento de becas en ciencia que concede SENACYT.<\/strong><\/p>\n<p><strong>Es bueno enfatizar, que el programa de becas de esta instituci\u00f3n, tiene como objetivo brindar apoyo econ\u00f3mico a becarios seleccionados por sus m\u00e9ritos acad\u00e9micos, para la realizaci\u00f3n de estudios de alto nivel especializados en \u00e1reas alineadas con los requerimientos del pa\u00eds.<\/strong><\/p>\n<p><strong>De este modo, la ley establece los lineamientos sobre las convocatorias p\u00fablicas, los requisitos para solicitar, el proceso de evaluaci\u00f3n de los solicitantes, la conformaci\u00f3n de la Comisi\u00f3n Evaluadora Externa, los criterios de evaluaci\u00f3n de los participantes, los montos de las becas y los desembolsos, as\u00ed como las cancelaciones y sanciones por incumplimiento.<\/strong><\/p>\n<\/div><\/div><\/div><\/div><\/div>\n","protected":false},"excerpt":{"rendered":"<p>&#8230;<\/p>\n","protected":false},"author":9,"featured_media":109407,"comment_status":"closed","ping_status":"closed","sticky":false,"template":"","format":"standard","meta":{"footnotes":""},"categories":[2],"tags":[],"class_list":["post-109406","post","type-post","status-publish","format-standard","has-post-thumbnail","hentry","category-nacionales"],"_links":{"self":[{"href":"https:\/\/sertv.gob.pa\/nacionalfm\/wp-json\/wp\/v2\/posts\/109406","targetHints":{"allow":["GET"]}}],"collection":[{"href":"https:\/\/sertv.gob.pa\/nacionalfm\/wp-json\/wp\/v2\/posts"}],"about":[{"href":"https:\/\/sertv.gob.pa\/nacionalfm\/wp-json\/wp\/v2\/types\/post"}],"author":[{"embeddable":true,"href":"https:\/\/sertv.gob.pa\/nacionalfm\/wp-json\/wp\/v2\/users\/9"}],"replies":[{"embeddable":true,"href":"https:\/\/sertv.gob.pa\/nacionalfm\/wp-json\/wp\/v2\/comments?post=109406"}],"version-history":[{"count":2,"href":"https:\/\/sertv.gob.pa\/nacionalfm\/wp-json\/wp\/v2\/posts\/109406\/revisions"}],"predecessor-version":[{"id":109409,"href":"https:\/\/sertv.gob.pa\/nacionalfm\/wp-json\/wp\/v2\/posts\/109406\/revisions\/109409"}],"wp:featuredmedia":[{"embeddable":true,"href":"https:\/\/sertv.gob.pa\/nacionalfm\/wp-json\/wp\/v2\/media\/109407"}],"wp:attachment":[{"href":"https:\/\/sertv.gob.pa\/nacionalfm\/wp-json\/wp\/v2\/media?parent=109406"}],"wp:term":[{"taxonomy":"category","embeddable":true,"href":"https:\/\/sertv.gob.pa\/nacionalfm\/wp-json\/wp\/v2\/categories?post=109406"},{"taxonomy":"post_tag","embeddable":true,"href":"https:\/\/sertv.gob.pa\/nacionalfm\/wp-json\/wp\/v2\/tags?post=109406"}],"curies":[{"name":"wp","href":"https:\/\/api.w.org\/{rel}","templated":true}]}}