{"id":109410,"date":"2025-06-27T09:33:44","date_gmt":"2025-06-27T14:33:44","guid":{"rendered":"https:\/\/sertv.gob.pa\/nacionalfm\/?p=109410"},"modified":"2025-06-27T09:33:46","modified_gmt":"2025-06-27T14:33:46","slug":"mulino-llega-a-sevilla-espana-en-donde-desarrollara-una-valiosa-agenda-oficial","status":"publish","type":"post","link":"https:\/\/sertv.gob.pa\/nacionalfm\/mulino-llega-a-sevilla-espana-en-donde-desarrollara-una-valiosa-agenda-oficial\/","title":{"rendered":"Mulino llega a Sevilla, Espa\u00f1a en donde desarrollar\u00e1 una valiosa agenda oficial"},"content":{"rendered":"<div class=\"fusion-fullwidth fullwidth-box fusion-builder-row-1 fusion-flex-container has-pattern-background has-mask-background nonhundred-percent-fullwidth non-hundred-percent-height-scrolling\" style=\"--awb-border-radius-top-left:0px;--awb-border-radius-top-right:0px;--awb-border-radius-bottom-right:0px;--awb-border-radius-bottom-left:0px;--awb-flex-wrap:wrap;\" ><div class=\"fusion-builder-row fusion-row fusion-flex-align-items-flex-start fusion-flex-content-wrap\" style=\"max-width:1144px;margin-left: calc(-4% \/ 2 );margin-right: calc(-4% \/ 2 );\"><div class=\"fusion-layout-column fusion_builder_column fusion-builder-column-0 fusion_builder_column_1_1 1_1 fusion-flex-column\" style=\"--awb-bg-size:cover;--awb-width-large:100%;--awb-margin-top-large:0px;--awb-spacing-right-large:1.92%;--awb-margin-bottom-large:20px;--awb-spacing-left-large:1.92%;--awb-width-medium:100%;--awb-order-medium:0;--awb-spacing-right-medium:1.92%;--awb-spacing-left-medium:1.92%;--awb-width-small:100%;--awb-order-small:0;--awb-spacing-right-small:1.92%;--awb-spacing-left-small:1.92%;\"><div class=\"fusion-column-wrapper fusion-column-has-shadow fusion-flex-justify-content-flex-start fusion-content-layout-column\"><div class=\"fusion-text fusion-text-1\" style=\"--awb-content-alignment:justify;\"><p><strong>El Presidente de la Rep\u00fablica de Panam\u00e1, Jos\u00e9 Ra\u00fal Mulino, lleg\u00f3 este viernes, 27 de junio, a Sevilla para dar comienzo a una visita oficial, hasta el pr\u00f3ximo domingo.<\/strong><\/p>\n<p><strong>Seg\u00fan informes de la Presidencia, esta visita incluye encuentros de alto nivel, entre estos, una audiencia con el Rey Felipe IV, y reuniones con los mandatarios de Espa\u00f1a y Ecuador.<\/strong><\/p>\n<p><strong>Mulino, adem\u00e1s, sostendr\u00e1 un encuentro con la Presidenta de la Comisi\u00f3n Europea, Ursula Von der Leyen. Se trata de la m\u00e1xima representante de esta entidad considerada el brazo pol\u00edtico de los pa\u00edses de la Uni\u00f3n Europea, la cual recientemente recomend\u00f3 excluir a Panam\u00e1, de la lista de jurisdicciones de alto riesgo de blanqueo de capitales y financiamiento del terrorismo.<\/strong><\/p>\n<p><strong>Adem\u00e1s de estos encuentros bilaterales, el Presidente Mulino, participar\u00e1 como orador destacado del foro que lleva a cabo, el Banco de Desarrollo de Am\u00e9rica Latina y el Caribe (CAF) en Sevilla, as\u00ed como una reuni\u00f3n con el Presidente del Banco Interamericano de Desarrollo (BID), Ilan Goldfajn.<\/strong><\/p>\n<p><strong>Cabe enfatizar, que en ambos encuentros, se har\u00e1n importantes anuncios econ\u00f3micos en favor de Panam\u00e1.<\/strong><\/p>\n<p><strong>El Mandatario paname\u00f1o, lleg\u00f3 a Sevilla acompa\u00f1ado de la Primera Dama, Maricel Cohen de Mulino; el canciller, Javier Mart\u00ednez Acha; y la secretaria de Asuntos Econ\u00f3micos, Kristelle Getzler.<\/strong><\/p>\n<\/div><div class=\"awb-gallery-wrapper awb-gallery-wrapper-1 button-span-no\" style=\"--more-btn-alignment:center;\"><div style=\"margin:-5px;--awb-bordersize:0px;\" class=\"fusion-gallery fusion-gallery-container fusion-grid-3 fusion-columns-total-3 fusion-gallery-layout-grid fusion-gallery-1\"><div style=\"padding:5px;\" class=\"fusion-grid-column fusion-gallery-column fusion-gallery-column-3 hover-type-none\"><div class=\"fusion-gallery-image\"><a href=\"https:\/\/sertv.gob.pa\/nacionalfm\/wp-content\/uploads\/sites\/6\/2025\/06\/PRESIDENTE-MULINO-SEVILLA-2.jpeg\" rel=\"noreferrer\" data-rel=\"iLightbox[gallery_image_1]\" class=\"fusion-lightbox\" target=\"_self\"><img decoding=\"async\" src=\"https:\/\/sertv.gob.pa\/nacionalfm\/wp-content\/uploads\/sites\/6\/2025\/06\/PRESIDENTE-MULINO-SEVILLA-2.jpeg\" width=\"600\" height=\"400\" alt=\"\" title=\"PRESIDENTE MULINO SEVILLA 2\" aria-label=\"PRESIDENTE MULINO SEVILLA 2\" class=\"img-responsive wp-image-109412\" srcset=\"https:\/\/sertv.gob.pa\/nacionalfm\/wp-content\/uploads\/sites\/6\/2025\/06\/PRESIDENTE-MULINO-SEVILLA-2-200x133.jpeg 200w, https:\/\/sertv.gob.pa\/nacionalfm\/wp-content\/uploads\/sites\/6\/2025\/06\/PRESIDENTE-MULINO-SEVILLA-2-400x267.jpeg 400w, https:\/\/sertv.gob.pa\/nacionalfm\/wp-content\/uploads\/sites\/6\/2025\/06\/PRESIDENTE-MULINO-SEVILLA-2.jpeg 600w\" sizes=\"(min-width: 2200px) 100vw, (min-width: 784px) 363px, (min-width: 712px) 545px, (min-width: 640px) 712px, \" \/><\/a><\/div><\/div><div style=\"padding:5px;\" class=\"fusion-grid-column fusion-gallery-column fusion-gallery-column-3 hover-type-none\"><div class=\"fusion-gallery-image\"><a href=\"https:\/\/sertv.gob.pa\/nacionalfm\/wp-content\/uploads\/sites\/6\/2025\/06\/PRESIDENTE-MULINO-SEVILLA-3.jpeg\" rel=\"noreferrer\" data-rel=\"iLightbox[gallery_image_1]\" class=\"fusion-lightbox\" target=\"_self\"><img decoding=\"async\" src=\"https:\/\/sertv.gob.pa\/nacionalfm\/wp-content\/uploads\/sites\/6\/2025\/06\/PRESIDENTE-MULINO-SEVILLA-3.jpeg\" width=\"600\" height=\"400\" alt=\"\" title=\"PRESIDENTE MULINO SEVILLA 3\" aria-label=\"PRESIDENTE MULINO SEVILLA 3\" class=\"img-responsive wp-image-109413\" srcset=\"https:\/\/sertv.gob.pa\/nacionalfm\/wp-content\/uploads\/sites\/6\/2025\/06\/PRESIDENTE-MULINO-SEVILLA-3-200x133.jpeg 200w, https:\/\/sertv.gob.pa\/nacionalfm\/wp-content\/uploads\/sites\/6\/2025\/06\/PRESIDENTE-MULINO-SEVILLA-3-400x267.jpeg 400w, https:\/\/sertv.gob.pa\/nacionalfm\/wp-content\/uploads\/sites\/6\/2025\/06\/PRESIDENTE-MULINO-SEVILLA-3.jpeg 600w\" sizes=\"(min-width: 2200px) 100vw, (min-width: 784px) 363px, (min-width: 712px) 545px, (min-width: 640px) 712px, \" \/><\/a><\/div><\/div><div style=\"padding:5px;\" class=\"fusion-grid-column fusion-gallery-column fusion-gallery-column-3 hover-type-none\"><div class=\"fusion-gallery-image\"><a href=\"https:\/\/sertv.gob.pa\/nacionalfm\/wp-content\/uploads\/sites\/6\/2025\/06\/PRESIDENTE-MULINO-SEVILLA-4.jpeg\" rel=\"noreferrer\" data-rel=\"iLightbox[gallery_image_1]\" class=\"fusion-lightbox\" target=\"_self\"><img decoding=\"async\" src=\"https:\/\/sertv.gob.pa\/nacionalfm\/wp-content\/uploads\/sites\/6\/2025\/06\/PRESIDENTE-MULINO-SEVILLA-4.jpeg\" width=\"600\" height=\"400\" alt=\"\" title=\"PRESIDENTE MULINO SEVILLA 4\" aria-label=\"PRESIDENTE MULINO SEVILLA 4\" class=\"img-responsive wp-image-109414\" srcset=\"https:\/\/sertv.gob.pa\/nacionalfm\/wp-content\/uploads\/sites\/6\/2025\/06\/PRESIDENTE-MULINO-SEVILLA-4-200x133.jpeg 200w, https:\/\/sertv.gob.pa\/nacionalfm\/wp-content\/uploads\/sites\/6\/2025\/06\/PRESIDENTE-MULINO-SEVILLA-4-400x267.jpeg 400w, https:\/\/sertv.gob.pa\/nacionalfm\/wp-content\/uploads\/sites\/6\/2025\/06\/PRESIDENTE-MULINO-SEVILLA-4.jpeg 600w\" sizes=\"(min-width: 2200px) 100vw, (min-width: 784px) 363px, (min-width: 712px) 545px, (min-width: 640px) 712px, \" \/><\/a><\/div><\/div><div class=\"clearfix\"><\/div><\/div><\/div><\/div><\/div><\/div><\/div>\n","protected":false},"excerpt":{"rendered":"<p>&#8230;<\/p>\n","protected":false},"author":9,"featured_media":109411,"comment_status":"closed","ping_status":"closed","sticky":false,"template":"","format":"standard","meta":{"footnotes":""},"categories":[2],"tags":[],"class_list":["post-109410","post","type-post","status-publish","format-standard","has-post-thumbnail","hentry","category-nacionales"],"_links":{"self":[{"href":"https:\/\/sertv.gob.pa\/nacionalfm\/wp-json\/wp\/v2\/posts\/109410","targetHints":{"allow":["GET"]}}],"collection":[{"href":"https:\/\/sertv.gob.pa\/nacionalfm\/wp-json\/wp\/v2\/posts"}],"about":[{"href":"https:\/\/sertv.gob.pa\/nacionalfm\/wp-json\/wp\/v2\/types\/post"}],"author":[{"embeddable":true,"href":"https:\/\/sertv.gob.pa\/nacionalfm\/wp-json\/wp\/v2\/users\/9"}],"replies":[{"embeddable":true,"href":"https:\/\/sertv.gob.pa\/nacionalfm\/wp-json\/wp\/v2\/comments?post=109410"}],"version-history":[{"count":2,"href":"https:\/\/sertv.gob.pa\/nacionalfm\/wp-json\/wp\/v2\/posts\/109410\/revisions"}],"predecessor-version":[{"id":109416,"href":"https:\/\/sertv.gob.pa\/nacionalfm\/wp-json\/wp\/v2\/posts\/109410\/revisions\/109416"}],"wp:featuredmedia":[{"embeddable":true,"href":"https:\/\/sertv.gob.pa\/nacionalfm\/wp-json\/wp\/v2\/media\/109411"}],"wp:attachment":[{"href":"https:\/\/sertv.gob.pa\/nacionalfm\/wp-json\/wp\/v2\/media?parent=109410"}],"wp:term":[{"taxonomy":"category","embeddable":true,"href":"https:\/\/sertv.gob.pa\/nacionalfm\/wp-json\/wp\/v2\/categories?post=109410"},{"taxonomy":"post_tag","embeddable":true,"href":"https:\/\/sertv.gob.pa\/nacionalfm\/wp-json\/wp\/v2\/tags?post=109410"}],"curies":[{"name":"wp","href":"https:\/\/api.w.org\/{rel}","templated":true}]}}