{"id":109418,"date":"2025-06-27T10:08:56","date_gmt":"2025-06-27T15:08:56","guid":{"rendered":"https:\/\/sertv.gob.pa\/nacionalfm\/?p=109418"},"modified":"2025-06-27T10:08:57","modified_gmt":"2025-06-27T15:08:57","slug":"el-meduca-ha-ejecutado-estrategias-que-contribuyen-para-mejorar-el-aprendizaje-de-estudiantes-del-pais","status":"publish","type":"post","link":"https:\/\/sertv.gob.pa\/nacionalfm\/el-meduca-ha-ejecutado-estrategias-que-contribuyen-para-mejorar-el-aprendizaje-de-estudiantes-del-pais\/","title":{"rendered":"El MEDUCA, ha ejecutado estrategias que contribuyen para mejorar el aprendizaje de estudiantes del pa\u00eds"},"content":{"rendered":"<p><em><strong>Panam\u00e1 present\u00f3 avances importantes en los aprendizajes de lectura y matem\u00e1tica en estudiantes de 3\u00b0 y 6\u00b0 grado, seg\u00fan los resultados del estudio Regional Comparativo Explicativo (ERCE) Pospandemia, del Laboratorio Latinoamericano de Evaluaci\u00f3n de la Calidad de la Educaci\u00f3n (LLECE) de la UNESCO Santiago.<\/strong><\/em><\/p>\n<p><strong>Estos indicadores, reflejan un paso significativo que revierte la tendencia a la baja registrada entre 2013 y 2019; no obstante, la ministra de Educaci\u00f3n de Panam\u00e1, Lucy Molinar, manifest\u00f3 que, es necesario mantener un esfuerzo constante y coordinado para alcanzar los est\u00e1ndares regionales y cumplir con los objetivos internacionales de calidad educativa.<\/strong><\/p>\n<p><strong>Sobre el particular, la viceministra Acad\u00e9mica, Agnes de Cotes, explic\u00f3 que, el Ministerio de Educaci\u00f3n, enfoc\u00f3 su Plan Estrat\u00e9gico Institucional 2025-2029 en cuatro pilares; Calidad de la Educaci\u00f3n, Gesti\u00f3n Institucional, Educadores y Ambientes Escolares. Con el objetivo de garantizar que todos los alumnos del sistema educativo paname\u00f1o logren aprendizajes significativos para el desarrollo de su m\u00e1ximo potencial, a trav\u00e9s de una educaci\u00f3n socioemocional inclusiva, equitativa y de calidad.<\/strong><\/p>\n<p><strong>Asimismo, la implementaci\u00f3n del Sistema de Informaci\u00f3n Geogr\u00e1fica, MEDUCA (SIG), una herramienta tecnol\u00f3gica que integra de manera transparente la informaci\u00f3n acad\u00e9mica, administrativa y el seguimiento de los proyectos de infraestructura educativa, representa un avance para la gesti\u00f3n del sistema educativo nacional. Su uso contribuye a optimizar la planificaci\u00f3n, fortalecer los procesos institucionales y mejorar la asignaci\u00f3n de recursos, en beneficio de estudiantes, docentes y comunidades educativas en todo el pa\u00eds.<\/strong><\/p>\n<p><strong>Hay que mencionar, que Junto con las pruebas de Lectura y Matem\u00e1tica, se evaluaron tambi\u00e9n habilidades socioemocionales como: la empat\u00eda, la autorregulaci\u00f3n y la apertura a la diversidad en alumnos de 6\u00b0 grado. Paralelamente, se aplicaron cuestionarios a estudiantes, docentes, directores y familias con el prop\u00f3sito de recopilar informaci\u00f3n sobre el contexto en el que se desarrollaron los aprendizajes. De igual modo, se incorpor\u00f3 un m\u00f3dulo espec\u00edfico con preguntas relacionadas con la pandemia, centrado en pr\u00e1cticas, percepciones y din\u00e1micas observadas antes, durante y despu\u00e9s de este periodo.<\/strong><\/p>\n<p><strong>\u201cEl estudio muestra que Panam\u00e1, ha dado pasos importantes en Lectura y Matem\u00e1tica. Hoy el desaf\u00edo es consolidar estos avances con un plan que acelere la recuperaci\u00f3n y transforme el sistema educativo. Aunque el pa\u00eds a\u00fan est\u00e1 por debajo del promedio regional, por primera vez en mucho tiempo vemos una tendencia positiva que debe proyectarse hacia el futuro\u201d, destac\u00f3 Carlos Henr\u00edquez, coordinador del Laboratorio LLECE de la UNESCO.<\/strong><\/p>\n<p><strong>Los hallazgos tambi\u00e9n revelan factores asociados a mejores resultados como la asistencia a la educaci\u00f3n preescolar, una mayor cantidad de d\u00edas de estudio a la semana, las altas expectativas educativas por parte de las familias y el apoyo, la planificaci\u00f3n y la organizaci\u00f3n del trabajo docente. Al mismo tiempo, pr\u00e1cticas como la repitencia de grado o situaciones como la falta de puntualidad del profesorado contin\u00faan teniendo un impacto negativo en los aprendizajes.<\/strong><\/p>\n<p><strong>Las acciones implementadas por MEDUCA, beneficiar\u00e1 a m\u00e1s de 900,000 estudiantes del sistema oficial y particular, fortaleciendo el derecho a una educaci\u00f3n de calidad, inclusiva y equitativa.<\/strong><\/p>\n<p><strong>El Ministerio de Educaci\u00f3n de Panam\u00e1, reafirma su compromiso con la mejora continua del sistema educativo nacional y con el cumplimiento de los objetivos educativos internacionales.<\/strong><\/p>\n<p><strong>Para esta presentaci\u00f3n, estuvo presente el viceministro administrativo de Educaci\u00f3n, Roberto Sevillano, directores nacionales y regionales y docentes e invitados especiales.<\/strong><\/p>\n","protected":false},"excerpt":{"rendered":"<p>Panam\u00e1 present\u00f3 avances importantes en los aprendizajes de lectura y matem\u00e1tica en estudiantes de 3\u00b0 y 6\u00b0 grado, seg\u00fan los resultados del estudio Regional Compa&#8230;<\/p>\n","protected":false},"author":9,"featured_media":109419,"comment_status":"closed","ping_status":"closed","sticky":false,"template":"","format":"standard","meta":{"footnotes":""},"categories":[2],"tags":[],"class_list":["post-109418","post","type-post","status-publish","format-standard","has-post-thumbnail","hentry","category-nacionales"],"_links":{"self":[{"href":"https:\/\/sertv.gob.pa\/nacionalfm\/wp-json\/wp\/v2\/posts\/109418","targetHints":{"allow":["GET"]}}],"collection":[{"href":"https:\/\/sertv.gob.pa\/nacionalfm\/wp-json\/wp\/v2\/posts"}],"about":[{"href":"https:\/\/sertv.gob.pa\/nacionalfm\/wp-json\/wp\/v2\/types\/post"}],"author":[{"embeddable":true,"href":"https:\/\/sertv.gob.pa\/nacionalfm\/wp-json\/wp\/v2\/users\/9"}],"replies":[{"embeddable":true,"href":"https:\/\/sertv.gob.pa\/nacionalfm\/wp-json\/wp\/v2\/comments?post=109418"}],"version-history":[{"count":2,"href":"https:\/\/sertv.gob.pa\/nacionalfm\/wp-json\/wp\/v2\/posts\/109418\/revisions"}],"predecessor-version":[{"id":109421,"href":"https:\/\/sertv.gob.pa\/nacionalfm\/wp-json\/wp\/v2\/posts\/109418\/revisions\/109421"}],"wp:featuredmedia":[{"embeddable":true,"href":"https:\/\/sertv.gob.pa\/nacionalfm\/wp-json\/wp\/v2\/media\/109419"}],"wp:attachment":[{"href":"https:\/\/sertv.gob.pa\/nacionalfm\/wp-json\/wp\/v2\/media?parent=109418"}],"wp:term":[{"taxonomy":"category","embeddable":true,"href":"https:\/\/sertv.gob.pa\/nacionalfm\/wp-json\/wp\/v2\/categories?post=109418"},{"taxonomy":"post_tag","embeddable":true,"href":"https:\/\/sertv.gob.pa\/nacionalfm\/wp-json\/wp\/v2\/tags?post=109418"}],"curies":[{"name":"wp","href":"https:\/\/api.w.org\/{rel}","templated":true}]}}