{"id":109422,"date":"2025-06-27T10:45:56","date_gmt":"2025-06-27T15:45:56","guid":{"rendered":"https:\/\/sertv.gob.pa\/nacionalfm\/?p=109422"},"modified":"2025-06-27T10:45:58","modified_gmt":"2025-06-27T15:45:58","slug":"mitradel-presenta-30-nuevas-oportunidades-laborales-a-panamenos-en-panama-oeste-y-panama-norte","status":"publish","type":"post","link":"https:\/\/sertv.gob.pa\/nacionalfm\/mitradel-presenta-30-nuevas-oportunidades-laborales-a-panamenos-en-panama-oeste-y-panama-norte\/","title":{"rendered":"MITRADEL presenta 30 nuevas oportunidades laborales a paname\u00f1os en Panam\u00e1 Oeste y Panam\u00e1 Norte"},"content":{"rendered":"<ul>\n<li><strong> En lo que va de esta semana, el Ministerio de Trabajo y Desarrollo Laboral de Panam\u00e1 (MITRADEL), ha organizado conjuntamente con la empresa privada al menos 6 reclutamientos focalizados en donde se han ofertado unas 110 oportunidades de empleo.<\/strong><\/li>\n<\/ul>\n<p><em><strong>M\u00e1s de 30 nuevas oportunidades laborales fueron ofertadas este jueves, 26 de junio, en las sedes regionales de Panam\u00e1 Oeste y Panam\u00e1 Norte, como muestra de que el Ministerio de Trabajo y Desarrollo Laboral de Panam\u00e1 (MITRADEL), sigue firme en su misi\u00f3n de servir como puente entre los paname\u00f1os y las empresas, promoviendo as\u00ed la generaci\u00f3n de empleo y el fortalecimiento de la empleabilidad en el pa\u00eds.<\/strong><\/em><\/p>\n<p><strong>Para esta ocasi\u00f3n, la Agencia Chorrerana de Seguridad S.A. (Achossa) y S\u00faper Xtra siguen apostando y confiando en el respaldo que les ofrece el MITRADEL, facilitando el contacto con perfiles adecuados a fin de cubrir vacantes en \u00e1reas operativas, tales como: agentes de seguridad, personal de mantenimiento, ayudantes generales, auxiliares de caja y coordinadores de bodega.<\/strong><\/p>\n<p><strong>Por su parte, los participantes, se mostraron optimistas y a su vez, agradecidos por la oportunidad de ser tomados en consideraci\u00f3n, en un proceso de selecci\u00f3n laboral.<\/strong><\/p>\n<p><strong>\u201cMe ha dado gusto asistir porque me han devuelto la esperanza e ilusi\u00f3n de conseguir trabajo. El saber que al menos nos llamaron y consideraron para una entrevista ha sido muy gratificante\u201d, manifest\u00f3 Itzel Hern\u00e1ndez, una de las participantes del reclutamiento en Panam\u00e1 Norte.<\/strong><\/p>\n<p><strong>Es bueno resaltar que, con iniciativas como esta, el Gobierno Nacional, liderado por el presidente de la Rep\u00fablica de Panam\u00e1, Jos\u00e9 Ra\u00fal Mulino a trav\u00e9s del MITRADEL, bajo la administraci\u00f3n de la ministra, Jackeline Mu\u00f1oz de Cede\u00f1o, contin\u00faa creando puentes entre el talento paname\u00f1o y las necesidades del sector productivo, impulsando as\u00ed un pa\u00eds con m\u00e1s oportunidades, inclusi\u00f3n y desarrollo para todos.<\/strong><\/p>\n","protected":false},"excerpt":{"rendered":"<p>En lo que va de esta semana, el Ministerio de Trabajo y Desarrollo Laboral de Panam\u00e1 (MITRADEL), ha organizado conjuntamente con la empresa privada al menos 6 r&#8230;<\/p>\n","protected":false},"author":9,"featured_media":109423,"comment_status":"closed","ping_status":"closed","sticky":false,"template":"","format":"standard","meta":{"footnotes":""},"categories":[2],"tags":[],"class_list":["post-109422","post","type-post","status-publish","format-standard","has-post-thumbnail","hentry","category-nacionales"],"_links":{"self":[{"href":"https:\/\/sertv.gob.pa\/nacionalfm\/wp-json\/wp\/v2\/posts\/109422","targetHints":{"allow":["GET"]}}],"collection":[{"href":"https:\/\/sertv.gob.pa\/nacionalfm\/wp-json\/wp\/v2\/posts"}],"about":[{"href":"https:\/\/sertv.gob.pa\/nacionalfm\/wp-json\/wp\/v2\/types\/post"}],"author":[{"embeddable":true,"href":"https:\/\/sertv.gob.pa\/nacionalfm\/wp-json\/wp\/v2\/users\/9"}],"replies":[{"embeddable":true,"href":"https:\/\/sertv.gob.pa\/nacionalfm\/wp-json\/wp\/v2\/comments?post=109422"}],"version-history":[{"count":1,"href":"https:\/\/sertv.gob.pa\/nacionalfm\/wp-json\/wp\/v2\/posts\/109422\/revisions"}],"predecessor-version":[{"id":109424,"href":"https:\/\/sertv.gob.pa\/nacionalfm\/wp-json\/wp\/v2\/posts\/109422\/revisions\/109424"}],"wp:featuredmedia":[{"embeddable":true,"href":"https:\/\/sertv.gob.pa\/nacionalfm\/wp-json\/wp\/v2\/media\/109423"}],"wp:attachment":[{"href":"https:\/\/sertv.gob.pa\/nacionalfm\/wp-json\/wp\/v2\/media?parent=109422"}],"wp:term":[{"taxonomy":"category","embeddable":true,"href":"https:\/\/sertv.gob.pa\/nacionalfm\/wp-json\/wp\/v2\/categories?post=109422"},{"taxonomy":"post_tag","embeddable":true,"href":"https:\/\/sertv.gob.pa\/nacionalfm\/wp-json\/wp\/v2\/tags?post=109422"}],"curies":[{"name":"wp","href":"https:\/\/api.w.org\/{rel}","templated":true}]}}