{"id":109425,"date":"2025-06-27T11:41:18","date_gmt":"2025-06-27T16:41:18","guid":{"rendered":"https:\/\/sertv.gob.pa\/nacionalfm\/?p=109425"},"modified":"2025-06-27T11:43:58","modified_gmt":"2025-06-27T16:43:58","slug":"centroamerica-avanza-en-torno-a-la-estrategia-regional-para-la-facilitacion-del-comerci","status":"publish","type":"post","link":"https:\/\/sertv.gob.pa\/nacionalfm\/centroamerica-avanza-en-torno-a-la-estrategia-regional-para-la-facilitacion-del-comerci\/","title":{"rendered":"Centroam\u00e9rica avanza en torno a la estrategia regional para la facilitaci\u00f3n del Comercio"},"content":{"rendered":"<p><em><strong>La ciudad de San Jos\u00e9, Costa Rica, es la sede actual en donde se est\u00e1 efectuando el Tercer Encuentro Regional de Comit\u00e9s Nacionales de Facilitaci\u00f3n del Comercio, con el prop\u00f3sito de revisar los avances e impulsar nuevas acciones en torno a la Estrategia Regional de Facilitaci\u00f3n del Comercio, una hoja de ruta que busca reducir costos y tiempos en las operaciones terrestres, a\u00e9reas y mar\u00edtimas del comercio centroamericano.<\/strong><\/em><\/p>\n<p><strong>Para este evento, la Autoridad Nacional de Aduanas de Panam\u00e1 (ANA), estuvo representada, por Felipe Le\u00f3n, jefe de la Oficina Negociadora y por Edayana Hern\u00e1ndez, asesora del despacho superior, quienes plantearon los avances de Panam\u00e1 en esta estrategia regional para la integraci\u00f3n log\u00edstica de facilitaci\u00f3n del comercio.<\/strong><\/p>\n<p><strong>Esta estrategia, la cual tambi\u00e9n cuenta con una plataforma regional de monitoreo y evaluaci\u00f3n, promueve una gesti\u00f3n coordinada en fronteras y plantea m\u00e1s de 80 acciones concretas agrupadas en 20 medidas, enfocadas en la mejora de infraestructura, armonizaci\u00f3n de procesos y cooperaci\u00f3n p\u00fablico-privada.<\/strong><\/p>\n<p><strong>Cabe decir, que durante el desarrollo del evento, se present\u00f3 el avance de una hoja de ruta regional para la gesti\u00f3n coordinada de fronteras, como una herramienta a fin de mejorar la eficiencia operativa entre los pa\u00edses y destac\u00f3 la importancia de la articulaci\u00f3n con el sector privado, considerado un socio estrat\u00e9gico en la implementaci\u00f3n de mejoras sostenibles en la regi\u00f3n.<\/strong><\/p>\n","protected":false},"excerpt":{"rendered":"<p>La ciudad de San Jos\u00e9, Costa Rica, es la sede actual en donde se est\u00e1 efectuando el Tercer Encuentro Regional de Comit\u00e9s Nacionales de Facilitaci\u00f3n del Comercio&#8230;<\/p>\n","protected":false},"author":9,"featured_media":109426,"comment_status":"closed","ping_status":"closed","sticky":false,"template":"","format":"standard","meta":{"footnotes":""},"categories":[2],"tags":[],"class_list":["post-109425","post","type-post","status-publish","format-standard","has-post-thumbnail","hentry","category-nacionales"],"_links":{"self":[{"href":"https:\/\/sertv.gob.pa\/nacionalfm\/wp-json\/wp\/v2\/posts\/109425","targetHints":{"allow":["GET"]}}],"collection":[{"href":"https:\/\/sertv.gob.pa\/nacionalfm\/wp-json\/wp\/v2\/posts"}],"about":[{"href":"https:\/\/sertv.gob.pa\/nacionalfm\/wp-json\/wp\/v2\/types\/post"}],"author":[{"embeddable":true,"href":"https:\/\/sertv.gob.pa\/nacionalfm\/wp-json\/wp\/v2\/users\/9"}],"replies":[{"embeddable":true,"href":"https:\/\/sertv.gob.pa\/nacionalfm\/wp-json\/wp\/v2\/comments?post=109425"}],"version-history":[{"count":4,"href":"https:\/\/sertv.gob.pa\/nacionalfm\/wp-json\/wp\/v2\/posts\/109425\/revisions"}],"predecessor-version":[{"id":109430,"href":"https:\/\/sertv.gob.pa\/nacionalfm\/wp-json\/wp\/v2\/posts\/109425\/revisions\/109430"}],"wp:featuredmedia":[{"embeddable":true,"href":"https:\/\/sertv.gob.pa\/nacionalfm\/wp-json\/wp\/v2\/media\/109426"}],"wp:attachment":[{"href":"https:\/\/sertv.gob.pa\/nacionalfm\/wp-json\/wp\/v2\/media?parent=109425"}],"wp:term":[{"taxonomy":"category","embeddable":true,"href":"https:\/\/sertv.gob.pa\/nacionalfm\/wp-json\/wp\/v2\/categories?post=109425"},{"taxonomy":"post_tag","embeddable":true,"href":"https:\/\/sertv.gob.pa\/nacionalfm\/wp-json\/wp\/v2\/tags?post=109425"}],"curies":[{"name":"wp","href":"https:\/\/api.w.org\/{rel}","templated":true}]}}