{"id":109431,"date":"2025-06-27T12:02:44","date_gmt":"2025-06-27T17:02:44","guid":{"rendered":"https:\/\/sertv.gob.pa\/nacionalfm\/?p=109431"},"modified":"2025-06-27T12:02:46","modified_gmt":"2025-06-27T17:02:46","slug":"minsa-hara-frente-al-pago-de-turnos-extras-adeudos-a-medicos-y-tecnicos-de-salud-a-nivel-nacional","status":"publish","type":"post","link":"https:\/\/sertv.gob.pa\/nacionalfm\/minsa-hara-frente-al-pago-de-turnos-extras-adeudos-a-medicos-y-tecnicos-de-salud-a-nivel-nacional\/","title":{"rendered":"MINSA har\u00e1 frente al pago de turnos extras adeudos a m\u00e9dicos y t\u00e9cnicos de salud a nivel nacional"},"content":{"rendered":"<p><em><strong>Comisi\u00f3n de Presupuesto aprob\u00f3 recientemente, traslados de partida por m\u00e1s de 12 millones de balboas.<\/strong><\/em><br \/>\n<em><strong>MINSA invertir\u00e1 5 millones de d\u00f3lares para la compra de insumos para cl\u00ednica de heridas.<\/strong><\/em><\/p>\n<p><strong>El viceministro de Salud de Panam\u00e1, Manuel Zambrano Chang, sustent\u00f3 ante la Comisi\u00f3n de Presupuesto de la Asamblea Nacional 4 traslados de partidas por el orden de B\/.12,453,439.00 (doce\u202fmillones\u202fcuatrocientos\u202fcincuenta\u202fy\u202ftres\u202fmil\u202fcuatrocientos\u202ftreinta\u202fy\u202fnueve balboas con cero cent\u00e9simos).<\/strong><\/p>\n<p><strong>Con estos traslados de partidas, aprobados con 9 votos a favor, 0 en contra y 0 abstenci\u00f3n, el MINSA, har\u00e1 frente a la compra de insumos sanitarios, pagos de jornadas extraordinarias y el pago de la limpieza y desinfecci\u00f3n de hospitales.<\/strong><\/p>\n<p><strong>Uno de los traslados ser\u00e1 para la compra de insumos sanitarios en las cl\u00ednicas integrales de heridas, ostom\u00edas, e incontinencias por el orden de B\/.653,244.00 (seiscientos cincuenta y tres mil doscientos cuarenta y cuatro balboas con cero cent\u00e9simos).<\/strong><\/p>\n<p><strong>El segundo traslado, por B\/.5,888,073.00 (cinco millones ochocientos ochenta y ocho mil setenta y tres balboas con cero cent\u00e9simos), ser\u00e1 para el pago de jornadas extras hasta mayo de 2025. Este pago, beneficiar\u00e1 a cinco mil trabajadores de la salud, entre ellos: m\u00e9dicos y t\u00e9cnicos de las regiones de Salud de Dari\u00e9n, Metropolitana, Panam\u00e1 Oeste, Kuna Yala, Panam\u00e1 Norte; los hospitales Nicolas Solano, San Miguel Arc\u00e1ngel, y turnos a nivel nacional al departamento de emergencias.<\/strong><\/p>\n<p><strong>Un tercer traslado de partida, proveniente de recursos del Banco de Desarrollo Agropecuario por B\/.5,912,122.00 (cinco millones novecientos doce mil ciento veintid\u00f3s balboas con cero cent\u00e9simos), se utilizar\u00e1 para el pago por los servicios de alquiler, limpieza y desinfecci\u00f3n de los hospitales Anita Moreno, San Miguel Arc\u00e1ngel, Nicolas Solano, Joaqu\u00edn Pablo Franco Sallas, Luis Chicho F\u00e1brega, Aquilino Tejeira, Cecilio A. Castillero y el Instituto de Salud Mental Mat\u00edas Hern\u00e1ndez. La empresa que actualmente mantiene este contrato es Hombres de Blanco.<\/strong><\/p>\n<p><strong>Para esta gesti\u00f3n, el viceministro de Salud estuvo acompa\u00f1ado por los directores de Finanzas, Provisi\u00f3n de Servicios de Salud y el de Compra de Medicamentos e Insumos, Infraestructura de Salud.<\/strong><\/p>\n","protected":false},"excerpt":{"rendered":"<p>Comisi\u00f3n de Presupuesto aprob\u00f3 recientemente, traslados de partida por m\u00e1s de 12 millones de balboas.<br \/>\nMINSA invertir\u00e1 5 millones de d\u00f3lares para la compra de i&#8230;<\/p>\n","protected":false},"author":9,"featured_media":109432,"comment_status":"closed","ping_status":"closed","sticky":false,"template":"","format":"standard","meta":{"footnotes":""},"categories":[2],"tags":[],"class_list":["post-109431","post","type-post","status-publish","format-standard","has-post-thumbnail","hentry","category-nacionales"],"_links":{"self":[{"href":"https:\/\/sertv.gob.pa\/nacionalfm\/wp-json\/wp\/v2\/posts\/109431","targetHints":{"allow":["GET"]}}],"collection":[{"href":"https:\/\/sertv.gob.pa\/nacionalfm\/wp-json\/wp\/v2\/posts"}],"about":[{"href":"https:\/\/sertv.gob.pa\/nacionalfm\/wp-json\/wp\/v2\/types\/post"}],"author":[{"embeddable":true,"href":"https:\/\/sertv.gob.pa\/nacionalfm\/wp-json\/wp\/v2\/users\/9"}],"replies":[{"embeddable":true,"href":"https:\/\/sertv.gob.pa\/nacionalfm\/wp-json\/wp\/v2\/comments?post=109431"}],"version-history":[{"count":1,"href":"https:\/\/sertv.gob.pa\/nacionalfm\/wp-json\/wp\/v2\/posts\/109431\/revisions"}],"predecessor-version":[{"id":109433,"href":"https:\/\/sertv.gob.pa\/nacionalfm\/wp-json\/wp\/v2\/posts\/109431\/revisions\/109433"}],"wp:featuredmedia":[{"embeddable":true,"href":"https:\/\/sertv.gob.pa\/nacionalfm\/wp-json\/wp\/v2\/media\/109432"}],"wp:attachment":[{"href":"https:\/\/sertv.gob.pa\/nacionalfm\/wp-json\/wp\/v2\/media?parent=109431"}],"wp:term":[{"taxonomy":"category","embeddable":true,"href":"https:\/\/sertv.gob.pa\/nacionalfm\/wp-json\/wp\/v2\/categories?post=109431"},{"taxonomy":"post_tag","embeddable":true,"href":"https:\/\/sertv.gob.pa\/nacionalfm\/wp-json\/wp\/v2\/tags?post=109431"}],"curies":[{"name":"wp","href":"https:\/\/api.w.org\/{rel}","templated":true}]}}