{"id":109445,"date":"2025-06-27T13:51:25","date_gmt":"2025-06-27T18:51:25","guid":{"rendered":"https:\/\/sertv.gob.pa\/nacionalfm\/?p=109445"},"modified":"2025-06-27T13:51:26","modified_gmt":"2025-06-27T18:51:26","slug":"atencion-medica-y-servicios-ofrecera-css-en-tu-comunidad-este-sabado-28-de-junio-en-villa-zaita","status":"publish","type":"post","link":"https:\/\/sertv.gob.pa\/nacionalfm\/atencion-medica-y-servicios-ofrecera-css-en-tu-comunidad-este-sabado-28-de-junio-en-villa-zaita\/","title":{"rendered":"Atenci\u00f3n m\u00e9dica y servicios ofrecer\u00e1 \u00abCSS en tu Comunidad\u00bb este s\u00e1bado 28 de junio en Villa Zaita"},"content":{"rendered":"<p>\u201cCSS en tu Comunidad\u201d, llega este s\u00e1bado 28 de junio a Villa Zaita, desde las 7:30 a. m. hasta la 1:00 p. m., con una jornada de salud comunitaria gratuita dirigida a los residentes de Panam\u00e1 Norte.<\/p>\n<p>La feria de salud se ubicar\u00e1 estrat\u00e9gicamente frente a la Policl\u00ednica Dr. Edilberto Culiolis, en las inmediaciones de la estaci\u00f3n del Metro de Villa Zaita.<\/p>\n<p>El evento ser\u00e1 abierto al p\u00fablico y solo se requiere presentar la c\u00e9dula de identidad personal para tener acceso a los servicios ofrecidos por la Caja de Seguro Social.<\/p>\n<p>Entre los servicios de salud disponibles figuran:<\/p>\n<ul>\n<li>Fonoaudiolog\u00eda<\/li>\n<li>Trabajo social<\/li>\n<li>Fisioterapia<\/li>\n<li>Tamizaje por sarcopenia<\/li>\n<li>Pruebas de VIH<\/li>\n<li>Nutrici\u00f3n<\/li>\n<li>Vacuna (traer tarjeta)<\/li>\n<li>Citas m\u00e9dicas<\/li>\n<li>Toma de presi\u00f3n y glicemia<\/li>\n<li>Odontolog\u00eda<\/li>\n<li>Medicina general<\/li>\n<li>Servicios de Salud Amigables para los Adolescentes<\/li>\n<\/ul>\n<p>La jornada tiene como objetivo facilitar el acceso a los servicios de la CSS, eliminando la necesidad de citas previas y largas esperas, y acercando la atenci\u00f3n directamente a la poblaci\u00f3n.<\/p>\n<p>Adem\u00e1s de la atenci\u00f3n m\u00e9dica, la jornada ofrecer\u00e1 la posibilidad de realizar diversos tr\u00e1mites administrativos. Los usuarios podr\u00e1n gestionar afiliaciones, verificar el estado de sus cuotas, consultar sobre prestaciones econ\u00f3micas y efectuar gestiones de corto plazo, facilitando la resoluci\u00f3n de asuntos sin necesidad de acudir a una agencia principal.<\/p>\n<p>Esta iniciativa forma parte del compromiso de la CSS de expandir sus servicios comunitarios, descongestionar sus instalaciones habituales y brindar una atenci\u00f3n accesible, oportuna y cercana a la ciudadan\u00eda.<\/p>\n","protected":false},"excerpt":{"rendered":"<p>\u201cCSS en tu Comunidad\u201d, llega este s\u00e1bado 28 de junio a Villa Zaita, desde las 7:30 a. m. hasta la 1:00 p. m., con una jornada de salud comunitaria gratuita diri&#8230;<\/p>\n","protected":false},"author":9,"featured_media":109446,"comment_status":"closed","ping_status":"closed","sticky":false,"template":"","format":"standard","meta":{"footnotes":""},"categories":[2],"tags":[],"class_list":["post-109445","post","type-post","status-publish","format-standard","has-post-thumbnail","hentry","category-nacionales"],"_links":{"self":[{"href":"https:\/\/sertv.gob.pa\/nacionalfm\/wp-json\/wp\/v2\/posts\/109445","targetHints":{"allow":["GET"]}}],"collection":[{"href":"https:\/\/sertv.gob.pa\/nacionalfm\/wp-json\/wp\/v2\/posts"}],"about":[{"href":"https:\/\/sertv.gob.pa\/nacionalfm\/wp-json\/wp\/v2\/types\/post"}],"author":[{"embeddable":true,"href":"https:\/\/sertv.gob.pa\/nacionalfm\/wp-json\/wp\/v2\/users\/9"}],"replies":[{"embeddable":true,"href":"https:\/\/sertv.gob.pa\/nacionalfm\/wp-json\/wp\/v2\/comments?post=109445"}],"version-history":[{"count":2,"href":"https:\/\/sertv.gob.pa\/nacionalfm\/wp-json\/wp\/v2\/posts\/109445\/revisions"}],"predecessor-version":[{"id":109448,"href":"https:\/\/sertv.gob.pa\/nacionalfm\/wp-json\/wp\/v2\/posts\/109445\/revisions\/109448"}],"wp:featuredmedia":[{"embeddable":true,"href":"https:\/\/sertv.gob.pa\/nacionalfm\/wp-json\/wp\/v2\/media\/109446"}],"wp:attachment":[{"href":"https:\/\/sertv.gob.pa\/nacionalfm\/wp-json\/wp\/v2\/media?parent=109445"}],"wp:term":[{"taxonomy":"category","embeddable":true,"href":"https:\/\/sertv.gob.pa\/nacionalfm\/wp-json\/wp\/v2\/categories?post=109445"},{"taxonomy":"post_tag","embeddable":true,"href":"https:\/\/sertv.gob.pa\/nacionalfm\/wp-json\/wp\/v2\/tags?post=109445"}],"curies":[{"name":"wp","href":"https:\/\/api.w.org\/{rel}","templated":true}]}}