{"id":109449,"date":"2025-06-27T14:11:48","date_gmt":"2025-06-27T19:11:48","guid":{"rendered":"https:\/\/sertv.gob.pa\/nacionalfm\/?p=109449"},"modified":"2025-06-27T14:11:50","modified_gmt":"2025-06-27T19:11:50","slug":"panama-asume-la-presidencia-pro-tempore-del-sieca-y-reafirma-su-compromiso-con-una-integracion-regional-mas-competitiva","status":"publish","type":"post","link":"https:\/\/sertv.gob.pa\/nacionalfm\/panama-asume-la-presidencia-pro-tempore-del-sieca-y-reafirma-su-compromiso-con-una-integracion-regional-mas-competitiva\/","title":{"rendered":"Panam\u00e1 asume la Presidencia Pro T\u00e9mpore del SIECA y reafirma su compromiso con una integraci\u00f3n regional m\u00e1s competitiva"},"content":{"rendered":"<p><strong>Panam\u00e1 asumi\u00f3 oficialmente este jueves, 26 de junio, la Presidencia Pro T\u00e9mpore del Subsistema de Integraci\u00f3n Econ\u00f3mica Centroamericana (SIECA), con la representaci\u00f3n del ministro de Comercio e Industrias de Panam\u00e1, Julio Molt\u00f3, quien ejercer\u00e1 este rol de liderazgo regional del 1\u00b0 de julio al 31 de diciembre de 2025.<\/strong><\/p>\n<p><strong>Con esta responsabilidad, Panam\u00e1, toma la vocer\u00eda regional en materia de comercio e integraci\u00f3n, en un momento en que los pa\u00edses centroamericanos buscan consolidar avances en facilitaci\u00f3n comercial, digitalizaci\u00f3n y atracci\u00f3n de inversiones.<\/strong><\/p>\n<p><strong>Para el ministro Molt\u00f3, este encargo representa un desaf\u00edo importante, pero tambi\u00e9n una oportunidad para impulsar transformaciones concretas en beneficio de la regi\u00f3n. \u201cEste momento representa una gran responsabilidad que recae sobre Panam\u00e1, pero tambi\u00e9n, tiene grandes oportunidades para avanzar juntos hacia una Centroam\u00e9rica m\u00e1s competitiva, integrada y pr\u00f3spera\u201d.<\/strong><\/p>\n<p><strong>Durante el acto oficial de traspaso, que se llev\u00f3 a cabo en San Jos\u00e9, Costa Rica, Molt\u00f3, reiter\u00f3 su compromiso de liderar con transparencia, apertura y cercan\u00eda. Asegur\u00f3 que trabajar\u00e1 \u201ccon dedicaci\u00f3n y en estrecha coordinaci\u00f3n con todos los pa\u00edses miembros, dando continuidad a las acciones que fortalecen el comercio regional, impulsan la digitalizaci\u00f3n de tr\u00e1mites y promueven la inversi\u00f3n extranjera\u201d.<\/strong><\/p>\n<p><strong>En ese mismo espacio, el nuevo presidente Pro T\u00e9mpore del SIECA, extendi\u00f3 un reconocimiento al pa\u00eds anfitri\u00f3n por su gesti\u00f3n saliente. \u201cGracias por ese esfuerzo sostenido y profesional\u201d, expres\u00f3 al felicitar a Costa Rica, por su labor al frente de la presidencia durante los \u00faltimos seis meses, destacando su papel como pilar de continuidad en la agenda regional.<\/strong><\/p>\n<p><strong>Panam\u00e1, llega a este rol con una estrategia clara, enfocada en cuatro pilares fundamentales que ya forman parte de la agenda regional y que ahora requieren continuidad, coordinaci\u00f3n y resultados:<\/strong><\/p>\n<p><strong>Facilitaci\u00f3n del comercio intrarregional, con \u00e9nfasis en la eliminaci\u00f3n de obst\u00e1culos que dificultan el flujo de mercanc\u00edas, especialmente en los pasos fronterizos. Este esfuerzo busca reducir tiempos, costos y fricciones en las cadenas log\u00edsticas de los pa\u00edses miembros.<\/strong><\/p>\n<p><strong>Digitalizaci\u00f3n de procesos aduaneros y comerciales, con el objetivo de simplificar tr\u00e1mites, mejorar la trazabilidad y reducir los costos operativos, particularmente para las micro, peque\u00f1as y medianas empresas que constituyen la base del tejido productivo centroamericano.<\/strong><\/p>\n<p><strong>Coordinaci\u00f3n institucional, orientada a asegurar que las decisiones adoptadas a nivel regional se traduzcan en acciones concretas en cada pa\u00eds. \u201cEste trabajo lo haremos con las autoridades nacionales, pero tambi\u00e9n con los sectores productivos que viven la integraci\u00f3n en su d\u00eda a d\u00eda\u201d.<\/strong><\/p>\n<p><strong>Fortalecimiento del di\u00e1logo t\u00e9cnico, respaldando a los equipos que han impulsado esta agenda de forma constante. \u201cQueremos asegurar que los espacios de coordinaci\u00f3n funcionen bien, que haya seguimiento real y que lo acordado se cumpla\u201d.<\/strong><\/p>\n<p><strong>Molt\u00f3, igualmente reafirm\u00f3, que la integraci\u00f3n regional debe tener impactos tangibles para la poblaci\u00f3n y los agentes econ\u00f3micos. \u201cQuiero ver que cada empresa, desde las m\u00e1s peque\u00f1as hasta las m\u00e1s grandes, sientan que sus operaciones transfronterizas son m\u00e1s ligeras, seguras y efectivas\u201d.<\/strong><\/p>\n<p><strong>Costa Rica, que concluye su s\u00e9ptimo per\u00edodo al frente de la Presidencia Pro T\u00e9mpore del SIECA, reiter\u00f3 durante el acto su disposici\u00f3n a seguir colaborando activamente con todos los pa\u00edses miembros \u201cpor una regi\u00f3n m\u00e1s integrada, justa y solidar<\/strong>ia\u201d.<\/p>\n<p><strong>En sus palabras de cierre, el ministro paname\u00f1o, reiter\u00f3 el enfoque colaborativo que guiar\u00e1 esta nueva etapa. \u201cPanam\u00e1, no viene a dirigir, sino a acompa\u00f1ar. Venimos a aportar, a facilitar y a apoyar un proceso que es regional, que pertenece a todos y que solo se consolida si trabajamos en equipo\u201d, puntualiz\u00f3.<\/strong><\/p>\n","protected":false},"excerpt":{"rendered":"<p>Panam\u00e1 asumi\u00f3 oficialmente este jueves, 26 de junio, la Presidencia Pro T\u00e9mpore del Subsistema de Integraci\u00f3n Econ\u00f3mica Centroamericana (SIECA), con la represen&#8230;<\/p>\n","protected":false},"author":9,"featured_media":109450,"comment_status":"closed","ping_status":"closed","sticky":false,"template":"","format":"standard","meta":{"footnotes":""},"categories":[2],"tags":[],"class_list":["post-109449","post","type-post","status-publish","format-standard","has-post-thumbnail","hentry","category-nacionales"],"_links":{"self":[{"href":"https:\/\/sertv.gob.pa\/nacionalfm\/wp-json\/wp\/v2\/posts\/109449","targetHints":{"allow":["GET"]}}],"collection":[{"href":"https:\/\/sertv.gob.pa\/nacionalfm\/wp-json\/wp\/v2\/posts"}],"about":[{"href":"https:\/\/sertv.gob.pa\/nacionalfm\/wp-json\/wp\/v2\/types\/post"}],"author":[{"embeddable":true,"href":"https:\/\/sertv.gob.pa\/nacionalfm\/wp-json\/wp\/v2\/users\/9"}],"replies":[{"embeddable":true,"href":"https:\/\/sertv.gob.pa\/nacionalfm\/wp-json\/wp\/v2\/comments?post=109449"}],"version-history":[{"count":2,"href":"https:\/\/sertv.gob.pa\/nacionalfm\/wp-json\/wp\/v2\/posts\/109449\/revisions"}],"predecessor-version":[{"id":109452,"href":"https:\/\/sertv.gob.pa\/nacionalfm\/wp-json\/wp\/v2\/posts\/109449\/revisions\/109452"}],"wp:featuredmedia":[{"embeddable":true,"href":"https:\/\/sertv.gob.pa\/nacionalfm\/wp-json\/wp\/v2\/media\/109450"}],"wp:attachment":[{"href":"https:\/\/sertv.gob.pa\/nacionalfm\/wp-json\/wp\/v2\/media?parent=109449"}],"wp:term":[{"taxonomy":"category","embeddable":true,"href":"https:\/\/sertv.gob.pa\/nacionalfm\/wp-json\/wp\/v2\/categories?post=109449"},{"taxonomy":"post_tag","embeddable":true,"href":"https:\/\/sertv.gob.pa\/nacionalfm\/wp-json\/wp\/v2\/tags?post=109449"}],"curies":[{"name":"wp","href":"https:\/\/api.w.org\/{rel}","templated":true}]}}