{"id":109453,"date":"2025-06-27T14:24:39","date_gmt":"2025-06-27T19:24:39","guid":{"rendered":"https:\/\/sertv.gob.pa\/nacionalfm\/?p=109453"},"modified":"2025-06-27T14:24:40","modified_gmt":"2025-06-27T19:24:40","slug":"la-alcaldia-de-panama-invita-al-casco-peatonal-y-corpus-christi-este-domingo-en-san-felipe","status":"publish","type":"post","link":"https:\/\/sertv.gob.pa\/nacionalfm\/la-alcaldia-de-panama-invita-al-casco-peatonal-y-corpus-christi-este-domingo-en-san-felipe\/","title":{"rendered":"La Alcald\u00eda de Panam\u00e1 invita al \u201cCasco Peatonal\u201d y Corpus Christi este domingo en San Felipe"},"content":{"rendered":"<div><em><strong>La mejor m\u00fasica, actividades art\u00edsticas y culturales se toman nuevamente el hist\u00f3rico barrio de San Felipe, a trav\u00e9s del \u2018Casco Peatonal\u2019 y la celebraci\u00f3n del Corpus Christi a realizarse este domingo 29 de junio desde las 8:00 a.m.<\/strong><\/em><\/div>\n<div><\/div>\n<div><strong>En esta edici\u00f3n las activaciones en Plaza Catedral estar\u00e1n alineadas con la programaci\u00f3n de la Iglesia, incluyendo la elaboraci\u00f3n de alfombras de sal alusivas a esta festividad desde el s\u00e1bado 28 de junio.<\/strong><\/div>\n<div><\/div>\n<div><strong>Durante este tiempo el Casco Antiguo se convierte en un espacio seguro y libre de tr\u00e1fico vehicular, permitiendo a nacionales y extranjeros disfrutar de una variada oferta cultural, que incluir\u00e1 m\u00fasica en vivo, exposiciones de arte y presentaciones de artistas nacionales.<\/strong><\/div>\n<div><\/div>\n<div><strong>El evento que se desarrolla el \u00faltimo domingo de cada mes, cuenta con el respaldo del Servicio de Protecci\u00f3n Institucional, la Polic\u00eda Nacional, la Polic\u00eda de Turismo, la Polic\u00eda Municipal, la Autoridad del Tr\u00e1nsito y Transporte Terrestre, la Oficina del Casco Antiguo, el Ministerio de Cultura y la Autoridad de Turismo, adem\u00e1s de la participaci\u00f3n de residentes y comerciantes del \u00e1rea.<\/strong><\/div>\n<div><\/div>\n<div><strong>La Empresa Mi Bus dispondr\u00e1 de la ruta establecida en el Casco, para facilitar la llegada de los visitantes al Casco Antiguo.<\/strong><\/div>\n","protected":false},"excerpt":{"rendered":"<p>La mejor m\u00fasica, actividades art\u00edsticas y culturales se toman nuevamente el hist\u00f3rico barrio de San Felipe, a trav\u00e9s del \u2018Casco Peatonal\u2019 y la celebraci\u00f3n del C&#8230;<\/p>\n","protected":false},"author":9,"featured_media":109454,"comment_status":"closed","ping_status":"closed","sticky":false,"template":"","format":"standard","meta":{"footnotes":""},"categories":[2],"tags":[],"class_list":["post-109453","post","type-post","status-publish","format-standard","has-post-thumbnail","hentry","category-nacionales"],"_links":{"self":[{"href":"https:\/\/sertv.gob.pa\/nacionalfm\/wp-json\/wp\/v2\/posts\/109453","targetHints":{"allow":["GET"]}}],"collection":[{"href":"https:\/\/sertv.gob.pa\/nacionalfm\/wp-json\/wp\/v2\/posts"}],"about":[{"href":"https:\/\/sertv.gob.pa\/nacionalfm\/wp-json\/wp\/v2\/types\/post"}],"author":[{"embeddable":true,"href":"https:\/\/sertv.gob.pa\/nacionalfm\/wp-json\/wp\/v2\/users\/9"}],"replies":[{"embeddable":true,"href":"https:\/\/sertv.gob.pa\/nacionalfm\/wp-json\/wp\/v2\/comments?post=109453"}],"version-history":[{"count":1,"href":"https:\/\/sertv.gob.pa\/nacionalfm\/wp-json\/wp\/v2\/posts\/109453\/revisions"}],"predecessor-version":[{"id":109455,"href":"https:\/\/sertv.gob.pa\/nacionalfm\/wp-json\/wp\/v2\/posts\/109453\/revisions\/109455"}],"wp:featuredmedia":[{"embeddable":true,"href":"https:\/\/sertv.gob.pa\/nacionalfm\/wp-json\/wp\/v2\/media\/109454"}],"wp:attachment":[{"href":"https:\/\/sertv.gob.pa\/nacionalfm\/wp-json\/wp\/v2\/media?parent=109453"}],"wp:term":[{"taxonomy":"category","embeddable":true,"href":"https:\/\/sertv.gob.pa\/nacionalfm\/wp-json\/wp\/v2\/categories?post=109453"},{"taxonomy":"post_tag","embeddable":true,"href":"https:\/\/sertv.gob.pa\/nacionalfm\/wp-json\/wp\/v2\/tags?post=109453"}],"curies":[{"name":"wp","href":"https:\/\/api.w.org\/{rel}","templated":true}]}}