{"id":109457,"date":"2025-06-30T08:56:45","date_gmt":"2025-06-30T13:56:45","guid":{"rendered":"https:\/\/sertv.gob.pa\/nacionalfm\/?p=109457"},"modified":"2025-06-30T08:56:45","modified_gmt":"2025-06-30T13:56:45","slug":"presidentes-mulino-y-noboa-concluyen-ambos-que-panama-ha-avanzado-mucho-para-salir-de-la-lista-de-paraiso-fiscal-de-ecuador","status":"publish","type":"post","link":"https:\/\/sertv.gob.pa\/nacionalfm\/presidentes-mulino-y-noboa-concluyen-ambos-que-panama-ha-avanzado-mucho-para-salir-de-la-lista-de-paraiso-fiscal-de-ecuador\/","title":{"rendered":"Presidentes Mulino y Noboa, concluyen ambos que Panam\u00e1, ha avanzado mucho para salir de la lista de para\u00edso fiscal de Ecuador"},"content":{"rendered":"<div class=\"fusion-fullwidth fullwidth-box fusion-builder-row-1 fusion-flex-container has-pattern-background has-mask-background nonhundred-percent-fullwidth non-hundred-percent-height-scrolling\" style=\"--awb-border-radius-top-left:0px;--awb-border-radius-top-right:0px;--awb-border-radius-bottom-right:0px;--awb-border-radius-bottom-left:0px;--awb-flex-wrap:wrap;\" ><div class=\"fusion-builder-row fusion-row fusion-flex-align-items-flex-start fusion-flex-content-wrap\" style=\"max-width:1144px;margin-left: calc(-4% \/ 2 );margin-right: calc(-4% \/ 2 );\"><div class=\"fusion-layout-column fusion_builder_column fusion-builder-column-0 fusion_builder_column_1_1 1_1 fusion-flex-column\" style=\"--awb-bg-size:cover;--awb-width-large:100%;--awb-margin-top-large:0px;--awb-spacing-right-large:1.92%;--awb-margin-bottom-large:20px;--awb-spacing-left-large:1.92%;--awb-width-medium:100%;--awb-order-medium:0;--awb-spacing-right-medium:1.92%;--awb-spacing-left-medium:1.92%;--awb-width-small:100%;--awb-order-small:0;--awb-spacing-right-small:1.92%;--awb-spacing-left-small:1.92%;\"><div class=\"fusion-column-wrapper fusion-column-has-shadow fusion-flex-justify-content-flex-start fusion-content-layout-column\"><div class=\"fusion-text fusion-text-1\" style=\"--awb-content-alignment:justify;\"><p><em><strong>-Ambos pa\u00edses hablan de interconexi\u00f3n energ\u00e9tica, democracia y un \u2018hub\u2019 log\u00edstico.-<\/strong><\/em><\/p>\n<p><strong>La exclusi\u00f3n de Panam\u00e1 de la lista de para\u00edsos fiscales, reforzar el intercambio comercial, la protecci\u00f3n de los recursos del mar, el control sobre la migraci\u00f3n ilegal, y el aumento de la cooperaci\u00f3n t\u00e9cnica y acad\u00e9mica son parte de los temas que trat\u00f3 durante su reciente gira a Sevilla, Espa\u00f1a, el presidente de la Rep\u00fablica de Panam\u00e1, Jos\u00e9 Ra\u00fal Mulino, con su hom\u00f3logo de Ecuador, Daniel Noboa.<\/strong><\/p>\n<p><strong>Durante el encuentro bilateral, Mulino, agradeci\u00f3 a Noboa el apoyo para que Panam\u00e1, salga de la lista discriminatoria de Ecuador, lo que permitir\u00e1 una mejor integraci\u00f3n econ\u00f3mica y reactivar mecanismos de cooperaci\u00f3n entre ambos pa\u00edses en diferentes \u00e1reas, entre ellas, el establecimiento de un \u201chub\u201d log\u00edstico entre ambos pa\u00edses, as\u00ed como la creaci\u00f3n de la C\u00e1mara de Comercio de Ecuador en Panam\u00e1.<\/strong><\/p>\n<p><strong>Mulino, manifest\u00f3 que, la agenda bilateral con Ecuador, se va a incentivar mucho m\u00e1s. \u201cTendremos reuniones que se dar\u00e1n en el marco del Foro Econ\u00f3mico de Am\u00e9rica, que se desarrollar\u00e1 en Panam\u00e1, en enero pr\u00f3ximo\u201d, revel\u00f3 Mulino, tras invitar de forma personal a Noboa, para que Ecuador participe de este evento que tendr\u00e1 lugar en Panam\u00e1.<\/strong><\/p>\n<p><strong>Igualmente, Mulino le explic\u00f3 a Noboa, la importancia del proyecto del r\u00edo Indio para que el Canal de Panam\u00e1, pueda contar con agua suficiente para su operaci\u00f3n en el futuro y ante los fen\u00f3menos clim\u00e1ticos de sequ\u00eda, sobre todo para los principales usuarios de esta ruta, como lo es Ecuador.<\/strong><\/p>\n<p><strong>Ambos mandatarios, adem\u00e1s conversaron sobre la relevancia de unir esfuerzos para fortalecer la democracia en la regi\u00f3n.<\/strong><\/p>\n<p><strong>A su vez, Noboa se\u00f1al\u00f3 que, su reuni\u00f3n con Mulino, fue de gran importancia, tanto por los temas de log\u00edstica como en la parte energ\u00e9tica, ya que \u201cse necesita una regi\u00f3n m\u00e1s interconectada que mejore la vida de nuestros ciudadanos\u201d.<\/strong><\/p>\n<p><strong>Sobre el tema de la lista fiscal, Noboa, reconoci\u00f3 que Panam\u00e1 \u201cha avanzado mucho\u201d, y que los reconocimientos que han hecho Estados Unidos y la Uni\u00f3n Europea facilitan el camino a Ecuador para levantar cualquier sanci\u00f3n contra la parte paname\u00f1a.<\/strong><\/p>\n<p><strong>Estos comentarios de Noboa, fueron agradecidos por el presidente, Jos\u00e9 Ra\u00fal Mulino.<\/strong><\/p>\n<p><strong>Se inform\u00f3 que, en noviembre pasado, la Direcci\u00f3n General de Ingresos (DGI) de Panam\u00e1 y el Servicio de Rentas Internas (SRI) de Ecuador, establecieron una mesa de trabajo a fin de negociar un convenio contra la doble imposici\u00f3n fiscal. Ecuador, tambi\u00e9n remiti\u00f3 a Panam\u00e1, un borrador de acuerdo para el intercambio de informaci\u00f3n en materia tributaria, el cual est\u00e1 siendo respondido por Panam\u00e1.<\/strong><\/p>\n<p><strong>Cabe mencionar, que ambos mandatarios, reconocieron que la soluci\u00f3n a esta diferencia permitir\u00e1 a sus pa\u00edses avanzar en temas de mayor relevancia, como el Acuerdo Parcial de Complementaci\u00f3n Econ\u00f3mica que se encuentra detenido.<\/strong><\/p>\n<p><strong>El presidente Mulino, asimismo destac\u00f3 en su encuentro con Noboa, que Panam\u00e1 logr\u00f3 con \u00e9xito, hasta en un 98%, la contenci\u00f3n del flujo migratorio irregular que pasaba por el Parque Nacional Dari\u00e9n.<\/strong><\/p>\n<\/div><\/div><\/div><\/div><\/div>\n","protected":false},"excerpt":{"rendered":"","protected":false},"author":9,"featured_media":109458,"comment_status":"closed","ping_status":"closed","sticky":false,"template":"","format":"standard","meta":{"footnotes":""},"categories":[2],"tags":[],"class_list":["post-109457","post","type-post","status-publish","format-standard","has-post-thumbnail","hentry","category-nacionales"],"_links":{"self":[{"href":"https:\/\/sertv.gob.pa\/nacionalfm\/wp-json\/wp\/v2\/posts\/109457","targetHints":{"allow":["GET"]}}],"collection":[{"href":"https:\/\/sertv.gob.pa\/nacionalfm\/wp-json\/wp\/v2\/posts"}],"about":[{"href":"https:\/\/sertv.gob.pa\/nacionalfm\/wp-json\/wp\/v2\/types\/post"}],"author":[{"embeddable":true,"href":"https:\/\/sertv.gob.pa\/nacionalfm\/wp-json\/wp\/v2\/users\/9"}],"replies":[{"embeddable":true,"href":"https:\/\/sertv.gob.pa\/nacionalfm\/wp-json\/wp\/v2\/comments?post=109457"}],"version-history":[{"count":1,"href":"https:\/\/sertv.gob.pa\/nacionalfm\/wp-json\/wp\/v2\/posts\/109457\/revisions"}],"predecessor-version":[{"id":109459,"href":"https:\/\/sertv.gob.pa\/nacionalfm\/wp-json\/wp\/v2\/posts\/109457\/revisions\/109459"}],"wp:featuredmedia":[{"embeddable":true,"href":"https:\/\/sertv.gob.pa\/nacionalfm\/wp-json\/wp\/v2\/media\/109458"}],"wp:attachment":[{"href":"https:\/\/sertv.gob.pa\/nacionalfm\/wp-json\/wp\/v2\/media?parent=109457"}],"wp:term":[{"taxonomy":"category","embeddable":true,"href":"https:\/\/sertv.gob.pa\/nacionalfm\/wp-json\/wp\/v2\/categories?post=109457"},{"taxonomy":"post_tag","embeddable":true,"href":"https:\/\/sertv.gob.pa\/nacionalfm\/wp-json\/wp\/v2\/tags?post=109457"}],"curies":[{"name":"wp","href":"https:\/\/api.w.org\/{rel}","templated":true}]}}