{"id":109460,"date":"2025-06-30T09:38:26","date_gmt":"2025-06-30T14:38:26","guid":{"rendered":"https:\/\/sertv.gob.pa\/nacionalfm\/?p=109460"},"modified":"2025-06-30T09:38:26","modified_gmt":"2025-06-30T14:38:26","slug":"durante-encuentro-mulino-sanchez-espana-se-interesa-para-invertir-en-el-tren-panama-david","status":"publish","type":"post","link":"https:\/\/sertv.gob.pa\/nacionalfm\/durante-encuentro-mulino-sanchez-espana-se-interesa-para-invertir-en-el-tren-panama-david\/","title":{"rendered":"Durante encuentro Mulino-S\u00e1nchez: Espa\u00f1a se interesa para invertir en el tren Panam\u00e1-David"},"content":{"rendered":"<div class=\"fusion-fullwidth fullwidth-box fusion-builder-row-1 fusion-flex-container has-pattern-background has-mask-background nonhundred-percent-fullwidth non-hundred-percent-height-scrolling\" style=\"--awb-border-radius-top-left:0px;--awb-border-radius-top-right:0px;--awb-border-radius-bottom-right:0px;--awb-border-radius-bottom-left:0px;--awb-flex-wrap:wrap;\" ><div class=\"fusion-builder-row fusion-row fusion-flex-align-items-flex-start fusion-flex-content-wrap\" style=\"max-width:1144px;margin-left: calc(-4% \/ 2 );margin-right: calc(-4% \/ 2 );\"><div class=\"fusion-layout-column fusion_builder_column fusion-builder-column-0 fusion_builder_column_1_1 1_1 fusion-flex-column\" style=\"--awb-bg-size:cover;--awb-width-large:100%;--awb-margin-top-large:0px;--awb-spacing-right-large:1.92%;--awb-margin-bottom-large:20px;--awb-spacing-left-large:1.92%;--awb-width-medium:100%;--awb-order-medium:0;--awb-spacing-right-medium:1.92%;--awb-spacing-left-medium:1.92%;--awb-width-small:100%;--awb-order-small:0;--awb-spacing-right-small:1.92%;--awb-spacing-left-small:1.92%;\"><div class=\"fusion-column-wrapper fusion-column-has-shadow fusion-flex-justify-content-flex-start fusion-content-layout-column\"><div class=\"fusion-text fusion-text-1\" style=\"--awb-content-alignment:justify;\"><p><em><strong>-El mandatario espa\u00f1ol destac\u00f3 la importancia de que los paname\u00f1os sigan manejando con eficiencia el Canal y afirm\u00f3 que Panam\u00e1 cuenta con un respaldo para salir de lista discriminatoria de la Uni\u00f3n Europea.-<\/strong><\/em><\/p>\n<p><strong>El presidente de Espa\u00f1a, Pedro S\u00e1nchez, recibi\u00f3 en Sevilla, al mandatario paname\u00f1o, Jos\u00e9 Ra\u00fal Mulino, quien se encontraba en ese pa\u00eds, desde el viernes, 27 de junio, en gira oficial.<\/strong><\/p>\n<p><strong>Durante el encuentro, entre ambos mandatarios, S\u00e1nchez, le dio a conocer, el gran inter\u00e9s de empresas espa\u00f1olas de invertir en obras insignia del Gobierno paname\u00f1o, entre estas, el tren Panam\u00e1-David-Frontera, un proyecto de B\/.500 millones, aproximadamente.<\/strong><\/p>\n<p><strong>S\u00e1nchez, revel\u00f3 que, Espa\u00f1a, es uno de los pa\u00edses que m\u00e1s kil\u00f3metros de l\u00edneas ferroviarias han construido en el mundo, por lo que le interesar\u00eda participar del proyecto que est\u00e1 formulando Panam\u00e1.<\/strong><\/p>\n<p><strong>De igual modo, Mulino, le indic\u00f3 que, la licitaci\u00f3n para construir el primer tramo de este tren ser\u00e1 en el primer trimestre del pr\u00f3ximo a\u00f1o, e inst\u00f3 a Espa\u00f1a a aportar por Panam\u00e1. \u201cEl mundo empieza a potenciar nuestra posici\u00f3n geogr\u00e1fica\u201d, dijo Mulino, en el contexto de la situaci\u00f3n geopol\u00edtica internacional.<\/strong><\/p>\n<p><strong>El presidente espa\u00f1ol, adem\u00e1s reiter\u00f3 inter\u00e9s por el Canal de Panam\u00e1 y su sistema portuario como parte clave del comercio mundial. Mulino, le dijo a S\u00e1nchez, que Panam\u00e1, ha logrado con \u00e9xito manejar esta ruta interoce\u00e1nica, y expres\u00f3 que, Panam\u00e1 trabaja en el replanteamiento de su estrategia portuaria, en el mercado que muchas de las grandes navieras tienen un inter\u00e9s por invertir en el pa\u00eds.<\/strong><\/p>\n<p><strong>Por otra parte, S\u00e1nchez y Mulino, acordaron potenciar los programas de cooperaci\u00f3n financiera. El equipo del presidente espa\u00f1ol, reconoci\u00f3 que, Panam\u00e1, cuenta con gran respaldo para salir de las listas discriminatorias.<\/strong><\/p>\n<p><strong>Ambos presidentes, tambi\u00e9n destacaron la importancia de estrechar sus lazos de cooperaci\u00f3n e integraci\u00f3n, recordando la pr\u00f3xima cumbre de la CELAC y la Uni\u00f3n Europea.<\/strong><\/p>\n<p><strong>Se destac\u00f3 que, ya la Comisi\u00f3n Europea recomend\u00f3 a Parlamento Europeo y al Consejo, excluir a Panam\u00e1, de la primera lista de blanqueo de capitales.<\/strong><\/p>\n<p><strong>Este encuentro entre ambos mandatarios, tambi\u00e9n permiti\u00f3 destacar el potencial ecotur\u00edstico, log\u00edstico y de inversi\u00f3n en energ\u00edas renovables que tiene Panam\u00e1, as\u00ed como el r\u00e9gimen de empresas multinacionales que ya ha permitido la instalaci\u00f3n en el pa\u00eds de importantes empresas espa\u00f1olas, como: Telef\u00f3nica S.A., Mapfre, Latamel SLU, Grupo AJE y OFG Telecomunicaciones.<\/strong><\/p>\n<\/div><\/div><\/div><\/div><\/div>\n","protected":false},"excerpt":{"rendered":"","protected":false},"author":9,"featured_media":109461,"comment_status":"closed","ping_status":"closed","sticky":false,"template":"","format":"standard","meta":{"footnotes":""},"categories":[2],"tags":[],"class_list":["post-109460","post","type-post","status-publish","format-standard","has-post-thumbnail","hentry","category-nacionales"],"_links":{"self":[{"href":"https:\/\/sertv.gob.pa\/nacionalfm\/wp-json\/wp\/v2\/posts\/109460","targetHints":{"allow":["GET"]}}],"collection":[{"href":"https:\/\/sertv.gob.pa\/nacionalfm\/wp-json\/wp\/v2\/posts"}],"about":[{"href":"https:\/\/sertv.gob.pa\/nacionalfm\/wp-json\/wp\/v2\/types\/post"}],"author":[{"embeddable":true,"href":"https:\/\/sertv.gob.pa\/nacionalfm\/wp-json\/wp\/v2\/users\/9"}],"replies":[{"embeddable":true,"href":"https:\/\/sertv.gob.pa\/nacionalfm\/wp-json\/wp\/v2\/comments?post=109460"}],"version-history":[{"count":1,"href":"https:\/\/sertv.gob.pa\/nacionalfm\/wp-json\/wp\/v2\/posts\/109460\/revisions"}],"predecessor-version":[{"id":109462,"href":"https:\/\/sertv.gob.pa\/nacionalfm\/wp-json\/wp\/v2\/posts\/109460\/revisions\/109462"}],"wp:featuredmedia":[{"embeddable":true,"href":"https:\/\/sertv.gob.pa\/nacionalfm\/wp-json\/wp\/v2\/media\/109461"}],"wp:attachment":[{"href":"https:\/\/sertv.gob.pa\/nacionalfm\/wp-json\/wp\/v2\/media?parent=109460"}],"wp:term":[{"taxonomy":"category","embeddable":true,"href":"https:\/\/sertv.gob.pa\/nacionalfm\/wp-json\/wp\/v2\/categories?post=109460"},{"taxonomy":"post_tag","embeddable":true,"href":"https:\/\/sertv.gob.pa\/nacionalfm\/wp-json\/wp\/v2\/tags?post=109460"}],"curies":[{"name":"wp","href":"https:\/\/api.w.org\/{rel}","templated":true}]}}