{"id":109463,"date":"2025-06-30T10:11:35","date_gmt":"2025-06-30T15:11:35","guid":{"rendered":"https:\/\/sertv.gob.pa\/nacionalfm\/?p=109463"},"modified":"2025-06-30T10:11:35","modified_gmt":"2025-06-30T15:11:35","slug":"presidente-jose-raul-mulino-coloca-a-panama-como-pieza-clave-en-la-relacion-entre-celac-y-la-union-europea","status":"publish","type":"post","link":"https:\/\/sertv.gob.pa\/nacionalfm\/presidente-jose-raul-mulino-coloca-a-panama-como-pieza-clave-en-la-relacion-entre-celac-y-la-union-europea\/","title":{"rendered":"Presidente Jos\u00e9 Ra\u00fal Mulino, coloca a Panam\u00e1 como pieza clave en la relaci\u00f3n entre CELAC y la Uni\u00f3n Europea"},"content":{"rendered":"<div class=\"fusion-fullwidth fullwidth-box fusion-builder-row-1 fusion-flex-container has-pattern-background has-mask-background nonhundred-percent-fullwidth non-hundred-percent-height-scrolling\" style=\"--awb-border-radius-top-left:0px;--awb-border-radius-top-right:0px;--awb-border-radius-bottom-right:0px;--awb-border-radius-bottom-left:0px;--awb-flex-wrap:wrap;\" ><div class=\"fusion-builder-row fusion-row fusion-flex-align-items-flex-start fusion-flex-content-wrap\" style=\"max-width:1144px;margin-left: calc(-4% \/ 2 );margin-right: calc(-4% \/ 2 );\"><div class=\"fusion-layout-column fusion_builder_column fusion-builder-column-0 fusion_builder_column_1_1 1_1 fusion-flex-column\" style=\"--awb-bg-size:cover;--awb-width-large:100%;--awb-margin-top-large:0px;--awb-spacing-right-large:1.92%;--awb-margin-bottom-large:20px;--awb-spacing-left-large:1.92%;--awb-width-medium:100%;--awb-order-medium:0;--awb-spacing-right-medium:1.92%;--awb-spacing-left-medium:1.92%;--awb-width-small:100%;--awb-order-small:0;--awb-spacing-right-small:1.92%;--awb-spacing-left-small:1.92%;\"><div class=\"fusion-column-wrapper fusion-column-has-shadow fusion-flex-justify-content-flex-start fusion-content-layout-column\"><div class=\"fusion-text fusion-text-1\" style=\"--awb-content-alignment:justify;\"><p><em><strong>-\u201cSomos m\u00e1s que papeles\u201d, destac\u00f3 ante la presidenta de la Comisi\u00f3n Europea. Resalt\u00f3 que Panam\u00e1 posee controles estrictos en el plano fiscal y financiero, lo que contradice su inclusi\u00f3n en listas discriminatorias-.<\/strong><\/em><\/p>\n<p><strong>El presidente de la Rep\u00fablica de Panam\u00e1, Jos\u00e9 Ra\u00fal Mulino, fue el encargado de representar a Latinoam\u00e9rica en el foro que organiz\u00f3 el Banco de Desarrollo de Am\u00e9rica Latina y el Caribe (CAF), donde destac\u00f3 que Panam\u00e1, se ofrece como facilitador clave para lograr el nuevo acercamiento que buscan la Comunidad de Estados Latinoamericanos y Caribe\u00f1os (CELAC) y la Uni\u00f3n Europea (UE).<\/strong><\/p>\n<p><strong>Durante el evento, el mandatario, puso a disposici\u00f3n el potencial de la infraestructura log\u00edstica de Panam\u00e1, una ventaja relevante desde la \u00e9poca colonial, debido a su privilegiada posici\u00f3n geogr\u00e1fica que hoy cobra vigencia teniendo como centro su Canal interoce\u00e1nico.<\/strong><\/p>\n<p><strong>El esfuerzo por esta unidad entre los pa\u00edses de Latinoam\u00e9rica y la UE cobra mayor importancia ante la situaci\u00f3n que atraviesa el mundo. \u201cNos encontramos en medio de una guerra comercial, dos conflictos b\u00e9licos y con millones de familias afectadas. En pocas palabras, el panorama global para el 2025 presenta una mezcla de incertidumbre pol\u00edtica y desaceleraci\u00f3n econ\u00f3mica. Todo esto se traduce con un crecimiento por debajo del 2.5%\u201d, advirti\u00f3 Mulino, y se\u00f1al\u00f3 que, al panorama se adiciona el efecto de los fen\u00f3menos meteorol\u00f3gicos extremos, como la prolongada sequ\u00eda que azot\u00f3 Panam\u00e1 entre 2023 y 2024, adem\u00e1s de inundaciones e incendios forestales que afectaron otros pa\u00edses de Latinoam\u00e9rica y Europa.<\/strong><\/p>\n<p><strong>Mulino, recalc\u00f3 la relevancia de mantener unidas las culturas y econom\u00edas de Latinoam\u00e9rica y la UE, poniendo a Panam\u00e1 en el centro de este esfuerzo renovado.<\/strong><\/p>\n<p><strong>\u201cM\u00e1s de 500 a\u00f1os despu\u00e9s, nuestra peque\u00f1a franja de tierra se mantiene como una ruta importante para seguir uniendo nuestras culturas y econom\u00edas. Panam\u00e1, pone al servicio del mundo toda su infraestructura log\u00edstica. \u00a1Somos m\u00e1s que papeles!\u201d, apunt\u00f3 Mulino ante la directiva de la CAF, la CELAC y los m\u00e1s altos representantes de la UE.<\/strong><\/p>\n<p><strong>Como ejemplo de las capacidades log\u00edsticas de Panam\u00e1, el presidente paname\u00f1o, indic\u00f3 que, m\u00e1s de 14 mil buques cruzaron el Canal y transportaron casi 300 millones de toneladas en el 2023.<\/strong><\/p>\n<p><strong>En los \u00faltimos 25 a\u00f1os, a\u00f1adi\u00f3 Mulino, Panam\u00e1, ha manejado el Canal a total satisfacci\u00f3n de todos sus usuarios, con un sistema portuario que moviliz\u00f3 m\u00e1s de 9.5 millones de TEU en el 2024.<\/strong><\/p>\n<p><strong>Paralelo a las ventajas log\u00edsticas, Mulino, tambi\u00e9n destac\u00f3 que, Panam\u00e1, posee una econom\u00eda estable con baja inflaci\u00f3n y una proyecci\u00f3n de crecimiento del 4% para este a\u00f1o, por encima de la tasa de crecimiento mundial.<\/strong><\/p>\n<p><strong>\u201cContamos con 23 acuerdos comerciales firmados. Recientemente, nos convertimos en Estado Asociado del Mercosur. Este bloque es un gigante mundial en productos agropecuarios e industriales; nosotros tenemos experiencia en log\u00edstica y en aumentar la competitividad del comercio mundial\u201d, expuso Mulino en el evento de la CAF.<\/strong><\/p>\n<p><strong>A este listado, Mulino, sum\u00f3 las capacidades en la actividad del transporte a\u00e9reo a trav\u00e9s de su aeropuerto, as\u00ed como el transporte terrestre, la integraci\u00f3n el\u00e9ctrica con Centroam\u00e9rica y Colombia, el r\u00e9gimen de empresas multinacionales, entre otras ventajas que ofrece Panam\u00e1.<\/strong><\/p>\n<p><strong>Record\u00f3 que, en 2016, los mal llamados \u201cPanama Papers\u201d afectaron de forma negativa la reputaci\u00f3n del pa\u00eds. No obstante, se\u00f1al\u00f3 que, desde ese entonces, las regulaciones en el pa\u00eds se han hecho mucho m\u00e1s estrictas.<\/strong><\/p>\n<p><strong>\u201cPanam\u00e1, sali\u00f3 oficialmente de la lista del GAFI en octubre de 2023, tras implementar reformas profundas contra el lavado de dinero y el financiamiento del terrorismo. Adem\u00e1s, la Comisi\u00f3n Europea recomend\u00f3 nuestra exclusi\u00f3n de la lista de jurisdicciones de alto riesgo en el blanqueo de capitales y financiamiento del terrorismo. Mantener a Panam\u00e1 en listas discriminatorias contradice estos reconocimientos\u201d, expres\u00f3 Mulino durante el evento de la CAF en el que participaron representantes de la Comisi\u00f3n Europea, ministros de los Gobiernos de Am\u00e9rica Latina y Bancos de Inversiones<\/strong><\/p>\n<p><strong>Sostuvo que, Panam\u00e1, ha consolidado un marco robusto de transparencia fiscal y financiera: implement\u00f3 el Registro de Beneficiarios Finales, tiene uno de los sistemas bancarios m\u00e1s regulados de la regi\u00f3n y participa activamente en foros internacionales.<\/strong><\/p>\n<p><strong>\u201cNuestra elecci\u00f3n como miembro no permanente del Consejo de Seguridad de la ONU y como presidente del grupo hemisf\u00e9rico de prevenci\u00f3n de lavado de dinero en la OEA demuestra su rol responsable\u201d, destac\u00f3 el presidente paname\u00f1o.<\/strong><\/p>\n<p><strong>Mulino, concluy\u00f3 su disertaci\u00f3n afirmando que este es el momento para maximizar \u201cel potencial que tenemos como regi\u00f3n y aprovechar que Panam\u00e1 es el puente del mundo y coraz\u00f3n del universo para que volvamos a brillar como hermanos. Deseo que podamos avanzar con la implementaci\u00f3n de la Agenda 2030 y las reformas de la arquitectura financiera internacional, que son los temas principales de la Cuarta Conferencia Internacional sobre Financiaci\u00f3n para el Desarrollo\u201d.<\/strong><\/p>\n<p><strong>Durante este foro CAF, el presidente Jos\u00e9 Ra\u00fal Mulino, estuvo acompa\u00f1ado por el canciller, Javier Mart\u00ednez-Acha; el ministro de Econom\u00eda y Finanzas, Felipe Chapman; el embajador de Panam\u00e1 en Espa\u00f1a, H\u00e9ctor Infante; y la secretaria Ejecutiva de Asuntos Econ\u00f3micos de la Presidencia, Kristelle Getzler.<\/strong><\/p>\n<\/div><div class=\"awb-gallery-wrapper awb-gallery-wrapper-1 button-span-no\" style=\"--more-btn-alignment:center;\"><div style=\"margin:-5px;--awb-bordersize:0px;\" class=\"fusion-gallery fusion-gallery-container fusion-grid-3 fusion-columns-total-3 fusion-gallery-layout-grid fusion-gallery-1\"><div style=\"padding:5px;\" class=\"fusion-grid-column fusion-gallery-column fusion-gallery-column-3 hover-type-none\"><div class=\"fusion-gallery-image\"><a href=\"https:\/\/sertv.gob.pa\/nacionalfm\/wp-content\/uploads\/sites\/6\/2025\/06\/PRESIDENTE-MULINO-EN-CAF-1.jpeg\" rel=\"noreferrer\" data-rel=\"iLightbox[gallery_image_1]\" class=\"fusion-lightbox\" target=\"_self\"><img decoding=\"async\" src=\"https:\/\/sertv.gob.pa\/nacionalfm\/wp-content\/uploads\/sites\/6\/2025\/06\/PRESIDENTE-MULINO-EN-CAF-1.jpeg\" width=\"600\" height=\"400\" alt=\"\" title=\"PRESIDENTE MULINO EN CAF 1\" aria-label=\"PRESIDENTE MULINO EN CAF 1\" class=\"img-responsive wp-image-109465\" srcset=\"https:\/\/sertv.gob.pa\/nacionalfm\/wp-content\/uploads\/sites\/6\/2025\/06\/PRESIDENTE-MULINO-EN-CAF-1-200x133.jpeg 200w, https:\/\/sertv.gob.pa\/nacionalfm\/wp-content\/uploads\/sites\/6\/2025\/06\/PRESIDENTE-MULINO-EN-CAF-1-400x267.jpeg 400w, https:\/\/sertv.gob.pa\/nacionalfm\/wp-content\/uploads\/sites\/6\/2025\/06\/PRESIDENTE-MULINO-EN-CAF-1.jpeg 600w\" sizes=\"(min-width: 2200px) 100vw, (min-width: 784px) 363px, (min-width: 712px) 545px, (min-width: 640px) 712px, \" \/><\/a><\/div><\/div><div style=\"padding:5px;\" class=\"fusion-grid-column fusion-gallery-column fusion-gallery-column-3 hover-type-none\"><div class=\"fusion-gallery-image\"><a href=\"https:\/\/sertv.gob.pa\/nacionalfm\/wp-content\/uploads\/sites\/6\/2025\/06\/PRESIDENTE-MULINO-EN-CAF-2.jpeg\" rel=\"noreferrer\" data-rel=\"iLightbox[gallery_image_1]\" class=\"fusion-lightbox\" target=\"_self\"><img decoding=\"async\" src=\"https:\/\/sertv.gob.pa\/nacionalfm\/wp-content\/uploads\/sites\/6\/2025\/06\/PRESIDENTE-MULINO-EN-CAF-2.jpeg\" width=\"600\" height=\"400\" alt=\"\" title=\"PRESIDENTE MULINO EN CAF 2\" aria-label=\"PRESIDENTE MULINO EN CAF 2\" class=\"img-responsive wp-image-109466\" srcset=\"https:\/\/sertv.gob.pa\/nacionalfm\/wp-content\/uploads\/sites\/6\/2025\/06\/PRESIDENTE-MULINO-EN-CAF-2-200x133.jpeg 200w, https:\/\/sertv.gob.pa\/nacionalfm\/wp-content\/uploads\/sites\/6\/2025\/06\/PRESIDENTE-MULINO-EN-CAF-2-400x267.jpeg 400w, https:\/\/sertv.gob.pa\/nacionalfm\/wp-content\/uploads\/sites\/6\/2025\/06\/PRESIDENTE-MULINO-EN-CAF-2.jpeg 600w\" sizes=\"(min-width: 2200px) 100vw, (min-width: 784px) 363px, (min-width: 712px) 545px, (min-width: 640px) 712px, \" \/><\/a><\/div><\/div><div style=\"padding:5px;\" class=\"fusion-grid-column fusion-gallery-column fusion-gallery-column-3 hover-type-none\"><div class=\"fusion-gallery-image\"><a href=\"https:\/\/sertv.gob.pa\/nacionalfm\/wp-content\/uploads\/sites\/6\/2025\/06\/PRESIDENTE-MULINO-EN-CAF-3.jpeg\" rel=\"noreferrer\" data-rel=\"iLightbox[gallery_image_1]\" class=\"fusion-lightbox\" target=\"_self\"><img decoding=\"async\" src=\"https:\/\/sertv.gob.pa\/nacionalfm\/wp-content\/uploads\/sites\/6\/2025\/06\/PRESIDENTE-MULINO-EN-CAF-3.jpeg\" width=\"600\" height=\"400\" alt=\"\" title=\"PRESIDENTE MULINO EN CAF 3\" aria-label=\"PRESIDENTE MULINO EN CAF 3\" class=\"img-responsive wp-image-109467\" srcset=\"https:\/\/sertv.gob.pa\/nacionalfm\/wp-content\/uploads\/sites\/6\/2025\/06\/PRESIDENTE-MULINO-EN-CAF-3-200x133.jpeg 200w, https:\/\/sertv.gob.pa\/nacionalfm\/wp-content\/uploads\/sites\/6\/2025\/06\/PRESIDENTE-MULINO-EN-CAF-3-400x267.jpeg 400w, https:\/\/sertv.gob.pa\/nacionalfm\/wp-content\/uploads\/sites\/6\/2025\/06\/PRESIDENTE-MULINO-EN-CAF-3.jpeg 600w\" sizes=\"(min-width: 2200px) 100vw, (min-width: 784px) 363px, (min-width: 712px) 545px, (min-width: 640px) 712px, \" \/><\/a><\/div><\/div><div class=\"clearfix\"><\/div><\/div><\/div><\/div><\/div><\/div><\/div>\n","protected":false},"excerpt":{"rendered":"","protected":false},"author":9,"featured_media":109464,"comment_status":"closed","ping_status":"closed","sticky":false,"template":"","format":"standard","meta":{"footnotes":""},"categories":[2],"tags":[],"class_list":["post-109463","post","type-post","status-publish","format-standard","has-post-thumbnail","hentry","category-nacionales"],"_links":{"self":[{"href":"https:\/\/sertv.gob.pa\/nacionalfm\/wp-json\/wp\/v2\/posts\/109463","targetHints":{"allow":["GET"]}}],"collection":[{"href":"https:\/\/sertv.gob.pa\/nacionalfm\/wp-json\/wp\/v2\/posts"}],"about":[{"href":"https:\/\/sertv.gob.pa\/nacionalfm\/wp-json\/wp\/v2\/types\/post"}],"author":[{"embeddable":true,"href":"https:\/\/sertv.gob.pa\/nacionalfm\/wp-json\/wp\/v2\/users\/9"}],"replies":[{"embeddable":true,"href":"https:\/\/sertv.gob.pa\/nacionalfm\/wp-json\/wp\/v2\/comments?post=109463"}],"version-history":[{"count":2,"href":"https:\/\/sertv.gob.pa\/nacionalfm\/wp-json\/wp\/v2\/posts\/109463\/revisions"}],"predecessor-version":[{"id":109469,"href":"https:\/\/sertv.gob.pa\/nacionalfm\/wp-json\/wp\/v2\/posts\/109463\/revisions\/109469"}],"wp:featuredmedia":[{"embeddable":true,"href":"https:\/\/sertv.gob.pa\/nacionalfm\/wp-json\/wp\/v2\/media\/109464"}],"wp:attachment":[{"href":"https:\/\/sertv.gob.pa\/nacionalfm\/wp-json\/wp\/v2\/media?parent=109463"}],"wp:term":[{"taxonomy":"category","embeddable":true,"href":"https:\/\/sertv.gob.pa\/nacionalfm\/wp-json\/wp\/v2\/categories?post=109463"},{"taxonomy":"post_tag","embeddable":true,"href":"https:\/\/sertv.gob.pa\/nacionalfm\/wp-json\/wp\/v2\/tags?post=109463"}],"curies":[{"name":"wp","href":"https:\/\/api.w.org\/{rel}","templated":true}]}}