{"id":109470,"date":"2025-06-30T10:52:09","date_gmt":"2025-06-30T15:52:09","guid":{"rendered":"https:\/\/sertv.gob.pa\/nacionalfm\/?p=109470"},"modified":"2025-06-30T10:52:09","modified_gmt":"2025-06-30T15:52:09","slug":"encuentro-mulino-goldfajn-panama-y-el-bid-afianzan-alianza-estrategica-para-ingreso-del-pais-a-la-ocde","status":"publish","type":"post","link":"https:\/\/sertv.gob.pa\/nacionalfm\/encuentro-mulino-goldfajn-panama-y-el-bid-afianzan-alianza-estrategica-para-ingreso-del-pais-a-la-ocde\/","title":{"rendered":"Encuentro Mulino &#8211; Goldfajn: Panam\u00e1 y el BID afianzan alianza estrat\u00e9gica para ingreso del pa\u00eds a la OCDE"},"content":{"rendered":"<p><em><strong>-El Secretario General de la OCDE tambi\u00e9n participa en la reuni\u00f3n que oficializa el tr\u00e1mite inicial para el pr\u00f3ximo ingreso de Panam\u00e1 a este grupo de pa\u00edses, lo que tendr\u00eda alto impacto sobre las inversiones y el sector financiero del pa\u00eds.-<\/strong><\/em><\/p>\n<p>&nbsp;<\/p>\n<p><strong>El presidente de la Rep\u00fablica de Panam\u00e1, Jos\u00e9 Ra\u00fal Mulino, continu\u00f3 este domingo, con su agenda oficial en Sevilla, Espa\u00f1a, donde sostuvo una reuni\u00f3n con el presidente del Banco Interamericano de Desarrollo (BID), Ilan Goldfajn, oficializando el respaldo de esta instituci\u00f3n multilateral de financiamiento para que Panam\u00e1 avance hacia una futura adhesi\u00f3n a la Organizaci\u00f3n para la Cooperaci\u00f3n y el Desarrollo Econ\u00f3micos (OCDE), que integran 38 naciones del mundo. Durante el encuentro, tambi\u00e9n se sum\u00f3 el secretario general de la OCDE, Mathias Cormann.<\/strong><\/p>\n<p><strong>Durante esta cita, el mandatario paname\u00f1o, reafirm\u00f3 el compromiso de Panam\u00e1, con la adopci\u00f3n de est\u00e1ndares internacionales y el fortalecimiento de sus instituciones, como parte de su hoja de ruta hacia la adhesi\u00f3n a este grupo, tambi\u00e9n conocido como el Club de los Pa\u00edses Desarrollados. En ese contexto, Panam\u00e1, prev\u00e9 avanzar en un Programa Pa\u00eds con la OCDE, como paso clave hacia una futura adhesi\u00f3n.<\/strong><\/p>\n<p><strong>Mientras que, Goldfajn, reiter\u00f3 que, el BID, dar\u00e1 apoyo t\u00e9cnico y financiero a Panam\u00e1, para avanzar de manera sostenida en el proceso de transformaci\u00f3n.<\/strong><\/p>\n<p><strong>\u201cAlinear pol\u00edticas e instituciones con los est\u00e1ndares de la OCDE es una forma concreta de avanzar en reformas que fortalecen la credibilidad del pa\u00eds. El BID, est\u00e1 listo para acompa\u00f1ar a Panam\u00e1 en ese proceso\u201d, indic\u00f3 Goldfajn.<\/strong><\/p>\n<p><strong>El presidente Mulino, agradeci\u00f3 el respaldo de la entidad multilateral y destac\u00f3 que, el acompa\u00f1amiento del BID ser\u00e1 crucial para que Panam\u00e1 alcance la madurez institucional de la OCDE y converja al mismo nivel de sus miembros atrayendo inversi\u00f3n extranjera directa que genera empleo para los paname\u00f1os. \u201cNo ser\u00e1 f\u00e1cil, pero por algo tenemos que empezar\u201d, dijo el presidente Mulino, al manifestar que, se instalar\u00e1 una comisi\u00f3n permanente para darle seguimiento al proceso de adhesi\u00f3n a la OCDE.<\/strong><\/p>\n<p><strong>Se debe mencionar que, como miembro de la OCDE, Panam\u00e1, obtendr\u00eda beneficios importantes a nivel econ\u00f3mico, institucional y de imagen internacional, ya que implicar\u00eda el reconocimiento como pa\u00eds que cumple altos est\u00e1ndares internacionales en temas como: gobernanza, transparencia y pol\u00edtica econ\u00f3mica.<\/strong><\/p>\n<p><strong>Con ello, Panam\u00e1, dejar\u00eda de ser calificado o se\u00f1ado dentro de las llamadas listas de para\u00edsos fiscales, y mejorar\u00eda su posici\u00f3n y confianza para atraer un mayor volumen de inversi\u00f3n extranjera.<\/strong><\/p>\n<p><strong>La adhesi\u00f3n de la OCDE, tambi\u00e9n conlleva compromisos positivos para Panam\u00e1, como la participaci\u00f3n en la toma de decisiones globales sobre econom\u00eda, la lucha contra la evasi\u00f3n fiscal y la inclusi\u00f3n financiera.<\/strong><\/p>\n<p><strong>Los pa\u00edses miembros de este grupo, est\u00e1n obligados a adoptar reformas en \u00e1reas claves como: gobernanza, justicia, educaci\u00f3n, medio ambiente y lucha contra la corrupci\u00f3n. Esto ayudar\u00eda a acelerar los procesos de modernizaci\u00f3n del Estado paname\u00f1o.<\/strong><\/p>\n<p><strong>Dentro de la OCDE, Panam\u00e1, tambi\u00e9n tendr\u00eda acceso privilegiado a estad\u00edsticas, estudios y experiencias de pa\u00edses desarrollados; adem\u00e1s, se facilita la cooperaci\u00f3n t\u00e9cnica y econ\u00f3mica con pa\u00edses socios.<\/strong><\/p>\n<p><strong>Acompa\u00f1aron al presidente Mulino durante este encuentro con el presidente del BID, el canciller, Javier Mart\u00ednez-Acha; el ministro de Econom\u00eda y Finanzas, Felipe Chapman; y la secretaria Ejecutiva de Asuntos Econ\u00f3micos, Kristelle Getzler.<\/strong><\/p>\n","protected":false},"excerpt":{"rendered":"<p>-El Secretario General de la OCDE tambi\u00e9n participa en la <a href=\"https:\/\/sertv.gob.pa\/nacionalfm\/encuentro-mulino-goldfajn-panama-y-el-bid-afianzan-alianza-estrategica-para-ingreso-del-pais-a-la-ocde\/\"> [&#8230;]<\/a><\/p>\n","protected":false},"author":9,"featured_media":109471,"comment_status":"closed","ping_status":"closed","sticky":false,"template":"","format":"standard","meta":{"footnotes":""},"categories":[2],"tags":[],"class_list":["post-109470","post","type-post","status-publish","format-standard","has-post-thumbnail","hentry","category-nacionales"],"_links":{"self":[{"href":"https:\/\/sertv.gob.pa\/nacionalfm\/wp-json\/wp\/v2\/posts\/109470","targetHints":{"allow":["GET"]}}],"collection":[{"href":"https:\/\/sertv.gob.pa\/nacionalfm\/wp-json\/wp\/v2\/posts"}],"about":[{"href":"https:\/\/sertv.gob.pa\/nacionalfm\/wp-json\/wp\/v2\/types\/post"}],"author":[{"embeddable":true,"href":"https:\/\/sertv.gob.pa\/nacionalfm\/wp-json\/wp\/v2\/users\/9"}],"replies":[{"embeddable":true,"href":"https:\/\/sertv.gob.pa\/nacionalfm\/wp-json\/wp\/v2\/comments?post=109470"}],"version-history":[{"count":1,"href":"https:\/\/sertv.gob.pa\/nacionalfm\/wp-json\/wp\/v2\/posts\/109470\/revisions"}],"predecessor-version":[{"id":109472,"href":"https:\/\/sertv.gob.pa\/nacionalfm\/wp-json\/wp\/v2\/posts\/109470\/revisions\/109472"}],"wp:featuredmedia":[{"embeddable":true,"href":"https:\/\/sertv.gob.pa\/nacionalfm\/wp-json\/wp\/v2\/media\/109471"}],"wp:attachment":[{"href":"https:\/\/sertv.gob.pa\/nacionalfm\/wp-json\/wp\/v2\/media?parent=109470"}],"wp:term":[{"taxonomy":"category","embeddable":true,"href":"https:\/\/sertv.gob.pa\/nacionalfm\/wp-json\/wp\/v2\/categories?post=109470"},{"taxonomy":"post_tag","embeddable":true,"href":"https:\/\/sertv.gob.pa\/nacionalfm\/wp-json\/wp\/v2\/tags?post=109470"}],"curies":[{"name":"wp","href":"https:\/\/api.w.org\/{rel}","templated":true}]}}