{"id":109473,"date":"2025-06-30T11:35:12","date_gmt":"2025-06-30T16:35:12","guid":{"rendered":"https:\/\/sertv.gob.pa\/nacionalfm\/?p=109473"},"modified":"2025-06-30T11:35:12","modified_gmt":"2025-06-30T16:35:12","slug":"rey-felipe-vi-de-espana-reconoce-labor-del-presidente-mulino-para-hacer-frente-a-retos-sociales-del-pais","status":"publish","type":"post","link":"https:\/\/sertv.gob.pa\/nacionalfm\/rey-felipe-vi-de-espana-reconoce-labor-del-presidente-mulino-para-hacer-frente-a-retos-sociales-del-pais\/","title":{"rendered":"Rey Felipe VI de Espa\u00f1a reconoce labor del Presidente Mulino para hacer frente a retos sociales del pa\u00eds"},"content":{"rendered":"<div class=\"fusion-fullwidth fullwidth-box fusion-builder-row-1 fusion-flex-container has-pattern-background has-mask-background nonhundred-percent-fullwidth non-hundred-percent-height-scrolling\" style=\"--awb-border-radius-top-left:0px;--awb-border-radius-top-right:0px;--awb-border-radius-bottom-right:0px;--awb-border-radius-bottom-left:0px;--awb-flex-wrap:wrap;\" ><div class=\"fusion-builder-row fusion-row fusion-flex-align-items-flex-start fusion-flex-content-wrap\" style=\"max-width:1144px;margin-left: calc(-4% \/ 2 );margin-right: calc(-4% \/ 2 );\"><div class=\"fusion-layout-column fusion_builder_column fusion-builder-column-0 fusion_builder_column_1_1 1_1 fusion-flex-column\" style=\"--awb-bg-size:cover;--awb-width-large:100%;--awb-margin-top-large:0px;--awb-spacing-right-large:1.92%;--awb-margin-bottom-large:20px;--awb-spacing-left-large:1.92%;--awb-width-medium:100%;--awb-order-medium:0;--awb-spacing-right-medium:1.92%;--awb-spacing-left-medium:1.92%;--awb-width-small:100%;--awb-order-small:0;--awb-spacing-right-small:1.92%;--awb-spacing-left-small:1.92%;\"><div class=\"fusion-column-wrapper fusion-column-has-shadow fusion-flex-justify-content-flex-start fusion-content-layout-column\"><div class=\"fusion-text fusion-text-1\" style=\"--awb-content-alignment:justify;\"><p><em><strong>El presidente de la Rep\u00fablica de Panam\u00e1, Jos\u00e9 Ra\u00fal Mulino, como parte de su gira oficial por Sevilla, sostuvo una audiencia bilateral con el rey de Espa\u00f1a, Felipe VI, quien reconoci\u00f3 el trabajo del Gobierno paname\u00f1o, para enfrentar los retos sociales, en referencia a la nueva ley de la Caja de Seguro Social.<\/strong><\/em><\/p>\n<p><strong>Al mismo tiempo, el rey Felipe VI, reiter\u00f3 el inter\u00e9s de empresas espa\u00f1olas por participar de los proyectos de infraestructura, tanto en el Canal de Panam\u00e1 como los que plantea el Gobierno Central.<\/strong><\/p>\n<p><strong>En este sentido, el presidente Mulino, le explic\u00f3 al rey de Espa\u00f1a, la importancia del proyecto del r\u00edo Indio para el sostenimiento de las operaciones del Canal. Recalc\u00f3 que, ello guarda gran relevancia para Espa\u00f1a, que es el d\u00e9cimo tercer usuario de la v\u00eda interoce\u00e1nica.<\/strong><\/p>\n<p><strong>Sobre el particular, el rey de Espa\u00f1a, tambi\u00e9n reconoci\u00f3 la eficiencia y neutralidad con que Panam\u00e1, ha manejado la operaci\u00f3n del Canal de Panam\u00e1, con un impacto en el comercio internacional.<\/strong><\/p>\n<p><strong>Durante su di\u00e1logo, ambos conversaron sobre los cambios geopol\u00edticos en el mundo y la necesidad de actualizar los acuerdos de cooperaci\u00f3n entre Panam\u00e1 y Espa\u00f1a. Adem\u00e1s, el monarca espa\u00f1ol, agradeci\u00f3 a Mulino, la seriedad que le ha dado su Gobierno en cumplir con los compromisos con empresas espa\u00f1olas.<\/strong><\/p>\n<p><strong>Otro punto que se abord\u00f3 en la audiencia, fue el tema de la lista fiscal discriminatoria de la Uni\u00f3n Europea. Felipe VI, expres\u00f3 que, Panam\u00e1, cuenta con el apoyo de Espa\u00f1a para que pronto pueda salir de esta lista de la Uni\u00f3n Europea contra los pa\u00edses no cooperadores en la lucha contra el blanqueo de capitales y financiamiento del terrorismo.<\/strong><\/p>\n<p><strong>En esta reuni\u00f3n, Felipe VI, tambi\u00e9n aprovech\u00f3, la ocasi\u00f3n para agradecer al presidente Mulino, el apoyo a su hija, la princesa Leonor, cuando cruz\u00f3 el Canal de Panam\u00e1 a bordo del buque escuela Juan Sebasti\u00e1n de Elcano como parte de su formaci\u00f3n militar.<\/strong><\/p>\n<p><strong>En el encuentro participaron, por el jefe de la Casa de su Majestad el Rey, Camilo Villarino Marzo; la secretaria de Estado para Iberoam\u00e9rica y el Caribe de Espa\u00f1a, Susana Sumeizo; y la consejera diplom\u00e1tica, Carmen Castiella Ruiz de Velasco. Por la parte de Panam\u00e1, estuvieron el canciller, Javier Mart\u00ednez-Acha, y el ministro de Econom\u00eda, Felipe Chapman.<\/strong><\/p>\n<\/div><div class=\"awb-gallery-wrapper awb-gallery-wrapper-1 button-span-no\" style=\"--more-btn-alignment:center;\"><div style=\"margin:-5px;--awb-bordersize:0px;\" class=\"fusion-gallery fusion-gallery-container fusion-grid-3 fusion-columns-total-5 fusion-gallery-layout-grid fusion-gallery-1\"><div style=\"padding:5px;\" class=\"fusion-grid-column fusion-gallery-column fusion-gallery-column-3 hover-type-none\"><div class=\"fusion-gallery-image\"><a href=\"https:\/\/sertv.gob.pa\/nacionalfm\/wp-content\/uploads\/sites\/6\/2025\/06\/REY-ESPANA-Y-MULINO-2.jpeg\" rel=\"noreferrer\" data-rel=\"iLightbox[gallery_image_1]\" class=\"fusion-lightbox\" target=\"_self\"><img decoding=\"async\" src=\"https:\/\/sertv.gob.pa\/nacionalfm\/wp-content\/uploads\/sites\/6\/2025\/06\/REY-ESPANA-Y-MULINO-2.jpeg\" width=\"600\" height=\"400\" alt=\"\" title=\"REY ESPA\u00d1A Y MULINO 2\" aria-label=\"REY ESPA\u00d1A Y MULINO 2\" class=\"img-responsive wp-image-109475\" srcset=\"https:\/\/sertv.gob.pa\/nacionalfm\/wp-content\/uploads\/sites\/6\/2025\/06\/REY-ESPANA-Y-MULINO-2-200x133.jpeg 200w, https:\/\/sertv.gob.pa\/nacionalfm\/wp-content\/uploads\/sites\/6\/2025\/06\/REY-ESPANA-Y-MULINO-2-400x267.jpeg 400w, https:\/\/sertv.gob.pa\/nacionalfm\/wp-content\/uploads\/sites\/6\/2025\/06\/REY-ESPANA-Y-MULINO-2.jpeg 600w\" sizes=\"(min-width: 2200px) 100vw, (min-width: 784px) 363px, (min-width: 712px) 545px, (min-width: 640px) 712px, \" \/><\/a><\/div><\/div><div style=\"padding:5px;\" class=\"fusion-grid-column fusion-gallery-column fusion-gallery-column-3 hover-type-none\"><div class=\"fusion-gallery-image\"><a href=\"https:\/\/sertv.gob.pa\/nacionalfm\/wp-content\/uploads\/sites\/6\/2025\/06\/REY-ESPANA-Y-MULINO-3.jpeg\" rel=\"noreferrer\" data-rel=\"iLightbox[gallery_image_1]\" class=\"fusion-lightbox\" target=\"_self\"><img decoding=\"async\" src=\"https:\/\/sertv.gob.pa\/nacionalfm\/wp-content\/uploads\/sites\/6\/2025\/06\/REY-ESPANA-Y-MULINO-3.jpeg\" width=\"600\" height=\"400\" alt=\"\" title=\"REY ESPA\u00d1A Y MULINO 3\" aria-label=\"REY ESPA\u00d1A Y MULINO 3\" class=\"img-responsive wp-image-109476\" srcset=\"https:\/\/sertv.gob.pa\/nacionalfm\/wp-content\/uploads\/sites\/6\/2025\/06\/REY-ESPANA-Y-MULINO-3-200x133.jpeg 200w, https:\/\/sertv.gob.pa\/nacionalfm\/wp-content\/uploads\/sites\/6\/2025\/06\/REY-ESPANA-Y-MULINO-3-400x267.jpeg 400w, https:\/\/sertv.gob.pa\/nacionalfm\/wp-content\/uploads\/sites\/6\/2025\/06\/REY-ESPANA-Y-MULINO-3.jpeg 600w\" sizes=\"(min-width: 2200px) 100vw, (min-width: 784px) 363px, (min-width: 712px) 545px, (min-width: 640px) 712px, \" \/><\/a><\/div><\/div><div style=\"padding:5px;\" class=\"fusion-grid-column fusion-gallery-column fusion-gallery-column-3 hover-type-none\"><div class=\"fusion-gallery-image\"><a href=\"https:\/\/sertv.gob.pa\/nacionalfm\/wp-content\/uploads\/sites\/6\/2025\/06\/REY-ESPANA-Y-MULINO-4.jpeg\" rel=\"noreferrer\" data-rel=\"iLightbox[gallery_image_1]\" class=\"fusion-lightbox\" target=\"_self\"><img decoding=\"async\" src=\"https:\/\/sertv.gob.pa\/nacionalfm\/wp-content\/uploads\/sites\/6\/2025\/06\/REY-ESPANA-Y-MULINO-4.jpeg\" width=\"400\" height=\"600\" alt=\"\" title=\"REY ESPA\u00d1A Y MULINO 4\" aria-label=\"REY ESPA\u00d1A Y MULINO 4\" class=\"img-responsive wp-image-109477\" srcset=\"https:\/\/sertv.gob.pa\/nacionalfm\/wp-content\/uploads\/sites\/6\/2025\/06\/REY-ESPANA-Y-MULINO-4-200x300.jpeg 200w, https:\/\/sertv.gob.pa\/nacionalfm\/wp-content\/uploads\/sites\/6\/2025\/06\/REY-ESPANA-Y-MULINO-4.jpeg 400w\" sizes=\"(min-width: 2200px) 100vw, (min-width: 784px) 363px, (min-width: 712px) 545px, (min-width: 640px) 712px, \" \/><\/a><\/div><\/div><div class=\"clearfix\"><\/div><div style=\"padding:5px;\" class=\"fusion-grid-column fusion-gallery-column fusion-gallery-column-3 hover-type-none\"><div class=\"fusion-gallery-image\"><a href=\"https:\/\/sertv.gob.pa\/nacionalfm\/wp-content\/uploads\/sites\/6\/2025\/06\/REY-ESPANA-Y-MULINO-5.jpeg\" rel=\"noreferrer\" data-rel=\"iLightbox[gallery_image_1]\" class=\"fusion-lightbox\" target=\"_self\"><img decoding=\"async\" src=\"https:\/\/sertv.gob.pa\/nacionalfm\/wp-content\/uploads\/sites\/6\/2025\/06\/REY-ESPANA-Y-MULINO-5.jpeg\" width=\"600\" height=\"400\" alt=\"\" title=\"REY ESPA\u00d1A Y MULINO 5\" aria-label=\"REY ESPA\u00d1A Y MULINO 5\" class=\"img-responsive wp-image-109478\" srcset=\"https:\/\/sertv.gob.pa\/nacionalfm\/wp-content\/uploads\/sites\/6\/2025\/06\/REY-ESPANA-Y-MULINO-5-200x133.jpeg 200w, https:\/\/sertv.gob.pa\/nacionalfm\/wp-content\/uploads\/sites\/6\/2025\/06\/REY-ESPANA-Y-MULINO-5-400x267.jpeg 400w, https:\/\/sertv.gob.pa\/nacionalfm\/wp-content\/uploads\/sites\/6\/2025\/06\/REY-ESPANA-Y-MULINO-5.jpeg 600w\" sizes=\"(min-width: 2200px) 100vw, (min-width: 784px) 363px, (min-width: 712px) 545px, (min-width: 640px) 712px, \" \/><\/a><\/div><\/div><div style=\"padding:5px;\" class=\"fusion-grid-column fusion-gallery-column fusion-gallery-column-3 hover-type-none\"><div class=\"fusion-gallery-image\"><a href=\"https:\/\/sertv.gob.pa\/nacionalfm\/wp-content\/uploads\/sites\/6\/2025\/06\/REY-ESPANA-Y-MULINO-6.jpeg\" rel=\"noreferrer\" data-rel=\"iLightbox[gallery_image_1]\" class=\"fusion-lightbox\" target=\"_self\"><img decoding=\"async\" src=\"https:\/\/sertv.gob.pa\/nacionalfm\/wp-content\/uploads\/sites\/6\/2025\/06\/REY-ESPANA-Y-MULINO-6.jpeg\" width=\"600\" height=\"400\" alt=\"\" title=\"REY ESPA\u00d1A Y MULINO 6\" aria-label=\"REY ESPA\u00d1A Y MULINO 6\" class=\"img-responsive wp-image-109479\" srcset=\"https:\/\/sertv.gob.pa\/nacionalfm\/wp-content\/uploads\/sites\/6\/2025\/06\/REY-ESPANA-Y-MULINO-6-200x133.jpeg 200w, https:\/\/sertv.gob.pa\/nacionalfm\/wp-content\/uploads\/sites\/6\/2025\/06\/REY-ESPANA-Y-MULINO-6-400x267.jpeg 400w, https:\/\/sertv.gob.pa\/nacionalfm\/wp-content\/uploads\/sites\/6\/2025\/06\/REY-ESPANA-Y-MULINO-6.jpeg 600w\" sizes=\"(min-width: 2200px) 100vw, (min-width: 784px) 363px, (min-width: 712px) 545px, (min-width: 640px) 712px, \" \/><\/a><\/div><\/div><\/div><\/div><\/div><\/div><\/div><\/div>\n","protected":false},"excerpt":{"rendered":"","protected":false},"author":9,"featured_media":109474,"comment_status":"closed","ping_status":"closed","sticky":false,"template":"","format":"standard","meta":{"footnotes":""},"categories":[2],"tags":[],"class_list":["post-109473","post","type-post","status-publish","format-standard","has-post-thumbnail","hentry","category-nacionales"],"_links":{"self":[{"href":"https:\/\/sertv.gob.pa\/nacionalfm\/wp-json\/wp\/v2\/posts\/109473","targetHints":{"allow":["GET"]}}],"collection":[{"href":"https:\/\/sertv.gob.pa\/nacionalfm\/wp-json\/wp\/v2\/posts"}],"about":[{"href":"https:\/\/sertv.gob.pa\/nacionalfm\/wp-json\/wp\/v2\/types\/post"}],"author":[{"embeddable":true,"href":"https:\/\/sertv.gob.pa\/nacionalfm\/wp-json\/wp\/v2\/users\/9"}],"replies":[{"embeddable":true,"href":"https:\/\/sertv.gob.pa\/nacionalfm\/wp-json\/wp\/v2\/comments?post=109473"}],"version-history":[{"count":1,"href":"https:\/\/sertv.gob.pa\/nacionalfm\/wp-json\/wp\/v2\/posts\/109473\/revisions"}],"predecessor-version":[{"id":109480,"href":"https:\/\/sertv.gob.pa\/nacionalfm\/wp-json\/wp\/v2\/posts\/109473\/revisions\/109480"}],"wp:featuredmedia":[{"embeddable":true,"href":"https:\/\/sertv.gob.pa\/nacionalfm\/wp-json\/wp\/v2\/media\/109474"}],"wp:attachment":[{"href":"https:\/\/sertv.gob.pa\/nacionalfm\/wp-json\/wp\/v2\/media?parent=109473"}],"wp:term":[{"taxonomy":"category","embeddable":true,"href":"https:\/\/sertv.gob.pa\/nacionalfm\/wp-json\/wp\/v2\/categories?post=109473"},{"taxonomy":"post_tag","embeddable":true,"href":"https:\/\/sertv.gob.pa\/nacionalfm\/wp-json\/wp\/v2\/tags?post=109473"}],"curies":[{"name":"wp","href":"https:\/\/api.w.org\/{rel}","templated":true}]}}