{"id":109481,"date":"2025-06-30T11:53:52","date_gmt":"2025-06-30T16:53:52","guid":{"rendered":"https:\/\/sertv.gob.pa\/nacionalfm\/?p=109481"},"modified":"2025-06-30T11:53:52","modified_gmt":"2025-06-30T16:53:52","slug":"presidenta-de-la-comision-europea-reconoce-el-trabajo-de-panama-en-la-lucha-contra-el-blanqueo-de-capitales","status":"publish","type":"post","link":"https:\/\/sertv.gob.pa\/nacionalfm\/presidenta-de-la-comision-europea-reconoce-el-trabajo-de-panama-en-la-lucha-contra-el-blanqueo-de-capitales\/","title":{"rendered":"Presidenta de la Comisi\u00f3n Europea reconoce el trabajo de Panam\u00e1 en la lucha contra el blanqueo de capitales"},"content":{"rendered":"<p><em><strong>Una reuni\u00f3n de gran relevancia realiz\u00f3 el presidente de la Rep\u00fablica de Panam\u00e1, Jos\u00e9 Ra\u00fal Mulino, con la presidenta de la Comisi\u00f3n Europea, Ursula von der Leyen, dentro de su agenda en Sevilla, Espa\u00f1a, quien reconoci\u00f3 el trabajo de Panam\u00e1, en su lucha contra el blanqueo de capitales y el financiamiento del terrorismo.<\/strong><\/em><\/p>\n<p><strong>Von der Leyen, adem\u00e1s elogi\u00f3 a Panam\u00e1 por los resultados del Decreto 512 de 2024, que establece el levantamiento de la bandera paname\u00f1a a las embarcaciones de la marina mercante que est\u00e9n sancionadas por la Uni\u00f3n Europea u otros pa\u00edses.<\/strong><\/p>\n<p><strong>Igualmente se\u00f1al\u00f3, la importancia de que Panam\u00e1 est\u00e9 avanzando en la agenda del programa Global Gateway, sobre financiamiento de proyectos de infraestructura, entre ellos: la Interconexi\u00f3n El\u00e9ctrica de los Pa\u00edses de Am\u00e9rica Central (SIEPAC), la interconexi\u00f3n con Colombia y ahora con el proyecto del tren Panam\u00e1-David-Frontera.<\/strong><\/p>\n<p><strong>A la vez, inst\u00f3 a Panam\u00e1 a seguir trabajando para lograr la aprobaci\u00f3n final del Parlamento Europeo para ser excluida de la lista de pa\u00edses no cooperadores en la lucha contra el blanqueo de capitales y el financiamiento del terrorismo.<\/strong><\/p>\n<p><strong>Por otro lado, el presidente Mulino, agradeci\u00f3 a Von der Leyen por reconocer los esfuerzos de Panam\u00e1 para lograr este objetivo que afecta la imagen internacional de Panam\u00e1 y la atracci\u00f3n de inversiones.<\/strong><\/p>\n<p><strong>Durante esta reuni\u00f3n, se cont\u00f3 con la presencia del canciller, Javier Mart\u00ednez-Acha; el ministro de Econom\u00eda y Finanzas, Felipe Chapman; el embajador de Panam\u00e1 en Espa\u00f1a, H\u00e9ctor Infante; y la secretaria Ejecutiva de Asuntos Econ\u00f3micos, Kristelle Getzler.<\/strong><\/p>\n","protected":false},"excerpt":{"rendered":"<p>Una reuni\u00f3n de gran relevancia realiz\u00f3 el presidente de la <a href=\"https:\/\/sertv.gob.pa\/nacionalfm\/presidenta-de-la-comision-europea-reconoce-el-trabajo-de-panama-en-la-lucha-contra-el-blanqueo-de-capitales\/\"> [&#8230;]<\/a><\/p>\n","protected":false},"author":9,"featured_media":109482,"comment_status":"closed","ping_status":"closed","sticky":false,"template":"","format":"standard","meta":{"footnotes":""},"categories":[2],"tags":[],"class_list":["post-109481","post","type-post","status-publish","format-standard","has-post-thumbnail","hentry","category-nacionales"],"_links":{"self":[{"href":"https:\/\/sertv.gob.pa\/nacionalfm\/wp-json\/wp\/v2\/posts\/109481","targetHints":{"allow":["GET"]}}],"collection":[{"href":"https:\/\/sertv.gob.pa\/nacionalfm\/wp-json\/wp\/v2\/posts"}],"about":[{"href":"https:\/\/sertv.gob.pa\/nacionalfm\/wp-json\/wp\/v2\/types\/post"}],"author":[{"embeddable":true,"href":"https:\/\/sertv.gob.pa\/nacionalfm\/wp-json\/wp\/v2\/users\/9"}],"replies":[{"embeddable":true,"href":"https:\/\/sertv.gob.pa\/nacionalfm\/wp-json\/wp\/v2\/comments?post=109481"}],"version-history":[{"count":1,"href":"https:\/\/sertv.gob.pa\/nacionalfm\/wp-json\/wp\/v2\/posts\/109481\/revisions"}],"predecessor-version":[{"id":109483,"href":"https:\/\/sertv.gob.pa\/nacionalfm\/wp-json\/wp\/v2\/posts\/109481\/revisions\/109483"}],"wp:featuredmedia":[{"embeddable":true,"href":"https:\/\/sertv.gob.pa\/nacionalfm\/wp-json\/wp\/v2\/media\/109482"}],"wp:attachment":[{"href":"https:\/\/sertv.gob.pa\/nacionalfm\/wp-json\/wp\/v2\/media?parent=109481"}],"wp:term":[{"taxonomy":"category","embeddable":true,"href":"https:\/\/sertv.gob.pa\/nacionalfm\/wp-json\/wp\/v2\/categories?post=109481"},{"taxonomy":"post_tag","embeddable":true,"href":"https:\/\/sertv.gob.pa\/nacionalfm\/wp-json\/wp\/v2\/tags?post=109481"}],"curies":[{"name":"wp","href":"https:\/\/api.w.org\/{rel}","templated":true}]}}