{"id":109484,"date":"2025-06-30T12:50:12","date_gmt":"2025-06-30T17:50:12","guid":{"rendered":"https:\/\/sertv.gob.pa\/nacionalfm\/?p=109484"},"modified":"2025-06-30T12:50:12","modified_gmt":"2025-06-30T17:50:12","slug":"presidente-jose-raul-mulino-acude-a-encuentro-brindado-por-el-rey-de-espana-felipe-vi-para-mas-de-30-jefes-de-estado","status":"publish","type":"post","link":"https:\/\/sertv.gob.pa\/nacionalfm\/presidente-jose-raul-mulino-acude-a-encuentro-brindado-por-el-rey-de-espana-felipe-vi-para-mas-de-30-jefes-de-estado\/","title":{"rendered":"Presidente Jos\u00e9 Ra\u00fal Mulino, acude a encuentro brindado por el Rey de Espa\u00f1a, Felipe VI, para m\u00e1s de 30 Jefes de Estado"},"content":{"rendered":"<p><em><strong>El Presidente de Panam\u00e1, Jos\u00e9 Ra\u00fal Mulino, concluy\u00f3 su gira oficial por Sevilla Espa\u00f1a, luego de participar de seis reuniones de gran importancia para el pa\u00eds, todas estas dirigidas a mejorar la imagen internacional de Panam\u00e1 y posesionar al pa\u00eds, como destino de inversiones.<\/strong><\/em><\/p>\n<p><strong>Para finalizar su agenda oficial, el mandatario Mulino y la Primera Dama, Maricel Cohen de Mulino, asistieron a una cena, la cual fue ofrecida por el Rey de Espa\u00f1a, Felipe VI, a los 30 jefes de Estado que visitaron Sevilla, en el marco de la IV Conferencia Internacional sobre Financiaci\u00f3n para el Desarrollo (FfD4) de la Organizaci\u00f3n de Naciones Unidas (ONU).<\/strong><\/p>\n","protected":false},"excerpt":{"rendered":"<p>El Presidente de Panam\u00e1, Jos\u00e9 Ra\u00fal Mulino, concluy\u00f3 su gira <a href=\"https:\/\/sertv.gob.pa\/nacionalfm\/presidente-jose-raul-mulino-acude-a-encuentro-brindado-por-el-rey-de-espana-felipe-vi-para-mas-de-30-jefes-de-estado\/\"> [&#8230;]<\/a><\/p>\n","protected":false},"author":9,"featured_media":109485,"comment_status":"closed","ping_status":"closed","sticky":false,"template":"","format":"standard","meta":{"footnotes":""},"categories":[2],"tags":[],"class_list":["post-109484","post","type-post","status-publish","format-standard","has-post-thumbnail","hentry","category-nacionales"],"_links":{"self":[{"href":"https:\/\/sertv.gob.pa\/nacionalfm\/wp-json\/wp\/v2\/posts\/109484","targetHints":{"allow":["GET"]}}],"collection":[{"href":"https:\/\/sertv.gob.pa\/nacionalfm\/wp-json\/wp\/v2\/posts"}],"about":[{"href":"https:\/\/sertv.gob.pa\/nacionalfm\/wp-json\/wp\/v2\/types\/post"}],"author":[{"embeddable":true,"href":"https:\/\/sertv.gob.pa\/nacionalfm\/wp-json\/wp\/v2\/users\/9"}],"replies":[{"embeddable":true,"href":"https:\/\/sertv.gob.pa\/nacionalfm\/wp-json\/wp\/v2\/comments?post=109484"}],"version-history":[{"count":1,"href":"https:\/\/sertv.gob.pa\/nacionalfm\/wp-json\/wp\/v2\/posts\/109484\/revisions"}],"predecessor-version":[{"id":109486,"href":"https:\/\/sertv.gob.pa\/nacionalfm\/wp-json\/wp\/v2\/posts\/109484\/revisions\/109486"}],"wp:featuredmedia":[{"embeddable":true,"href":"https:\/\/sertv.gob.pa\/nacionalfm\/wp-json\/wp\/v2\/media\/109485"}],"wp:attachment":[{"href":"https:\/\/sertv.gob.pa\/nacionalfm\/wp-json\/wp\/v2\/media?parent=109484"}],"wp:term":[{"taxonomy":"category","embeddable":true,"href":"https:\/\/sertv.gob.pa\/nacionalfm\/wp-json\/wp\/v2\/categories?post=109484"},{"taxonomy":"post_tag","embeddable":true,"href":"https:\/\/sertv.gob.pa\/nacionalfm\/wp-json\/wp\/v2\/tags?post=109484"}],"curies":[{"name":"wp","href":"https:\/\/api.w.org\/{rel}","templated":true}]}}