{"id":109487,"date":"2025-06-30T13:00:15","date_gmt":"2025-06-30T18:00:15","guid":{"rendered":"https:\/\/sertv.gob.pa\/nacionalfm\/?p=109487"},"modified":"2025-06-30T13:00:15","modified_gmt":"2025-06-30T18:00:15","slug":"pensionados-y-jubilados-que-retiran-cheques-en-los-mosqueteros-deberan-efectuar-el-retiro-en-el-edificio-bolivar","status":"publish","type":"post","link":"https:\/\/sertv.gob.pa\/nacionalfm\/pensionados-y-jubilados-que-retiran-cheques-en-los-mosqueteros-deberan-efectuar-el-retiro-en-el-edificio-bolivar\/","title":{"rendered":"Pensionados y jubilados que retiran cheques en Los Mosqueteros deber\u00e1n efectuar el retiro en el edificio Bol\u00edvar"},"content":{"rendered":"<p><strong>La Caja de Seguro Social (CSS) informa a los pensionados, jubilados y entidades crediticias que retiran cheques en el edificio Los Mosqueteros que, a partir del pr\u00f3ximo lunes 30 de junio, deben dirigirse al edificio Bol\u00edvar, ubicado en la v\u00eda Trans\u00edstmica.<\/strong><\/p>\n<p><strong>El cambio obedece al traslado temporal de operaciones al Bol\u00edvar del Departamento de Pagos de Pensiones, Jubilaciones y Otros Derechos, debido a los da\u00f1os estructurales que presenta el edificio Los Mosqueteros.<\/strong><\/p>\n<p><strong>A partir del lunes 30 de junio, en la entrada principal del edificio Bol\u00edvar, se habilitar\u00e1n dos ventanillas de atenci\u00f3n: en la Puerta 05 se realizar\u00e1 la entrega de cheques a pensionados, jubilados y entidades crediticias, mientras que en la ventanilla ubicada en la puerta de \u201cNotificaciones\u201d, se atender\u00e1n los casos de reposici\u00f3n de cheques reintegrados.<\/strong><\/p>\n<p><strong>Para los servicios de tr\u00e1mite de documentos de pensionados en temas de descuentos, consultas de deducciones y certificaciones sin fines de lucro deben ingresar por la entrada principal del Edificio Bol\u00edvar, y bajar al entrepiso.<\/strong><\/p>\n<p><strong>La Direcci\u00f3n Ejecutiva Nacional de Prestaciones Econ\u00f3micas reitera su compromiso con la calidad del servicio y agradece la comprensi\u00f3n de los usuarios durante este proceso log\u00edstico, orientado a garantizar un entorno seguro y funcional para colaboradores, asegurados y pensionados.<\/strong><\/p>\n<p><strong>Panam\u00e1, 28 de junio de 2025<\/strong><\/p>\n<p>&nbsp;<\/p>\n","protected":false},"excerpt":{"rendered":"<p>La Caja de Seguro Social (CSS) informa a los pensionados, <a href=\"https:\/\/sertv.gob.pa\/nacionalfm\/pensionados-y-jubilados-que-retiran-cheques-en-los-mosqueteros-deberan-efectuar-el-retiro-en-el-edificio-bolivar\/\"> [&#8230;]<\/a><\/p>\n","protected":false},"author":9,"featured_media":105228,"comment_status":"closed","ping_status":"closed","sticky":false,"template":"","format":"standard","meta":{"footnotes":""},"categories":[2],"tags":[],"class_list":["post-109487","post","type-post","status-publish","format-standard","has-post-thumbnail","hentry","category-nacionales"],"_links":{"self":[{"href":"https:\/\/sertv.gob.pa\/nacionalfm\/wp-json\/wp\/v2\/posts\/109487","targetHints":{"allow":["GET"]}}],"collection":[{"href":"https:\/\/sertv.gob.pa\/nacionalfm\/wp-json\/wp\/v2\/posts"}],"about":[{"href":"https:\/\/sertv.gob.pa\/nacionalfm\/wp-json\/wp\/v2\/types\/post"}],"author":[{"embeddable":true,"href":"https:\/\/sertv.gob.pa\/nacionalfm\/wp-json\/wp\/v2\/users\/9"}],"replies":[{"embeddable":true,"href":"https:\/\/sertv.gob.pa\/nacionalfm\/wp-json\/wp\/v2\/comments?post=109487"}],"version-history":[{"count":1,"href":"https:\/\/sertv.gob.pa\/nacionalfm\/wp-json\/wp\/v2\/posts\/109487\/revisions"}],"predecessor-version":[{"id":109488,"href":"https:\/\/sertv.gob.pa\/nacionalfm\/wp-json\/wp\/v2\/posts\/109487\/revisions\/109488"}],"wp:featuredmedia":[{"embeddable":true,"href":"https:\/\/sertv.gob.pa\/nacionalfm\/wp-json\/wp\/v2\/media\/105228"}],"wp:attachment":[{"href":"https:\/\/sertv.gob.pa\/nacionalfm\/wp-json\/wp\/v2\/media?parent=109487"}],"wp:term":[{"taxonomy":"category","embeddable":true,"href":"https:\/\/sertv.gob.pa\/nacionalfm\/wp-json\/wp\/v2\/categories?post=109487"},{"taxonomy":"post_tag","embeddable":true,"href":"https:\/\/sertv.gob.pa\/nacionalfm\/wp-json\/wp\/v2\/tags?post=109487"}],"curies":[{"name":"wp","href":"https:\/\/api.w.org\/{rel}","templated":true}]}}