{"id":109501,"date":"2025-06-30T14:24:43","date_gmt":"2025-06-30T19:24:43","guid":{"rendered":"https:\/\/sertv.gob.pa\/nacionalfm\/?p=109501"},"modified":"2025-06-30T14:25:50","modified_gmt":"2025-06-30T19:25:50","slug":"equipo-de-conapred-y-meduca-trabajan-en-conjunto-para-promover-la-prevencion-del-uso-indebido-de-drogs-en-panama","status":"publish","type":"post","link":"https:\/\/sertv.gob.pa\/nacionalfm\/equipo-de-conapred-y-meduca-trabajan-en-conjunto-para-promover-la-prevencion-del-uso-indebido-de-drogs-en-panama\/","title":{"rendered":"Equipo de CONAPRED y MEDUCA trabajan en conjunto para promover la prevenci\u00f3n del uso indebido de drogas en Panam\u00e1"},"content":{"rendered":"<p><em><strong>Con la intenci\u00f3n de promover valores y habilidades para la prevenci\u00f3n del uso indebido de drogas en la poblaci\u00f3n estudiantil y la comunidad educativa en general, la Comisi\u00f3n Nacional para el Estudio y la Prevenci\u00f3n de los Delitos Relacionados con Drogas (CONAPRED) llev\u00f3 a cabo recientemente, una feria familiar.<\/strong><\/em><\/p>\n<p><strong>Para esta actividad, el Ministerio de Educaci\u00f3n de Panam\u00e1 (MEDUCA), estuvo presente a trav\u00e9s de la Direcci\u00f3n Nacional de Servicios Psicoeducativos, con la finalidad de brindar conocimientos y herramientas para prevenir y atender este importante tema.<\/strong><\/p>\n<p><strong>En este sentido, la directora nacional de Servicios Psicoeducativos, Verushka Ord\u00e1s, enfatiz\u00f3 que, la prevenci\u00f3n es clave para proteger a los estudiantes y a la comunidad educativa en general.<\/strong><\/p>\n<p><strong>Con estas acciones, CONAPRED y MEDUCA, reafirman su compromiso de trabajar juntos para prevenir el uso indebido de drogas y promover un entorno seguro y saludable para la poblaci\u00f3n estudiantil y la comunidad educativa en general.<\/strong><\/p>\n","protected":false},"excerpt":{"rendered":"<p>Con la intenci\u00f3n de promover valores y habilidades para la <a href=\"https:\/\/sertv.gob.pa\/nacionalfm\/equipo-de-conapred-y-meduca-trabajan-en-conjunto-para-promover-la-prevencion-del-uso-indebido-de-drogs-en-panama\/\"> [&#8230;]<\/a><\/p>\n","protected":false},"author":9,"featured_media":109502,"comment_status":"closed","ping_status":"closed","sticky":false,"template":"","format":"standard","meta":{"footnotes":""},"categories":[2],"tags":[],"class_list":["post-109501","post","type-post","status-publish","format-standard","has-post-thumbnail","hentry","category-nacionales"],"_links":{"self":[{"href":"https:\/\/sertv.gob.pa\/nacionalfm\/wp-json\/wp\/v2\/posts\/109501","targetHints":{"allow":["GET"]}}],"collection":[{"href":"https:\/\/sertv.gob.pa\/nacionalfm\/wp-json\/wp\/v2\/posts"}],"about":[{"href":"https:\/\/sertv.gob.pa\/nacionalfm\/wp-json\/wp\/v2\/types\/post"}],"author":[{"embeddable":true,"href":"https:\/\/sertv.gob.pa\/nacionalfm\/wp-json\/wp\/v2\/users\/9"}],"replies":[{"embeddable":true,"href":"https:\/\/sertv.gob.pa\/nacionalfm\/wp-json\/wp\/v2\/comments?post=109501"}],"version-history":[{"count":2,"href":"https:\/\/sertv.gob.pa\/nacionalfm\/wp-json\/wp\/v2\/posts\/109501\/revisions"}],"predecessor-version":[{"id":109504,"href":"https:\/\/sertv.gob.pa\/nacionalfm\/wp-json\/wp\/v2\/posts\/109501\/revisions\/109504"}],"wp:featuredmedia":[{"embeddable":true,"href":"https:\/\/sertv.gob.pa\/nacionalfm\/wp-json\/wp\/v2\/media\/109502"}],"wp:attachment":[{"href":"https:\/\/sertv.gob.pa\/nacionalfm\/wp-json\/wp\/v2\/media?parent=109501"}],"wp:term":[{"taxonomy":"category","embeddable":true,"href":"https:\/\/sertv.gob.pa\/nacionalfm\/wp-json\/wp\/v2\/categories?post=109501"},{"taxonomy":"post_tag","embeddable":true,"href":"https:\/\/sertv.gob.pa\/nacionalfm\/wp-json\/wp\/v2\/tags?post=109501"}],"curies":[{"name":"wp","href":"https:\/\/api.w.org\/{rel}","templated":true}]}}