{"id":109508,"date":"2025-07-01T08:44:29","date_gmt":"2025-07-01T13:44:29","guid":{"rendered":"https:\/\/sertv.gob.pa\/nacionalfm\/?p=109508"},"modified":"2025-07-01T08:44:29","modified_gmt":"2025-07-01T13:44:29","slug":"mop-realizara-trabajos-de-rehabilitacion-en-via-centenario-y-el-puente-de-las-americas-en-el-mes-de-julio","status":"publish","type":"post","link":"https:\/\/sertv.gob.pa\/nacionalfm\/mop-realizara-trabajos-de-rehabilitacion-en-via-centenario-y-el-puente-de-las-americas-en-el-mes-de-julio\/","title":{"rendered":"MOP realizar\u00e1 trabajos de rehabilitaci\u00f3n en V\u00eda Centenario y el Puente de Las Am\u00e9ricas en el mes de julio"},"content":{"rendered":"<div class=\"fusion-fullwidth fullwidth-box fusion-builder-row-1 fusion-flex-container has-pattern-background has-mask-background nonhundred-percent-fullwidth non-hundred-percent-height-scrolling\" style=\"--awb-border-radius-top-left:0px;--awb-border-radius-top-right:0px;--awb-border-radius-bottom-right:0px;--awb-border-radius-bottom-left:0px;--awb-flex-wrap:wrap;\" ><div class=\"fusion-builder-row fusion-row fusion-flex-align-items-flex-start fusion-flex-content-wrap\" style=\"max-width:1144px;margin-left: calc(-4% \/ 2 );margin-right: calc(-4% \/ 2 );\"><div class=\"fusion-layout-column fusion_builder_column fusion-builder-column-0 fusion_builder_column_1_1 1_1 fusion-flex-column\" style=\"--awb-bg-size:cover;--awb-width-large:100%;--awb-margin-top-large:0px;--awb-spacing-right-large:1.92%;--awb-margin-bottom-large:20px;--awb-spacing-left-large:1.92%;--awb-width-medium:100%;--awb-order-medium:0;--awb-spacing-right-medium:1.92%;--awb-spacing-left-medium:1.92%;--awb-width-small:100%;--awb-order-small:0;--awb-spacing-right-small:1.92%;--awb-spacing-left-small:1.92%;\"><div class=\"fusion-column-wrapper fusion-column-has-shadow fusion-flex-justify-content-flex-start fusion-content-layout-column\"><div class=\"fusion-text fusion-text-1\" style=\"--awb-content-alignment:justify;\"><p><strong>El Ministerio de Obras P\u00fablicas (MOP) informa a la ciudadan\u00eda que, como parte del proyecto de Rehabilitaci\u00f3n de la V\u00eda Centenario, se llevar\u00e1n a cabo trabajos de reposici\u00f3n de losas de hormig\u00f3n a lo largo de esta importante arteria vial, del 1 al 31 de julio de 2025, en horario de 7:00 a.m. a 5:00 p.m. Durante este per\u00edodo, se contemplan cierres parciales en distintos tramos de la v\u00eda, por lo que se recomienda a los conductores tomar precauciones y v\u00edas alternas.<\/strong><\/p>\n<p><strong>El jefe de la Oficina de Proyectos Especiales del MOP, Edgar Peregrina, detall\u00f3 que, los trabajos incluyen la remoci\u00f3n de losas de concreto deterioradas, evaluaci\u00f3n de capa base, con el objetivo de mejorar la seguridad y durabilidad del pavimento.<\/strong><\/p>\n<p><strong>Simult\u00e1neamente, continuar\u00e1n las labores de reparaci\u00f3n de la rodadura de losa en el Puente de Las Am\u00e9ricas, en horario nocturno de 9:00 p.m. a 3:30 a.m., como parte del plan de mantenimiento y evaluaci\u00f3n de esta infraestructura clave. En esta intervenci\u00f3n, se est\u00e1 utilizando un mortero de reparaci\u00f3n estructural especialmente formulado que permite habilitar el paso vehicular durante las primeras horas del d\u00eda.<\/strong><\/p>\n<p><strong>El MOP reitera su compromiso con el mantenimiento de la red vial nacional y agradece la comprensi\u00f3n de los usuarios ante las molestias temporales que estas obras puedan generar.<\/strong><\/p>\n<\/div><div class=\"awb-gallery-wrapper awb-gallery-wrapper-1 button-span-no\" style=\"--more-btn-alignment:center;\"><div style=\"margin:-5px;--awb-bordersize:0px;\" class=\"fusion-gallery fusion-gallery-container fusion-grid-3 fusion-columns-total-3 fusion-gallery-layout-grid fusion-gallery-1\"><div style=\"padding:5px;\" class=\"fusion-grid-column fusion-gallery-column fusion-gallery-column-3 hover-type-none\"><div class=\"fusion-gallery-image\"><a href=\"https:\/\/sertv.gob.pa\/nacionalfm\/wp-content\/uploads\/sites\/6\/2025\/07\/MOP-REPARACION-2.jpg\" rel=\"noreferrer\" data-rel=\"iLightbox[gallery_image_1]\" class=\"fusion-lightbox\" target=\"_self\"><img decoding=\"async\" src=\"https:\/\/sertv.gob.pa\/nacionalfm\/wp-content\/uploads\/sites\/6\/2025\/07\/MOP-REPARACION-2.jpg\" width=\"600\" height=\"270\" alt=\"\" title=\"MOP REPARACI\u00d3N 2\" aria-label=\"MOP REPARACI\u00d3N 2\" class=\"img-responsive wp-image-109510\" srcset=\"https:\/\/sertv.gob.pa\/nacionalfm\/wp-content\/uploads\/sites\/6\/2025\/07\/MOP-REPARACION-2-200x90.jpg 200w, https:\/\/sertv.gob.pa\/nacionalfm\/wp-content\/uploads\/sites\/6\/2025\/07\/MOP-REPARACION-2-400x180.jpg 400w, https:\/\/sertv.gob.pa\/nacionalfm\/wp-content\/uploads\/sites\/6\/2025\/07\/MOP-REPARACION-2.jpg 600w\" sizes=\"(min-width: 2200px) 100vw, (min-width: 784px) 363px, (min-width: 712px) 545px, (min-width: 640px) 712px, \" \/><\/a><\/div><\/div><div style=\"padding:5px;\" class=\"fusion-grid-column fusion-gallery-column fusion-gallery-column-3 hover-type-none\"><div class=\"fusion-gallery-image\"><a href=\"https:\/\/sertv.gob.pa\/nacionalfm\/wp-content\/uploads\/sites\/6\/2025\/07\/MOP-REPARACION-3.jpeg\" rel=\"noreferrer\" data-rel=\"iLightbox[gallery_image_1]\" class=\"fusion-lightbox\" target=\"_self\"><img decoding=\"async\" src=\"https:\/\/sertv.gob.pa\/nacionalfm\/wp-content\/uploads\/sites\/6\/2025\/07\/MOP-REPARACION-3.jpeg\" width=\"600\" height=\"400\" alt=\"\" title=\"MOP REPARACI\u00d3N 3\" aria-label=\"MOP REPARACI\u00d3N 3\" class=\"img-responsive wp-image-109511\" srcset=\"https:\/\/sertv.gob.pa\/nacionalfm\/wp-content\/uploads\/sites\/6\/2025\/07\/MOP-REPARACION-3-200x133.jpeg 200w, https:\/\/sertv.gob.pa\/nacionalfm\/wp-content\/uploads\/sites\/6\/2025\/07\/MOP-REPARACION-3-400x267.jpeg 400w, https:\/\/sertv.gob.pa\/nacionalfm\/wp-content\/uploads\/sites\/6\/2025\/07\/MOP-REPARACION-3.jpeg 600w\" sizes=\"(min-width: 2200px) 100vw, (min-width: 784px) 363px, (min-width: 712px) 545px, (min-width: 640px) 712px, \" \/><\/a><\/div><\/div><div style=\"padding:5px;\" class=\"fusion-grid-column fusion-gallery-column fusion-gallery-column-3 hover-type-none\"><div class=\"fusion-gallery-image\"><a href=\"https:\/\/sertv.gob.pa\/nacionalfm\/wp-content\/uploads\/sites\/6\/2025\/07\/MOP-REPARACION-4.jpg\" rel=\"noreferrer\" data-rel=\"iLightbox[gallery_image_1]\" class=\"fusion-lightbox\" target=\"_self\"><img decoding=\"async\" src=\"https:\/\/sertv.gob.pa\/nacionalfm\/wp-content\/uploads\/sites\/6\/2025\/07\/MOP-REPARACION-4.jpg\" width=\"600\" height=\"406\" alt=\"\" title=\"MOP REPARACI\u00d3N 4\" aria-label=\"MOP REPARACI\u00d3N 4\" class=\"img-responsive wp-image-109512\" srcset=\"https:\/\/sertv.gob.pa\/nacionalfm\/wp-content\/uploads\/sites\/6\/2025\/07\/MOP-REPARACION-4-200x135.jpg 200w, https:\/\/sertv.gob.pa\/nacionalfm\/wp-content\/uploads\/sites\/6\/2025\/07\/MOP-REPARACION-4-400x271.jpg 400w, https:\/\/sertv.gob.pa\/nacionalfm\/wp-content\/uploads\/sites\/6\/2025\/07\/MOP-REPARACION-4.jpg 600w\" sizes=\"(min-width: 2200px) 100vw, (min-width: 784px) 363px, (min-width: 712px) 545px, (min-width: 640px) 712px, \" \/><\/a><\/div><\/div><div class=\"clearfix\"><\/div><\/div><\/div><\/div><\/div><\/div><\/div>\n","protected":false},"excerpt":{"rendered":"","protected":false},"author":9,"featured_media":109509,"comment_status":"closed","ping_status":"closed","sticky":false,"template":"","format":"standard","meta":{"footnotes":""},"categories":[2],"tags":[],"class_list":["post-109508","post","type-post","status-publish","format-standard","has-post-thumbnail","hentry","category-nacionales"],"_links":{"self":[{"href":"https:\/\/sertv.gob.pa\/nacionalfm\/wp-json\/wp\/v2\/posts\/109508","targetHints":{"allow":["GET"]}}],"collection":[{"href":"https:\/\/sertv.gob.pa\/nacionalfm\/wp-json\/wp\/v2\/posts"}],"about":[{"href":"https:\/\/sertv.gob.pa\/nacionalfm\/wp-json\/wp\/v2\/types\/post"}],"author":[{"embeddable":true,"href":"https:\/\/sertv.gob.pa\/nacionalfm\/wp-json\/wp\/v2\/users\/9"}],"replies":[{"embeddable":true,"href":"https:\/\/sertv.gob.pa\/nacionalfm\/wp-json\/wp\/v2\/comments?post=109508"}],"version-history":[{"count":2,"href":"https:\/\/sertv.gob.pa\/nacionalfm\/wp-json\/wp\/v2\/posts\/109508\/revisions"}],"predecessor-version":[{"id":109514,"href":"https:\/\/sertv.gob.pa\/nacionalfm\/wp-json\/wp\/v2\/posts\/109508\/revisions\/109514"}],"wp:featuredmedia":[{"embeddable":true,"href":"https:\/\/sertv.gob.pa\/nacionalfm\/wp-json\/wp\/v2\/media\/109509"}],"wp:attachment":[{"href":"https:\/\/sertv.gob.pa\/nacionalfm\/wp-json\/wp\/v2\/media?parent=109508"}],"wp:term":[{"taxonomy":"category","embeddable":true,"href":"https:\/\/sertv.gob.pa\/nacionalfm\/wp-json\/wp\/v2\/categories?post=109508"},{"taxonomy":"post_tag","embeddable":true,"href":"https:\/\/sertv.gob.pa\/nacionalfm\/wp-json\/wp\/v2\/tags?post=109508"}],"curies":[{"name":"wp","href":"https:\/\/api.w.org\/{rel}","templated":true}]}}