{"id":109515,"date":"2025-07-01T09:23:00","date_gmt":"2025-07-01T14:23:00","guid":{"rendered":"https:\/\/sertv.gob.pa\/nacionalfm\/?p=109515"},"modified":"2025-07-01T09:23:00","modified_gmt":"2025-07-01T14:23:00","slug":"tras-acuerdo-se-logra-reapertura-de-vias-claves-en-bocas-del-toro-y-chiriqui-restableciendo-asi-la-paz-y-la-normalidad","status":"publish","type":"post","link":"https:\/\/sertv.gob.pa\/nacionalfm\/tras-acuerdo-se-logra-reapertura-de-vias-claves-en-bocas-del-toro-y-chiriqui-restableciendo-asi-la-paz-y-la-normalidad\/","title":{"rendered":"Tras acuerdo se logra reapertura de v\u00edas claves en Bocas del Toro y Chiriqu\u00ed, restableciendo as\u00ed la paz y la normalidad"},"content":{"rendered":"<p><em><strong>Luego de negociaciones y un acuerdo a trav\u00e9s de la mediaci\u00f3n, los \u00faltimos puntos desde Rambala, en la provincia de Bocas del Toro, hasta Hornitos, en la provincia de Chiriqu\u00ed, fueron oficialmente reabiertos este lunes, garantizando as\u00ed el libre tr\u00e1nsito y el restablecimiento de la normalidad en los sectores de Pueblo Nuevo, Ca\u00f1azas, Mali, Alto del Guabo, Alto del Valle, Valle Abajo y Cabello de \u00c1ngel.<\/strong><\/em><\/p>\n<p><strong>Es significativo decir, que este logro, es fruto de la firma del acuerdo, tras el compromiso conjunto entre los estamentos de seguridad del Estado, representando al Gobierno Nacional, y los grupos de manifestantes, quienes se comprometieron en mantener las v\u00edas despejadas garantizando el libre tr\u00e1nsito de forma permanente, facilitando as\u00ed la reactivaci\u00f3n de las actividades econ\u00f3micas, sociales y productivas que vitales para el bienestar de las comunidades.<\/strong><\/p>\n<p><strong>Del mismo modo, se establece que no se tomar\u00e1n represalias contra las personas que participaron en los cierres, promoviendo con esto, un ambiente de di\u00e1logo y respeto que fortalece la convivencia pac\u00edfica.<\/strong><\/p>\n<p><strong>La firma, cont\u00f3 con la presencia del comisionado Larry Sol\u00eds, director del Servicio Nacional de Fronteras; el alcalde de Chiriqu\u00ed Grande, Alex Ariel Wright Castillo; y los pastores Ceferino Quintero y Luis Morales y l\u00edderes espirituales comprometidos con la reconciliaci\u00f3n social.<\/strong><\/p>\n<p><strong>En la actualidad, grupos de hombres y mujeres de la Fuerza P\u00fablica, trabajan en forma ardua, para realizar la remoci\u00f3n de escombros, ramas y cualquier obst\u00e1culo que impida el libre tr\u00e1nsito entre ambas provincias y la comarca Ng\u00e4be-Bugl\u00e9, reafirmando el compromiso del Estado con la seguridad y el desarrollo regional.<\/strong><\/p>\n<p><strong>Cabe enfatizar, que este acuerdo, marca un nuevo cap\u00edtulo de esperanza y progreso para Bocas del Toro y Chiriqu\u00ed, demostrando que el di\u00e1logo y la cooperaci\u00f3n, son las herramientas m\u00e1s poderosas para construir un futuro de paz y prosperidad para todos.<\/strong><\/p>\n<p>&nbsp;<\/p>\n","protected":false},"excerpt":{"rendered":"<p>Luego de negociaciones y un acuerdo a trav\u00e9s de la <a href=\"https:\/\/sertv.gob.pa\/nacionalfm\/tras-acuerdo-se-logra-reapertura-de-vias-claves-en-bocas-del-toro-y-chiriqui-restableciendo-asi-la-paz-y-la-normalidad\/\"> [&#8230;]<\/a><\/p>\n","protected":false},"author":9,"featured_media":109516,"comment_status":"closed","ping_status":"closed","sticky":false,"template":"","format":"standard","meta":{"footnotes":""},"categories":[2],"tags":[],"class_list":["post-109515","post","type-post","status-publish","format-standard","has-post-thumbnail","hentry","category-nacionales"],"_links":{"self":[{"href":"https:\/\/sertv.gob.pa\/nacionalfm\/wp-json\/wp\/v2\/posts\/109515","targetHints":{"allow":["GET"]}}],"collection":[{"href":"https:\/\/sertv.gob.pa\/nacionalfm\/wp-json\/wp\/v2\/posts"}],"about":[{"href":"https:\/\/sertv.gob.pa\/nacionalfm\/wp-json\/wp\/v2\/types\/post"}],"author":[{"embeddable":true,"href":"https:\/\/sertv.gob.pa\/nacionalfm\/wp-json\/wp\/v2\/users\/9"}],"replies":[{"embeddable":true,"href":"https:\/\/sertv.gob.pa\/nacionalfm\/wp-json\/wp\/v2\/comments?post=109515"}],"version-history":[{"count":1,"href":"https:\/\/sertv.gob.pa\/nacionalfm\/wp-json\/wp\/v2\/posts\/109515\/revisions"}],"predecessor-version":[{"id":109517,"href":"https:\/\/sertv.gob.pa\/nacionalfm\/wp-json\/wp\/v2\/posts\/109515\/revisions\/109517"}],"wp:featuredmedia":[{"embeddable":true,"href":"https:\/\/sertv.gob.pa\/nacionalfm\/wp-json\/wp\/v2\/media\/109516"}],"wp:attachment":[{"href":"https:\/\/sertv.gob.pa\/nacionalfm\/wp-json\/wp\/v2\/media?parent=109515"}],"wp:term":[{"taxonomy":"category","embeddable":true,"href":"https:\/\/sertv.gob.pa\/nacionalfm\/wp-json\/wp\/v2\/categories?post=109515"},{"taxonomy":"post_tag","embeddable":true,"href":"https:\/\/sertv.gob.pa\/nacionalfm\/wp-json\/wp\/v2\/tags?post=109515"}],"curies":[{"name":"wp","href":"https:\/\/api.w.org\/{rel}","templated":true}]}}