{"id":109518,"date":"2025-07-01T09:38:44","date_gmt":"2025-07-01T14:38:44","guid":{"rendered":"https:\/\/sertv.gob.pa\/nacionalfm\/?p=109518"},"modified":"2025-07-01T09:38:44","modified_gmt":"2025-07-01T14:38:44","slug":"en-panama-el-ifarhu-brinda-alivio-economico-con-moratoria-de-intereses-en-creditos-educativos","status":"publish","type":"post","link":"https:\/\/sertv.gob.pa\/nacionalfm\/en-panama-el-ifarhu-brinda-alivio-economico-con-moratoria-de-intereses-en-creditos-educativos\/","title":{"rendered":"En Panam\u00e1, el IFARHU brinda alivio econ\u00f3mico con moratoria de intereses en Cr\u00e9ditos Educativos"},"content":{"rendered":"<p><em><strong>El Consejo Nacional del Instituto para la Formaci\u00f3n y Aprovechamiento de Recursos Humanos (IFARHU) aprob\u00f3 una moratoria de seis meses sobre los intereses morosos generados por los Cr\u00e9ditos Educativos, con el objetivo de brindar alivio econ\u00f3mico a los prestatarios y mejorar la sostenibilidad financiera de la instituci\u00f3n.<\/strong><\/em><\/p>\n<p><strong>La medida contemplada en el Acuerdo No. 006 publicado en la Gaceta Oficial, exonera hasta un 80% del inter\u00e9s moroso acumulado. Para acogerse al beneficio, los deudores deber\u00e1n cancelar el saldo correspondiente al capital y al fondo de reserva colectivo adeudado, ya sea de forma inmediata o mediante un acuerdo de pago pactado directamente con el IFARHU.<\/strong><\/p>\n<p><strong>Las autoridades exhortan a los beneficiarios con saldos pendientes a acercarse a las oficinas del IFARHU a nivel nacional, donde recibir\u00e1n asesor\u00eda para formalizar sus arreglos de pago dentro del plazo establecido.<\/strong><\/p>\n<p><strong>La moratoria tendr\u00e1 vigencia durante seis meses a partir de la fecha de publicaci\u00f3n del acuerdo en la Gaceta Oficial.<\/strong><\/p>\n","protected":false},"excerpt":{"rendered":"<p>El Consejo Nacional del Instituto para la Formaci\u00f3n y Aprovechamiento <a href=\"https:\/\/sertv.gob.pa\/nacionalfm\/en-panama-el-ifarhu-brinda-alivio-economico-con-moratoria-de-intereses-en-creditos-educativos\/\"> [&#8230;]<\/a><\/p>\n","protected":false},"author":9,"featured_media":101550,"comment_status":"closed","ping_status":"closed","sticky":false,"template":"","format":"standard","meta":{"footnotes":""},"categories":[2],"tags":[],"class_list":["post-109518","post","type-post","status-publish","format-standard","has-post-thumbnail","hentry","category-nacionales"],"_links":{"self":[{"href":"https:\/\/sertv.gob.pa\/nacionalfm\/wp-json\/wp\/v2\/posts\/109518","targetHints":{"allow":["GET"]}}],"collection":[{"href":"https:\/\/sertv.gob.pa\/nacionalfm\/wp-json\/wp\/v2\/posts"}],"about":[{"href":"https:\/\/sertv.gob.pa\/nacionalfm\/wp-json\/wp\/v2\/types\/post"}],"author":[{"embeddable":true,"href":"https:\/\/sertv.gob.pa\/nacionalfm\/wp-json\/wp\/v2\/users\/9"}],"replies":[{"embeddable":true,"href":"https:\/\/sertv.gob.pa\/nacionalfm\/wp-json\/wp\/v2\/comments?post=109518"}],"version-history":[{"count":1,"href":"https:\/\/sertv.gob.pa\/nacionalfm\/wp-json\/wp\/v2\/posts\/109518\/revisions"}],"predecessor-version":[{"id":109519,"href":"https:\/\/sertv.gob.pa\/nacionalfm\/wp-json\/wp\/v2\/posts\/109518\/revisions\/109519"}],"wp:featuredmedia":[{"embeddable":true,"href":"https:\/\/sertv.gob.pa\/nacionalfm\/wp-json\/wp\/v2\/media\/101550"}],"wp:attachment":[{"href":"https:\/\/sertv.gob.pa\/nacionalfm\/wp-json\/wp\/v2\/media?parent=109518"}],"wp:term":[{"taxonomy":"category","embeddable":true,"href":"https:\/\/sertv.gob.pa\/nacionalfm\/wp-json\/wp\/v2\/categories?post=109518"},{"taxonomy":"post_tag","embeddable":true,"href":"https:\/\/sertv.gob.pa\/nacionalfm\/wp-json\/wp\/v2\/tags?post=109518"}],"curies":[{"name":"wp","href":"https:\/\/api.w.org\/{rel}","templated":true}]}}