{"id":10952,"date":"2016-02-29T16:48:42","date_gmt":"2016-02-29T16:48:42","guid":{"rendered":""},"modified":"2016-02-29T16:48:42","modified_gmt":"2016-02-29T16:48:42","slug":"confirman-a-panama-como-anfitrion-de-suramericano-de-softbol","status":"publish","type":"post","link":"https:\/\/sertv.gob.pa\/nacionalfm\/confirman-a-panama-como-anfitrion-de-suramericano-de-softbol\/","title":{"rendered":"Confirman a Panam\u00e1 como anfitri\u00f3n de Suramericano de Softbol"},"content":{"rendered":"<p>\nEn conferencia de prensa se confirm\u00f3 que de manera oficial Panam\u00e1 ser\u00e1 el anfitri\u00f3n del Campeonato Suramericano de Softbol, que se efectuar\u00e1 del 7 al 15 de mayo, en el cuadro de Clayton, Ciudad del saber. <\/p>\n<p>En la conferencia de prensa estuvo el director del Instituto Paname\u00f1o de Deportes Roberto Arango, Danilo Velasco, presidente de la Federaci\u00f3n Nacional de Softbol y Antonio Morales, m\u00e1xima autoridad de la Confederaci\u00f3n Suramericana de este deporte. <\/p>\n<p>El Director de PANDEPORTES destac\u00f3 la importancia que el pa\u00eds albergue este tipo de evento, que evidencian el desarrollo del softbol y el gran trabajo de la dirigencia en este deporte. <\/p>\n<p>Mientras, Danilo Velasco coment\u00f3 que Panam\u00e1 buscar\u00e1 revalidar el t\u00edtulo alcanzado el a\u00f1o pasado en Colombia, donde el equipo que dirige el cubano Segundo Guti\u00e9rrez, derrot\u00f3 al pa\u00eds sede 5 por 1. <\/p>\n<p>&ldquo;En esta competencia tendremos la oportunidad de tener a potencias del continente como Argentina, Venezuela y Colombia, que podr\u00e1n a prueba a nuestra selecci\u00f3n&rdquo;, se\u00f1al\u00f3 el jerarca del softbol paname\u00f1o. <\/p>\n<p>Para esta cita, los anfitriones tendr\u00e1 dos representaciones, donde uno ser\u00e1 el equipo base que se coron\u00f3 en Bogot\u00e1, mientras, la otra selecci\u00f3n saldr\u00e1 del campeonato nacional que se dar\u00e1 del 15 al 20 de marzo en Herrera.\u00a0 <\/p>\n","protected":false},"excerpt":{"rendered":"<p>En conferencia de prensa se confirm\u00f3 que de manera oficial <a href=\"https:\/\/sertv.gob.pa\/nacionalfm\/confirman-a-panama-como-anfitrion-de-suramericano-de-softbol\/\"> [&#8230;]<\/a><\/p>\n","protected":false},"author":1,"featured_media":10953,"comment_status":"closed","ping_status":"closed","sticky":false,"template":"","format":"standard","meta":{"footnotes":""},"categories":[4],"tags":[],"class_list":["post-10952","post","type-post","status-publish","format-standard","has-post-thumbnail","hentry","category-deportes"],"_links":{"self":[{"href":"https:\/\/sertv.gob.pa\/nacionalfm\/wp-json\/wp\/v2\/posts\/10952","targetHints":{"allow":["GET"]}}],"collection":[{"href":"https:\/\/sertv.gob.pa\/nacionalfm\/wp-json\/wp\/v2\/posts"}],"about":[{"href":"https:\/\/sertv.gob.pa\/nacionalfm\/wp-json\/wp\/v2\/types\/post"}],"author":[{"embeddable":true,"href":"https:\/\/sertv.gob.pa\/nacionalfm\/wp-json\/wp\/v2\/users\/1"}],"replies":[{"embeddable":true,"href":"https:\/\/sertv.gob.pa\/nacionalfm\/wp-json\/wp\/v2\/comments?post=10952"}],"version-history":[{"count":0,"href":"https:\/\/sertv.gob.pa\/nacionalfm\/wp-json\/wp\/v2\/posts\/10952\/revisions"}],"wp:featuredmedia":[{"embeddable":true,"href":"https:\/\/sertv.gob.pa\/nacionalfm\/wp-json\/wp\/v2\/media\/10953"}],"wp:attachment":[{"href":"https:\/\/sertv.gob.pa\/nacionalfm\/wp-json\/wp\/v2\/media?parent=10952"}],"wp:term":[{"taxonomy":"category","embeddable":true,"href":"https:\/\/sertv.gob.pa\/nacionalfm\/wp-json\/wp\/v2\/categories?post=10952"},{"taxonomy":"post_tag","embeddable":true,"href":"https:\/\/sertv.gob.pa\/nacionalfm\/wp-json\/wp\/v2\/tags?post=10952"}],"curies":[{"name":"wp","href":"https:\/\/api.w.org\/{rel}","templated":true}]}}