{"id":109521,"date":"2025-07-01T10:41:57","date_gmt":"2025-07-01T15:41:57","guid":{"rendered":"https:\/\/sertv.gob.pa\/nacionalfm\/?p=109521"},"modified":"2025-07-01T10:41:57","modified_gmt":"2025-07-01T15:41:57","slug":"autoridades-de-miambiente-de-panama-anuncian-estabilizacion-de-la-situacion-del-rio-la-villa-y-mejora-en-la-calidad-del-agua","status":"publish","type":"post","link":"https:\/\/sertv.gob.pa\/nacionalfm\/autoridades-de-miambiente-de-panama-anuncian-estabilizacion-de-la-situacion-del-rio-la-villa-y-mejora-en-la-calidad-del-agua\/","title":{"rendered":"Autoridades de MiAMBIENTE de Panam\u00e1,  anuncian estabilizaci\u00f3n de la situaci\u00f3n del r\u00edo La Villa y mejora en la calidad del agua"},"content":{"rendered":"<div class=\"fusion-fullwidth fullwidth-box fusion-builder-row-1 fusion-flex-container has-pattern-background has-mask-background nonhundred-percent-fullwidth non-hundred-percent-height-scrolling\" style=\"--awb-border-radius-top-left:0px;--awb-border-radius-top-right:0px;--awb-border-radius-bottom-right:0px;--awb-border-radius-bottom-left:0px;--awb-flex-wrap:wrap;\" ><div class=\"fusion-builder-row fusion-row fusion-flex-align-items-flex-start fusion-flex-content-wrap\" style=\"max-width:1144px;margin-left: calc(-4% \/ 2 );margin-right: calc(-4% \/ 2 );\"><div class=\"fusion-layout-column fusion_builder_column fusion-builder-column-0 fusion_builder_column_1_1 1_1 fusion-flex-column\" style=\"--awb-bg-size:cover;--awb-width-large:100%;--awb-margin-top-large:0px;--awb-spacing-right-large:1.92%;--awb-margin-bottom-large:20px;--awb-spacing-left-large:1.92%;--awb-width-medium:100%;--awb-order-medium:0;--awb-spacing-right-medium:1.92%;--awb-spacing-left-medium:1.92%;--awb-width-small:100%;--awb-order-small:0;--awb-spacing-right-small:1.92%;--awb-spacing-left-small:1.92%;\"><div class=\"fusion-column-wrapper fusion-column-has-shadow fusion-flex-justify-content-flex-start fusion-content-layout-column\"><div class=\"fusion-text fusion-text-1\" style=\"--awb-content-alignment:justify;\"><p><em><strong>Autoridades del Ministerio de Ambiente de Panam\u00e1 (MiAMBIENTE), dieron a conocer este lunes 30 de junio, en conferencia de prensa, que se ha logrado estabilizar la situaci\u00f3n del r\u00edo La Villa, tras varias semanas de intervenci\u00f3n t\u00e9cnica, monitoreo intensivo y coordinaci\u00f3n interinstitucional para detener el deterioro de la calidad del agua.<\/strong><\/em><\/p>\n<p><strong>En este sentido, el ministro de Ambiente, Juan Carlos Navarro, explic\u00f3 que, \u201cLuego de mediciones t\u00e9cnicas que se hicieron el d\u00eda de ayer, puedo informar que, se ha mejorado la calidad del agua del r\u00edo La Villa. Esa contaminaci\u00f3n se ha frenado y detenido\u201d. La estabilizaci\u00f3n ha sido posible gracias a un conjunto de labores urgentes en el territorio. Entre estas se destaca, el control de m\u00e1s de catorce puntos de contaminaci\u00f3n identificados en fincas porcinas, donde se control\u00f3 el vertido crudo y de lixiviados hacia el r\u00edo Estiban\u00e1 y el r\u00edo La Villa.<\/strong><\/p>\n<p><strong>A esto, se suma la acci\u00f3n inmediata en el vertedero de Macaracas, donde, por orden directa del ministro Navarro, el pasado viernes, se introdujo maquinaria pesada para detener el vertido de lixiviados altamente contaminantes. Este sitio, que no cuenta con condiciones adecuadas de manejo de residuos y se ubica dentro de la Reserva Forestal El Colm\u00f3n, fue intervenido sin interrupci\u00f3n durante todo el fin de semana y su situaci\u00f3n ya se encuentra estabilizada.<\/strong><\/p>\n<p><strong>Otra fuente de contaminaci\u00f3n cr\u00edtica verificada, fue el vertido de aguas servidas desde la barriada Santa Eduviges y el Hospital de Macaracas, el cual fue corregido en su totalidad, gracias a la coordinaci\u00f3n con el Ministerio de Salud (MINSA).<\/strong><\/p>\n<p><strong>Estos pasos han comenzado a dar resultados positivos. Seg\u00fan Navarro, \u201cLa buena noticia es que las plantas potabilizadoras est\u00e1n funcionando al 100 % del volumen de agua. Si bien, el agua a\u00fan debe hervirse antes de consumirla, la situaci\u00f3n es estable y seguir\u00e1 mejorando en la medida que mantengamos la calidad del agua del r\u00edo La Villa\u201d, enfatiz\u00f3.<\/strong><\/p>\n<p><strong>Adem\u00e1s, el titular de Ambiente, advirti\u00f3 que, a\u00fan persisten retos, especialmente en torno a la alta turbiedad del agua, causada por el grave nivel de deforestaci\u00f3n que afecta la cuenca del r\u00edo La Villa. Para enfrentar este desaf\u00edo estructural, se anunci\u00f3 el lanzamiento del Proyecto Azuero Verde, una ambiciosa iniciativa del Gobierno Nacional, con una inversi\u00f3n de m\u00e1s de 100 millones de d\u00f3lares a ejecutarse en los pr\u00f3ximos cuatro a\u00f1os, con el objetivo de recuperar las \u00e1reas degradadas en las provincias de Herrera y Los Santos, con \u00e9nfasis en las principales cuencas hidrogr\u00e1ficas. Incluir\u00e1 acciones de desarrollo rural sostenible para productores, restauraci\u00f3n de ecosistemas, fortalecimiento de \u00e1reas protegidas como la Reserva Forestal El Montoso, donde nace el r\u00edo La Villa; establecimiento de corredores verdes y fomento de empleos a trav\u00e9s de una econom\u00eda verde en la regi\u00f3n.<\/strong><\/p>\n<p><strong>De igual modo, Navarro tambi\u00e9n anunci\u00f3, que se presentar\u00e1 ante el Consejo de Gabinete, un proyecto de ley para prohibir en su totalidad el uso de pesticidas peligrosos ya prohibidos a nivel internacional. Esta medida, que ya fue sometida a consulta p\u00fablica, forma parte de un enfoque m\u00e1s amplio de protecci\u00f3n ambiental y salud p\u00fablica. Adem\u00e1s, inform\u00f3 que, se reactiv\u00f3, con una hist\u00f3rica participaci\u00f3n, el Comit\u00e9 de Cuenca del r\u00edo La Villa, que juega un rol clave en la gobernanza ambiental y la articulaci\u00f3n territorial.<\/strong><\/p>\n<p><strong>\u201cLa crisis del r\u00edo La Villa ha sido grave, pero la respuesta fue inmediata, firme y basada en evidencia. En cinco semanas, hemos trabajado, bajo el liderazgo del presidente Mulino, para identificar, eliminar y frenar la contaminaci\u00f3n. Ordenamos la casa, y hoy estamos viendo los resultados\u201d, concluy\u00f3 el ministro, Juan Carlos Navarro.<\/strong><\/p>\n<\/div><div class=\"awb-gallery-wrapper awb-gallery-wrapper-1 button-span-no\" style=\"--more-btn-alignment:center;\"><div style=\"margin:-5px;--awb-bordersize:0px;\" class=\"fusion-gallery fusion-gallery-container fusion-grid-3 fusion-columns-total-4 fusion-gallery-layout-grid fusion-gallery-1\"><div style=\"padding:5px;\" class=\"fusion-grid-column fusion-gallery-column fusion-gallery-column-3 hover-type-none\"><div class=\"fusion-gallery-image\"><a href=\"https:\/\/sertv.gob.pa\/nacionalfm\/wp-content\/uploads\/sites\/6\/2025\/07\/ESTABILIZACION-RIO-LA-VILLA-2.jpg\" rel=\"noreferrer\" data-rel=\"iLightbox[gallery_image_1]\" class=\"fusion-lightbox\" target=\"_self\"><img decoding=\"async\" src=\"https:\/\/sertv.gob.pa\/nacionalfm\/wp-content\/uploads\/sites\/6\/2025\/07\/ESTABILIZACION-RIO-LA-VILLA-2.jpg\" width=\"600\" height=\"400\" alt=\"\" title=\"ESTABILIZACI\u00d3N R\u00cdO LA VILLA 2\" aria-label=\"ESTABILIZACI\u00d3N R\u00cdO LA VILLA 2\" class=\"img-responsive wp-image-109523\" srcset=\"https:\/\/sertv.gob.pa\/nacionalfm\/wp-content\/uploads\/sites\/6\/2025\/07\/ESTABILIZACION-RIO-LA-VILLA-2-200x133.jpg 200w, https:\/\/sertv.gob.pa\/nacionalfm\/wp-content\/uploads\/sites\/6\/2025\/07\/ESTABILIZACION-RIO-LA-VILLA-2-400x267.jpg 400w, https:\/\/sertv.gob.pa\/nacionalfm\/wp-content\/uploads\/sites\/6\/2025\/07\/ESTABILIZACION-RIO-LA-VILLA-2.jpg 600w\" sizes=\"(min-width: 2200px) 100vw, (min-width: 784px) 363px, (min-width: 712px) 545px, (min-width: 640px) 712px, \" \/><\/a><\/div><\/div><div style=\"padding:5px;\" class=\"fusion-grid-column fusion-gallery-column fusion-gallery-column-3 hover-type-none\"><div class=\"fusion-gallery-image\"><a href=\"https:\/\/sertv.gob.pa\/nacionalfm\/wp-content\/uploads\/sites\/6\/2025\/07\/ESTABILIZACION-RIO-LA-VILLA-3.jpg\" rel=\"noreferrer\" data-rel=\"iLightbox[gallery_image_1]\" class=\"fusion-lightbox\" target=\"_self\"><img decoding=\"async\" src=\"https:\/\/sertv.gob.pa\/nacionalfm\/wp-content\/uploads\/sites\/6\/2025\/07\/ESTABILIZACION-RIO-LA-VILLA-3.jpg\" width=\"600\" height=\"400\" alt=\"\" title=\"ESTABILIZACI\u00d3N R\u00cdO LA VILLA 3\" aria-label=\"ESTABILIZACI\u00d3N R\u00cdO LA VILLA 3\" class=\"img-responsive wp-image-109524\" srcset=\"https:\/\/sertv.gob.pa\/nacionalfm\/wp-content\/uploads\/sites\/6\/2025\/07\/ESTABILIZACION-RIO-LA-VILLA-3-200x133.jpg 200w, https:\/\/sertv.gob.pa\/nacionalfm\/wp-content\/uploads\/sites\/6\/2025\/07\/ESTABILIZACION-RIO-LA-VILLA-3-400x267.jpg 400w, https:\/\/sertv.gob.pa\/nacionalfm\/wp-content\/uploads\/sites\/6\/2025\/07\/ESTABILIZACION-RIO-LA-VILLA-3.jpg 600w\" sizes=\"(min-width: 2200px) 100vw, (min-width: 784px) 363px, (min-width: 712px) 545px, (min-width: 640px) 712px, \" \/><\/a><\/div><\/div><div style=\"padding:5px;\" class=\"fusion-grid-column fusion-gallery-column fusion-gallery-column-3 hover-type-none\"><div class=\"fusion-gallery-image\"><a href=\"https:\/\/sertv.gob.pa\/nacionalfm\/wp-content\/uploads\/sites\/6\/2025\/07\/ESTABILIZACION-RIO-LA-VILLA-4.jpg\" rel=\"noreferrer\" data-rel=\"iLightbox[gallery_image_1]\" class=\"fusion-lightbox\" target=\"_self\"><img decoding=\"async\" src=\"https:\/\/sertv.gob.pa\/nacionalfm\/wp-content\/uploads\/sites\/6\/2025\/07\/ESTABILIZACION-RIO-LA-VILLA-4.jpg\" width=\"600\" height=\"400\" alt=\"\" title=\"ESTABILIZACI\u00d3N R\u00cdO LA VILLA 4\" aria-label=\"ESTABILIZACI\u00d3N R\u00cdO LA VILLA 4\" class=\"img-responsive wp-image-109525\" srcset=\"https:\/\/sertv.gob.pa\/nacionalfm\/wp-content\/uploads\/sites\/6\/2025\/07\/ESTABILIZACION-RIO-LA-VILLA-4-200x133.jpg 200w, https:\/\/sertv.gob.pa\/nacionalfm\/wp-content\/uploads\/sites\/6\/2025\/07\/ESTABILIZACION-RIO-LA-VILLA-4-400x267.jpg 400w, https:\/\/sertv.gob.pa\/nacionalfm\/wp-content\/uploads\/sites\/6\/2025\/07\/ESTABILIZACION-RIO-LA-VILLA-4.jpg 600w\" sizes=\"(min-width: 2200px) 100vw, (min-width: 784px) 363px, (min-width: 712px) 545px, (min-width: 640px) 712px, \" \/><\/a><\/div><\/div><div class=\"clearfix\"><\/div><div style=\"padding:5px;\" class=\"fusion-grid-column fusion-gallery-column fusion-gallery-column-3 hover-type-none\"><div class=\"fusion-gallery-image\"><a href=\"https:\/\/sertv.gob.pa\/nacionalfm\/wp-content\/uploads\/sites\/6\/2025\/07\/ESTABILIZACION-RIO-LA-VILLA-5.jpg\" rel=\"noreferrer\" data-rel=\"iLightbox[gallery_image_1]\" class=\"fusion-lightbox\" target=\"_self\"><img decoding=\"async\" src=\"https:\/\/sertv.gob.pa\/nacionalfm\/wp-content\/uploads\/sites\/6\/2025\/07\/ESTABILIZACION-RIO-LA-VILLA-5.jpg\" width=\"600\" height=\"400\" alt=\"\" title=\"ESTABILIZACI\u00d3N R\u00cdO LA VILLA 5\" aria-label=\"ESTABILIZACI\u00d3N R\u00cdO LA VILLA 5\" class=\"img-responsive wp-image-109526\" srcset=\"https:\/\/sertv.gob.pa\/nacionalfm\/wp-content\/uploads\/sites\/6\/2025\/07\/ESTABILIZACION-RIO-LA-VILLA-5-200x133.jpg 200w, https:\/\/sertv.gob.pa\/nacionalfm\/wp-content\/uploads\/sites\/6\/2025\/07\/ESTABILIZACION-RIO-LA-VILLA-5-400x267.jpg 400w, https:\/\/sertv.gob.pa\/nacionalfm\/wp-content\/uploads\/sites\/6\/2025\/07\/ESTABILIZACION-RIO-LA-VILLA-5.jpg 600w\" sizes=\"(min-width: 2200px) 100vw, (min-width: 784px) 363px, (min-width: 712px) 545px, (min-width: 640px) 712px, \" \/><\/a><\/div><\/div><\/div><\/div><\/div><\/div><\/div><\/div>\n","protected":false},"excerpt":{"rendered":"","protected":false},"author":9,"featured_media":109522,"comment_status":"closed","ping_status":"closed","sticky":false,"template":"","format":"standard","meta":{"footnotes":""},"categories":[2],"tags":[],"class_list":["post-109521","post","type-post","status-publish","format-standard","has-post-thumbnail","hentry","category-nacionales"],"_links":{"self":[{"href":"https:\/\/sertv.gob.pa\/nacionalfm\/wp-json\/wp\/v2\/posts\/109521","targetHints":{"allow":["GET"]}}],"collection":[{"href":"https:\/\/sertv.gob.pa\/nacionalfm\/wp-json\/wp\/v2\/posts"}],"about":[{"href":"https:\/\/sertv.gob.pa\/nacionalfm\/wp-json\/wp\/v2\/types\/post"}],"author":[{"embeddable":true,"href":"https:\/\/sertv.gob.pa\/nacionalfm\/wp-json\/wp\/v2\/users\/9"}],"replies":[{"embeddable":true,"href":"https:\/\/sertv.gob.pa\/nacionalfm\/wp-json\/wp\/v2\/comments?post=109521"}],"version-history":[{"count":1,"href":"https:\/\/sertv.gob.pa\/nacionalfm\/wp-json\/wp\/v2\/posts\/109521\/revisions"}],"predecessor-version":[{"id":109527,"href":"https:\/\/sertv.gob.pa\/nacionalfm\/wp-json\/wp\/v2\/posts\/109521\/revisions\/109527"}],"wp:featuredmedia":[{"embeddable":true,"href":"https:\/\/sertv.gob.pa\/nacionalfm\/wp-json\/wp\/v2\/media\/109522"}],"wp:attachment":[{"href":"https:\/\/sertv.gob.pa\/nacionalfm\/wp-json\/wp\/v2\/media?parent=109521"}],"wp:term":[{"taxonomy":"category","embeddable":true,"href":"https:\/\/sertv.gob.pa\/nacionalfm\/wp-json\/wp\/v2\/categories?post=109521"},{"taxonomy":"post_tag","embeddable":true,"href":"https:\/\/sertv.gob.pa\/nacionalfm\/wp-json\/wp\/v2\/tags?post=109521"}],"curies":[{"name":"wp","href":"https:\/\/api.w.org\/{rel}","templated":true}]}}