{"id":109553,"date":"2025-07-01T14:04:28","date_gmt":"2025-07-01T19:04:28","guid":{"rendered":"https:\/\/sertv.gob.pa\/nacionalfm\/?p=109553"},"modified":"2025-07-01T14:04:28","modified_gmt":"2025-07-01T19:04:28","slug":"residentes-de-las-mananitas-ya-cuenta-con-agua-potable","status":"publish","type":"post","link":"https:\/\/sertv.gob.pa\/nacionalfm\/residentes-de-las-mananitas-ya-cuenta-con-agua-potable\/","title":{"rendered":"Residentes de Las Ma\u00f1anitas ya cuenta con agua potable"},"content":{"rendered":"<p><em><strong>Aproximadamente 2,250 residentes de la barriada Villa Daniela y Villa Esther en el corregimiento de Las Ma\u00f1anitas ya cuentan con agua potable constante y con buena presi\u00f3n, gracias a los trabajos de una interconexi\u00f3n de 10\u2033 a 6 pulgadas que realiz\u00f3 el equipo del Instituto de Acueductos y Alcantarillados Nacionales (IDAAN).<\/strong><\/em><\/p>\n<p><strong>\u00abEstos trabajos que se realizaron recientemente en este sector, beneficiaron a 400 casas de Villa Daniela y 50 en Villa Esther, que ven\u00edan experimentando dificultades con el suministro de agua\u00bb, destac\u00f3 la sub regional en Panam\u00e1 Este, Arq. Lina Berm\u00fadez.<\/strong><\/p>\n<p><strong>Con esto, el IDAAN concluy\u00f3 estos trabajos con la satisfacci\u00f3n de los residentes, quienes expresaron su agradecimiento a la instituci\u00f3n, ya que, por mucho tiempo se vieron afectados, con la baja presi\u00f3n y la interrupci\u00f3n en el abastecimiento.<\/strong><\/p>\n<p><strong>Con estas labores, se busca mejorar la eficiencia en la distribuci\u00f3n y que los moradores del sector, puedan recibir el agua potable de forma ininterrumpida.<\/strong><\/p>\n","protected":false},"excerpt":{"rendered":"<p>Aproximadamente 2,250 residentes de la barriada Villa Daniela y Villa <a href=\"https:\/\/sertv.gob.pa\/nacionalfm\/residentes-de-las-mananitas-ya-cuenta-con-agua-potable\/\"> [&#8230;]<\/a><\/p>\n","protected":false},"author":9,"featured_media":109554,"comment_status":"closed","ping_status":"closed","sticky":false,"template":"","format":"standard","meta":{"footnotes":""},"categories":[2],"tags":[],"class_list":["post-109553","post","type-post","status-publish","format-standard","has-post-thumbnail","hentry","category-nacionales"],"_links":{"self":[{"href":"https:\/\/sertv.gob.pa\/nacionalfm\/wp-json\/wp\/v2\/posts\/109553","targetHints":{"allow":["GET"]}}],"collection":[{"href":"https:\/\/sertv.gob.pa\/nacionalfm\/wp-json\/wp\/v2\/posts"}],"about":[{"href":"https:\/\/sertv.gob.pa\/nacionalfm\/wp-json\/wp\/v2\/types\/post"}],"author":[{"embeddable":true,"href":"https:\/\/sertv.gob.pa\/nacionalfm\/wp-json\/wp\/v2\/users\/9"}],"replies":[{"embeddable":true,"href":"https:\/\/sertv.gob.pa\/nacionalfm\/wp-json\/wp\/v2\/comments?post=109553"}],"version-history":[{"count":1,"href":"https:\/\/sertv.gob.pa\/nacionalfm\/wp-json\/wp\/v2\/posts\/109553\/revisions"}],"predecessor-version":[{"id":109555,"href":"https:\/\/sertv.gob.pa\/nacionalfm\/wp-json\/wp\/v2\/posts\/109553\/revisions\/109555"}],"wp:featuredmedia":[{"embeddable":true,"href":"https:\/\/sertv.gob.pa\/nacionalfm\/wp-json\/wp\/v2\/media\/109554"}],"wp:attachment":[{"href":"https:\/\/sertv.gob.pa\/nacionalfm\/wp-json\/wp\/v2\/media?parent=109553"}],"wp:term":[{"taxonomy":"category","embeddable":true,"href":"https:\/\/sertv.gob.pa\/nacionalfm\/wp-json\/wp\/v2\/categories?post=109553"},{"taxonomy":"post_tag","embeddable":true,"href":"https:\/\/sertv.gob.pa\/nacionalfm\/wp-json\/wp\/v2\/tags?post=109553"}],"curies":[{"name":"wp","href":"https:\/\/api.w.org\/{rel}","templated":true}]}}