{"id":109556,"date":"2025-07-01T14:16:38","date_gmt":"2025-07-01T19:16:38","guid":{"rendered":"https:\/\/sertv.gob.pa\/nacionalfm\/?p=109556"},"modified":"2025-07-01T14:16:38","modified_gmt":"2025-07-01T19:16:38","slug":"comunicado-46","status":"publish","type":"post","link":"https:\/\/sertv.gob.pa\/nacionalfm\/comunicado-46\/","title":{"rendered":"COMUNICADO"},"content":{"rendered":"<p><strong>Informamos a la poblaci\u00f3n en general que, a partir del 01 de julio de 2025 se unifica el horario de atenci\u00f3n para la aplicaci\u00f3n de la dosis contra la fiebre amarilla en la sede regional ubicada en Corozal, Los R\u00edos del corregimiento de Anc\u00f3n.<\/strong><\/p>\n<p><strong>En este sentido, los clientes obtendr\u00e1n el servicio de 8:00 am a 1:00 pm, jornada en la que la poblaci\u00f3n en general acude a las instalaciones de la Sede Regional Metropolitana de Salud para recibir este servicio.<\/strong><\/p>\n<p><strong>Todos los documentos deben ser originales, aplicable para paname\u00f1os, extranjeros residentes y extranjeros; estos documentos son: c\u00e9dula; carn\u00e9 de residente; pasaporte, si son extranjeros de paso; documento de Migraci\u00f3n, si est\u00e1n en tr\u00e1mite; documento del Tribunal Electoral, si est\u00e1n en tr\u00e1mite.<\/strong><\/p>\n<p><strong>Es importante que la vacuna se aplique 10 d\u00edas antes de su viaje, y esta es una sola dosis de por vida. La certificaci\u00f3n tiene un costo para nacionales y residentes de B\/ 20.00 y extranjeros B\/ 100.00.<\/strong><\/p>\n<p><strong>Tambi\u00e9n, los menores de edad deben venir acompa\u00f1ados por sus padres y si acuden con otro familiar deber\u00e1n presentar la carta de autorizaci\u00f3n de los padres, firmada y con copia de la c\u00e9dula notariada.<\/strong><\/p>\n<p><strong>La vacuna contra la fiebre amarilla no se aplica a personas mayores de 60 a\u00f1os, menores de 1 a\u00f1o y tres meses, embarazadas y madres lactando en los 6 primeros meses, pacientes inmuno comprometidos, Vih sintom\u00e1ticos, hipersensibilidad al huevo o prote\u00ednas de aves, estados febriles agudos.<\/strong><\/p>\n<p><strong>Las autoridades regionales de Salud recuerdan a la poblaci\u00f3n que de requerir mayores detalles pueden comunicarse al 512-6617 departamento de Vacuna Internacional.<\/strong><\/p>\n<p>&nbsp;<\/p>\n","protected":false},"excerpt":{"rendered":"<p>Informamos a la poblaci\u00f3n en general que, a partir del <a href=\"https:\/\/sertv.gob.pa\/nacionalfm\/comunicado-46\/\"> [&#8230;]<\/a><\/p>\n","protected":false},"author":9,"featured_media":101642,"comment_status":"closed","ping_status":"closed","sticky":false,"template":"","format":"standard","meta":{"footnotes":""},"categories":[2],"tags":[],"class_list":["post-109556","post","type-post","status-publish","format-standard","has-post-thumbnail","hentry","category-nacionales"],"_links":{"self":[{"href":"https:\/\/sertv.gob.pa\/nacionalfm\/wp-json\/wp\/v2\/posts\/109556","targetHints":{"allow":["GET"]}}],"collection":[{"href":"https:\/\/sertv.gob.pa\/nacionalfm\/wp-json\/wp\/v2\/posts"}],"about":[{"href":"https:\/\/sertv.gob.pa\/nacionalfm\/wp-json\/wp\/v2\/types\/post"}],"author":[{"embeddable":true,"href":"https:\/\/sertv.gob.pa\/nacionalfm\/wp-json\/wp\/v2\/users\/9"}],"replies":[{"embeddable":true,"href":"https:\/\/sertv.gob.pa\/nacionalfm\/wp-json\/wp\/v2\/comments?post=109556"}],"version-history":[{"count":1,"href":"https:\/\/sertv.gob.pa\/nacionalfm\/wp-json\/wp\/v2\/posts\/109556\/revisions"}],"predecessor-version":[{"id":109557,"href":"https:\/\/sertv.gob.pa\/nacionalfm\/wp-json\/wp\/v2\/posts\/109556\/revisions\/109557"}],"wp:featuredmedia":[{"embeddable":true,"href":"https:\/\/sertv.gob.pa\/nacionalfm\/wp-json\/wp\/v2\/media\/101642"}],"wp:attachment":[{"href":"https:\/\/sertv.gob.pa\/nacionalfm\/wp-json\/wp\/v2\/media?parent=109556"}],"wp:term":[{"taxonomy":"category","embeddable":true,"href":"https:\/\/sertv.gob.pa\/nacionalfm\/wp-json\/wp\/v2\/categories?post=109556"},{"taxonomy":"post_tag","embeddable":true,"href":"https:\/\/sertv.gob.pa\/nacionalfm\/wp-json\/wp\/v2\/tags?post=109556"}],"curies":[{"name":"wp","href":"https:\/\/api.w.org\/{rel}","templated":true}]}}