{"id":109564,"date":"2025-07-02T09:08:10","date_gmt":"2025-07-02T14:08:10","guid":{"rendered":"https:\/\/sertv.gob.pa\/nacionalfm\/?p=109564"},"modified":"2025-07-02T09:08:10","modified_gmt":"2025-07-02T14:08:10","slug":"diputado-jorge-herrera-senalo-que-asume-con-humildad-y-compromiso-la-presidencia-de-la-asamblea-nacional","status":"publish","type":"post","link":"https:\/\/sertv.gob.pa\/nacionalfm\/diputado-jorge-herrera-senalo-que-asume-con-humildad-y-compromiso-la-presidencia-de-la-asamblea-nacional\/","title":{"rendered":"Diputado Jorge Herrera, se\u00f1al\u00f3 que, asume con humildad y compromiso, la presidencia de la Asamblea Nacional"},"content":{"rendered":"<div class=\"fusion-fullwidth fullwidth-box fusion-builder-row-1 fusion-flex-container has-pattern-background has-mask-background nonhundred-percent-fullwidth non-hundred-percent-height-scrolling\" style=\"--awb-border-radius-top-left:0px;--awb-border-radius-top-right:0px;--awb-border-radius-bottom-right:0px;--awb-border-radius-bottom-left:0px;--awb-flex-wrap:wrap;\" ><div class=\"fusion-builder-row fusion-row fusion-flex-align-items-flex-start fusion-flex-content-wrap\" style=\"max-width:1144px;margin-left: calc(-4% \/ 2 );margin-right: calc(-4% \/ 2 );\"><div class=\"fusion-layout-column fusion_builder_column fusion-builder-column-0 fusion_builder_column_1_1 1_1 fusion-flex-column\" style=\"--awb-bg-size:cover;--awb-width-large:100%;--awb-margin-top-large:0px;--awb-spacing-right-large:1.92%;--awb-margin-bottom-large:20px;--awb-spacing-left-large:1.92%;--awb-width-medium:100%;--awb-order-medium:0;--awb-spacing-right-medium:1.92%;--awb-spacing-left-medium:1.92%;--awb-width-small:100%;--awb-order-small:0;--awb-spacing-right-small:1.92%;--awb-spacing-left-small:1.92%;\"><div class=\"fusion-column-wrapper fusion-column-has-shadow fusion-flex-justify-content-flex-start fusion-content-layout-column\"><div class=\"fusion-text fusion-text-1\" style=\"--awb-content-alignment:justify;\"><p><strong><em>El diputado Paname\u00f1ista, Jorge Herrera, fue elegido este martes, 1 de julio, para presidir el Segundo Periodo Anual de Sesiones Ordinarias de la Asamblea Nacional acogiendo un acuerdo de principios institucionales, en la lista Reglamento Interno.<\/em><\/strong><\/p>\n<p>Herrera, fue electo para gestionar propuestas de leyes de pa\u00eds y renovar pol\u00edticas parlamentarias como administrativas.<\/p>\n<p>As\u00ed, cumpliendo lo que mandata la Constituci\u00f3n Pol\u00edtica, se dio la instalaci\u00f3n de la Primera Legislatura del Segundo Periodo de Sesiones Ordinarias, 2025-2026- la cual presidir\u00e1 el diputado Jorge Herrera, del circuito 2-4, de la provincia de Cocl\u00e9.<\/p>\n<p>Su elecci\u00f3n se dio, al obtener Herrera,\u00a0 37 votos de las bancadas Paname\u00f1ista, Cambio Democr\u00e1tico, Seguimos y Vamos.<\/p>\n<p>Posteriormente, durante el discurso de su investidura, Herrera, se\u00f1al\u00f3 que, asume con humildad y compromiso la presidencia de la Asamblea.<\/p>\n<p>Igualmente, resalt\u00f3 el resultado de un consenso amplio entre actores de distintos partidos, con un compromiso de anteponer el amor a la Patria.<\/p>\n<p>Herrera, como nuevo presidente de la Asamblea, invit\u00f3 a todos a construir puentes para llevar al pa\u00eds adelante.<\/p>\n<p>Enfatiz\u00f3 que, discutir\u00e1 leyes de manera responsable que ayuden a fortalecer la econom\u00eda y progreso.<\/p>\n<p>Acot\u00f3 que, como hombre proveniente de la municipalidad, la primera l\u00ednea de atenci\u00f3n, a su criterio, son las comunidades.<\/p>\n<p>Se\u00f1al\u00f3 que, es un creyente de la importancia de la participaci\u00f3n ciudadana, rendici\u00f3n de cuenta y la equidad en la justicia social.<\/p>\n<p>Tambi\u00e9n expres\u00f3 que, velar\u00e1 por crear un \u00d3rgano Legislativo m\u00e1s moderno, transparente y cercana a la comunidad, manteniendo las puertas abiertas, donde cada voz sea escuchada.<\/p>\n<p><em><strong>CONTRAPESO E INDEPENDENCIA<\/strong><\/em><\/p>\n<p>A\u00f1adi\u00f3, que en su gesti\u00f3n, buscar\u00e1 que el primer \u00f3rgano del Estado, sea el contrapeso y equilibrio que permita y propicie un ambiente de paz, desarrollo econ\u00f3mico que llegue a toda la poblaci\u00f3n.<\/p>\n<p>En cuanto a su m\u00e9todo de trabajo, destac\u00f3 que, realizar\u00e1 directiva ampliada para definir las metas legislativas mensuales, priorizando temas de anticorrupci\u00f3n, generaci\u00f3n de empleo, agua e hizo menci\u00f3n de revisi\u00f3n del Reglamento Interno.<\/p>\n<p>Para acompa\u00f1ar a Jos\u00e9 Herrera en el desarrollo de su labor, la nueva directiva del parlamento, la conforman en la primera vicepresidencia el diputado Eduardo V\u00e1squez, del circuito 13-2, de Capira; mientras que, en la segunda vicepresidencia el diputado Eli\u00e9cer Castrell\u00f3n, del circuito 4-6, de la provincia de Chiriqu\u00ed.<\/p>\n<p>Durante la postulaci\u00f3n a cargo de Presidente de la AN, el diputado Francisco Brea, destac\u00f3 la trayectoria del ganador en los gobiernos locales y la confianza en la labor a realizar, apostando a la transparencia y de dar esa participaci\u00f3n equitativa con representatividad.<\/p>\n<p>Lo calific\u00f3 como un colega con experiencia en distintos cargos, representante, alcalde y cuyo origen proviene del interior del pa\u00eds.<\/p>\n<p>La sesi\u00f3n de elecci\u00f3n de la directiva, concluy\u00f3 con el mensaje de la Naci\u00f3n del presidente de la Rep\u00fablica de Panam\u00e1, Jos\u00e9 Ra\u00fal Mulino, quien present\u00f3 un informe de su primer a\u00f1o de gesti\u00f3n y los futuros planes de desarrollo.<\/p>\n<p>Para este evento, estuvieron presentes, ministros de Estado, magistrados de la Corte Suprema de Justicia, del Tribunal Electoral, cuerpo diplom\u00e1tico, acreditado en Panam\u00e1, medios de comunicaci\u00f3n e invitados especiales.<\/p>\n<\/div><div class=\"awb-gallery-wrapper awb-gallery-wrapper-1 button-span-no\" style=\"--more-btn-alignment:center;\"><div style=\"margin:-5px;--awb-bordersize:0px;\" class=\"fusion-gallery fusion-gallery-container fusion-grid-3 fusion-columns-total-6 fusion-gallery-layout-grid fusion-gallery-1\"><div style=\"padding:5px;\" class=\"fusion-grid-column fusion-gallery-column fusion-gallery-column-3 hover-type-none\"><div class=\"fusion-gallery-image\"><a href=\"https:\/\/sertv.gob.pa\/nacionalfm\/wp-content\/uploads\/sites\/6\/2025\/07\/PRESIDENCIA-HERRERA-2.jpg\" rel=\"noreferrer\" data-rel=\"iLightbox[gallery_image_1]\" class=\"fusion-lightbox\" target=\"_self\"><img decoding=\"async\" src=\"https:\/\/sertv.gob.pa\/nacionalfm\/wp-content\/uploads\/sites\/6\/2025\/07\/PRESIDENCIA-HERRERA-2.jpg\" width=\"600\" height=\"400\" alt=\"\" title=\"PRESIDENCIA HERRERA 2\" aria-label=\"PRESIDENCIA HERRERA 2\" class=\"img-responsive wp-image-109566\" srcset=\"https:\/\/sertv.gob.pa\/nacionalfm\/wp-content\/uploads\/sites\/6\/2025\/07\/PRESIDENCIA-HERRERA-2-200x133.jpg 200w, https:\/\/sertv.gob.pa\/nacionalfm\/wp-content\/uploads\/sites\/6\/2025\/07\/PRESIDENCIA-HERRERA-2-400x267.jpg 400w, https:\/\/sertv.gob.pa\/nacionalfm\/wp-content\/uploads\/sites\/6\/2025\/07\/PRESIDENCIA-HERRERA-2.jpg 600w\" sizes=\"(min-width: 2200px) 100vw, (min-width: 784px) 363px, (min-width: 712px) 545px, (min-width: 640px) 712px, \" \/><\/a><\/div><\/div><div style=\"padding:5px;\" class=\"fusion-grid-column fusion-gallery-column fusion-gallery-column-3 hover-type-none\"><div class=\"fusion-gallery-image\"><a href=\"https:\/\/sertv.gob.pa\/nacionalfm\/wp-content\/uploads\/sites\/6\/2025\/07\/PRESIDENCIA-HERRERA-3.jpg\" rel=\"noreferrer\" data-rel=\"iLightbox[gallery_image_1]\" class=\"fusion-lightbox\" target=\"_self\"><img decoding=\"async\" src=\"https:\/\/sertv.gob.pa\/nacionalfm\/wp-content\/uploads\/sites\/6\/2025\/07\/PRESIDENCIA-HERRERA-3.jpg\" width=\"600\" height=\"429\" alt=\"\" title=\"PRESIDENCIA HERRERA 3\" aria-label=\"PRESIDENCIA HERRERA 3\" class=\"img-responsive wp-image-109567\" srcset=\"https:\/\/sertv.gob.pa\/nacionalfm\/wp-content\/uploads\/sites\/6\/2025\/07\/PRESIDENCIA-HERRERA-3-200x143.jpg 200w, https:\/\/sertv.gob.pa\/nacionalfm\/wp-content\/uploads\/sites\/6\/2025\/07\/PRESIDENCIA-HERRERA-3-400x286.jpg 400w, https:\/\/sertv.gob.pa\/nacionalfm\/wp-content\/uploads\/sites\/6\/2025\/07\/PRESIDENCIA-HERRERA-3.jpg 600w\" sizes=\"(min-width: 2200px) 100vw, (min-width: 784px) 363px, (min-width: 712px) 545px, (min-width: 640px) 712px, \" \/><\/a><\/div><\/div><div style=\"padding:5px;\" class=\"fusion-grid-column fusion-gallery-column fusion-gallery-column-3 hover-type-none\"><div class=\"fusion-gallery-image\"><a href=\"https:\/\/sertv.gob.pa\/nacionalfm\/wp-content\/uploads\/sites\/6\/2025\/07\/PRESIDENCIA-HERRERA-4.jpg\" rel=\"noreferrer\" data-rel=\"iLightbox[gallery_image_1]\" class=\"fusion-lightbox\" target=\"_self\"><img decoding=\"async\" src=\"https:\/\/sertv.gob.pa\/nacionalfm\/wp-content\/uploads\/sites\/6\/2025\/07\/PRESIDENCIA-HERRERA-4.jpg\" width=\"600\" height=\"429\" alt=\"\" title=\"PRESIDENCIA HERRERA 4\" aria-label=\"PRESIDENCIA HERRERA 4\" class=\"img-responsive wp-image-109568\" srcset=\"https:\/\/sertv.gob.pa\/nacionalfm\/wp-content\/uploads\/sites\/6\/2025\/07\/PRESIDENCIA-HERRERA-4-200x143.jpg 200w, https:\/\/sertv.gob.pa\/nacionalfm\/wp-content\/uploads\/sites\/6\/2025\/07\/PRESIDENCIA-HERRERA-4-400x286.jpg 400w, https:\/\/sertv.gob.pa\/nacionalfm\/wp-content\/uploads\/sites\/6\/2025\/07\/PRESIDENCIA-HERRERA-4.jpg 600w\" sizes=\"(min-width: 2200px) 100vw, (min-width: 784px) 363px, (min-width: 712px) 545px, (min-width: 640px) 712px, \" \/><\/a><\/div><\/div><div class=\"clearfix\"><\/div><div style=\"padding:5px;\" class=\"fusion-grid-column fusion-gallery-column fusion-gallery-column-3 hover-type-none\"><div class=\"fusion-gallery-image\"><a href=\"https:\/\/sertv.gob.pa\/nacionalfm\/wp-content\/uploads\/sites\/6\/2025\/07\/PRESIDENCIA-HERRERA-5.jpg\" rel=\"noreferrer\" data-rel=\"iLightbox[gallery_image_1]\" class=\"fusion-lightbox\" target=\"_self\"><img decoding=\"async\" src=\"https:\/\/sertv.gob.pa\/nacionalfm\/wp-content\/uploads\/sites\/6\/2025\/07\/PRESIDENCIA-HERRERA-5.jpg\" width=\"600\" height=\"400\" alt=\"\" title=\"PRESIDENCIA HERRERA 5\" aria-label=\"PRESIDENCIA HERRERA 5\" class=\"img-responsive wp-image-109569\" srcset=\"https:\/\/sertv.gob.pa\/nacionalfm\/wp-content\/uploads\/sites\/6\/2025\/07\/PRESIDENCIA-HERRERA-5-200x133.jpg 200w, https:\/\/sertv.gob.pa\/nacionalfm\/wp-content\/uploads\/sites\/6\/2025\/07\/PRESIDENCIA-HERRERA-5-400x267.jpg 400w, https:\/\/sertv.gob.pa\/nacionalfm\/wp-content\/uploads\/sites\/6\/2025\/07\/PRESIDENCIA-HERRERA-5.jpg 600w\" sizes=\"(min-width: 2200px) 100vw, (min-width: 784px) 363px, (min-width: 712px) 545px, (min-width: 640px) 712px, \" \/><\/a><\/div><\/div><div style=\"padding:5px;\" class=\"fusion-grid-column fusion-gallery-column fusion-gallery-column-3 hover-type-none\"><div class=\"fusion-gallery-image\"><a href=\"https:\/\/sertv.gob.pa\/nacionalfm\/wp-content\/uploads\/sites\/6\/2025\/07\/PRESIDENCIA-HERRERA-6.jpg\" rel=\"noreferrer\" data-rel=\"iLightbox[gallery_image_1]\" class=\"fusion-lightbox\" target=\"_self\"><img decoding=\"async\" src=\"https:\/\/sertv.gob.pa\/nacionalfm\/wp-content\/uploads\/sites\/6\/2025\/07\/PRESIDENCIA-HERRERA-6.jpg\" width=\"600\" height=\"400\" alt=\"\" title=\"PRESIDENCIA HERRERA 6\" aria-label=\"PRESIDENCIA HERRERA 6\" class=\"img-responsive wp-image-109570\" srcset=\"https:\/\/sertv.gob.pa\/nacionalfm\/wp-content\/uploads\/sites\/6\/2025\/07\/PRESIDENCIA-HERRERA-6-200x133.jpg 200w, https:\/\/sertv.gob.pa\/nacionalfm\/wp-content\/uploads\/sites\/6\/2025\/07\/PRESIDENCIA-HERRERA-6-400x267.jpg 400w, https:\/\/sertv.gob.pa\/nacionalfm\/wp-content\/uploads\/sites\/6\/2025\/07\/PRESIDENCIA-HERRERA-6.jpg 600w\" sizes=\"(min-width: 2200px) 100vw, (min-width: 784px) 363px, (min-width: 712px) 545px, (min-width: 640px) 712px, \" \/><\/a><\/div><\/div><div style=\"padding:5px;\" class=\"fusion-grid-column fusion-gallery-column fusion-gallery-column-3 hover-type-none\"><div class=\"fusion-gallery-image\"><a href=\"https:\/\/sertv.gob.pa\/nacionalfm\/wp-content\/uploads\/sites\/6\/2025\/07\/PRESIDENCIA-HERRERA-7.jpg\" rel=\"noreferrer\" data-rel=\"iLightbox[gallery_image_1]\" class=\"fusion-lightbox\" target=\"_self\"><img decoding=\"async\" src=\"https:\/\/sertv.gob.pa\/nacionalfm\/wp-content\/uploads\/sites\/6\/2025\/07\/PRESIDENCIA-HERRERA-7.jpg\" width=\"600\" height=\"400\" alt=\"\" title=\"PRESIDENCIA HERRERA 7\" aria-label=\"PRESIDENCIA HERRERA 7\" class=\"img-responsive wp-image-109571\" srcset=\"https:\/\/sertv.gob.pa\/nacionalfm\/wp-content\/uploads\/sites\/6\/2025\/07\/PRESIDENCIA-HERRERA-7-200x133.jpg 200w, https:\/\/sertv.gob.pa\/nacionalfm\/wp-content\/uploads\/sites\/6\/2025\/07\/PRESIDENCIA-HERRERA-7-400x267.jpg 400w, https:\/\/sertv.gob.pa\/nacionalfm\/wp-content\/uploads\/sites\/6\/2025\/07\/PRESIDENCIA-HERRERA-7.jpg 600w\" sizes=\"(min-width: 2200px) 100vw, (min-width: 784px) 363px, (min-width: 712px) 545px, (min-width: 640px) 712px, \" \/><\/a><\/div><\/div><div class=\"clearfix\"><\/div><\/div><\/div><\/div><\/div><\/div><\/div>\n","protected":false},"excerpt":{"rendered":"","protected":false},"author":9,"featured_media":109565,"comment_status":"closed","ping_status":"closed","sticky":false,"template":"","format":"standard","meta":{"footnotes":""},"categories":[2],"tags":[],"class_list":["post-109564","post","type-post","status-publish","format-standard","has-post-thumbnail","hentry","category-nacionales"],"_links":{"self":[{"href":"https:\/\/sertv.gob.pa\/nacionalfm\/wp-json\/wp\/v2\/posts\/109564","targetHints":{"allow":["GET"]}}],"collection":[{"href":"https:\/\/sertv.gob.pa\/nacionalfm\/wp-json\/wp\/v2\/posts"}],"about":[{"href":"https:\/\/sertv.gob.pa\/nacionalfm\/wp-json\/wp\/v2\/types\/post"}],"author":[{"embeddable":true,"href":"https:\/\/sertv.gob.pa\/nacionalfm\/wp-json\/wp\/v2\/users\/9"}],"replies":[{"embeddable":true,"href":"https:\/\/sertv.gob.pa\/nacionalfm\/wp-json\/wp\/v2\/comments?post=109564"}],"version-history":[{"count":1,"href":"https:\/\/sertv.gob.pa\/nacionalfm\/wp-json\/wp\/v2\/posts\/109564\/revisions"}],"predecessor-version":[{"id":109572,"href":"https:\/\/sertv.gob.pa\/nacionalfm\/wp-json\/wp\/v2\/posts\/109564\/revisions\/109572"}],"wp:featuredmedia":[{"embeddable":true,"href":"https:\/\/sertv.gob.pa\/nacionalfm\/wp-json\/wp\/v2\/media\/109565"}],"wp:attachment":[{"href":"https:\/\/sertv.gob.pa\/nacionalfm\/wp-json\/wp\/v2\/media?parent=109564"}],"wp:term":[{"taxonomy":"category","embeddable":true,"href":"https:\/\/sertv.gob.pa\/nacionalfm\/wp-json\/wp\/v2\/categories?post=109564"},{"taxonomy":"post_tag","embeddable":true,"href":"https:\/\/sertv.gob.pa\/nacionalfm\/wp-json\/wp\/v2\/tags?post=109564"}],"curies":[{"name":"wp","href":"https:\/\/api.w.org\/{rel}","templated":true}]}}