{"id":109577,"date":"2025-07-03T08:23:34","date_gmt":"2025-07-03T13:23:34","guid":{"rendered":"https:\/\/sertv.gob.pa\/nacionalfm\/?p=109577"},"modified":"2025-07-03T08:23:34","modified_gmt":"2025-07-03T13:23:34","slug":"informe-a-la-nacion-dirigido-por-el-excelentisimo-senor-jose-raul-mulino-presidente-de-la-republica","status":"publish","type":"post","link":"https:\/\/sertv.gob.pa\/nacionalfm\/informe-a-la-nacion-dirigido-por-el-excelentisimo-senor-jose-raul-mulino-presidente-de-la-republica\/","title":{"rendered":"INFORME A LA NACI\u00d3N DIRIGIDO POR EL EXCELENT\u00cdSIMO SE\u00d1OR, JOS\u00c9 RA\u00daL MULINO, PRESIDENTE DE LA REP\u00daBLICA"},"content":{"rendered":"<div class=\"fusion-fullwidth fullwidth-box fusion-builder-row-1 fusion-flex-container has-pattern-background has-mask-background nonhundred-percent-fullwidth non-hundred-percent-height-scrolling\" style=\"--awb-border-radius-top-left:0px;--awb-border-radius-top-right:0px;--awb-border-radius-bottom-right:0px;--awb-border-radius-bottom-left:0px;--awb-flex-wrap:wrap;\" ><div class=\"fusion-builder-row fusion-row fusion-flex-align-items-flex-start fusion-flex-content-wrap\" style=\"max-width:1144px;margin-left: calc(-4% \/ 2 );margin-right: calc(-4% \/ 2 );\"><div class=\"fusion-layout-column fusion_builder_column fusion-builder-column-0 fusion_builder_column_1_1 1_1 fusion-flex-column\" style=\"--awb-bg-size:cover;--awb-width-large:100%;--awb-margin-top-large:0px;--awb-spacing-right-large:1.92%;--awb-margin-bottom-large:20px;--awb-spacing-left-large:1.92%;--awb-width-medium:100%;--awb-order-medium:0;--awb-spacing-right-medium:1.92%;--awb-spacing-left-medium:1.92%;--awb-width-small:100%;--awb-order-small:0;--awb-spacing-right-small:1.92%;--awb-spacing-left-small:1.92%;\"><div class=\"fusion-column-wrapper fusion-column-has-shadow fusion-flex-justify-content-flex-start fusion-content-layout-column\"><div class=\"fusion-text fusion-text-1\" style=\"--awb-content-alignment:justify;\"><p>Informe a la Naci\u00f3n, Presidente Jos\u00e9 Ra\u00fal Mulino<\/p>\n<p>Instalaci\u00f3n Primera Legislatura del Segundo Periodo de Sesiones Ordinarias, 2025-2026<\/p>\n<p>1 de julio 2025<\/p>\n<p>SE Jorge Luis Herrera, presidente de la Asamblea Nacional de Diputados y sus Vicepresidentes<\/p>\n<p>SE Mar\u00eda Eugenia L\u00f3pez, magistrada presidente de la Corte Suprema de Justicia<\/p>\n<p>SE Ministros y viceministros de Estado<\/p>\n<p>SE Anel Flores De la Lastra, contralor general de la Rep\u00fablica<\/p>\n<p>HD Principales y suplentes de esta Asamblea Nacional<\/p>\n<p>Presb\u00edtero Juan Sandoval, vicario episcopal de la Zona Cristo Redentor del distrito de San Miguelito<\/p>\n<p>Jefes de Misiones Diplom\u00e1ticas y organismos internacionales acreditados en la Rep\u00fablica de Panam\u00e1<\/p>\n<p>Mi esposa, mis hijos.<\/p>\n<p>Muy buenas tardes a todos.<\/p>\n<p>Quiero iniciar felicitando al HD Jorge Herrera por su elecci\u00f3n como presidente de la Asamblea Nacional. Su designaci\u00f3n refleja la voluntad democr\u00e1tica y la libre determinaci\u00f3n de este \u00f3rgano del Estado.<\/p>\n<p>Hago un llamado a los diputados de todas las bancadas a trabajar juntos, con respeto y sentido de Patria, para impulsar leyes que fomenten el desarrollo y el bienestar de la poblaci\u00f3n que los eligi\u00f3.<\/p>\n<p>Espero colaborar de manera constructiva con el nuevo presidente de la Asamblea en un ambiente de di\u00e1logo y compromiso por el bien com\u00fan.<\/p>\n<p>Este resultado env\u00eda un mensaje claro: en esta nueva forma de gobernar no hay presiones, compra de conciencias, \u201cmaletinazos\u201d ni \u201cmatraqueos\u201d. Respeto profundamente la separaci\u00f3n de poderes y celebro que esta haya sido una elecci\u00f3n re\u00f1ida, trasparente y justa.<\/p>\n<p>En los \u00faltimos d\u00edas, me reun\u00ed y mantuve charlas con distintos diputados aqu\u00ed presentes de todas las bancadas. Y si no, habl\u00e9 por tel\u00e9fono, nunca a escondidas, siempre en el Palacio de Las Garzas y no metidos por ah\u00ed, en recovecos extra\u00f1os.<\/p>\n<p>Parte de cambiar la pol\u00edtica es permitir que cada uno de ustedes obre con independencia, sin temor a represalias; sin las complicidades ni prebendas que por a\u00f1os distorsionaron el buen funcionamiento de las instituciones.<\/p>\n<p>Con ese esp\u00edritu voy a trabajar con todos por igual, sin importar su afiliaci\u00f3n pol\u00edtica. Todos han sido elegidos por la voluntad del pueblo, y ese mandato es sagrado. Para avanzar, Panam\u00e1 necesita consensos y yo estoy aqu\u00ed para construirlos.<\/p>\n<p>Hoy, al cumplirse el primer a\u00f1o de gesti\u00f3n, me habr\u00eda gustado poder hablar solo del futuro y no de todo lo que tuvimos que resolver del pasado. Cargamos con una pesada herencia que consumi\u00f3 recursos, tiempo y esfuerzos todo este a\u00f1o. Me habr\u00eda gustado no tener que enfrentar la realidad que encontramos: una Caja de Seguro Social en condiciones cr\u00edticas, un Estado con la deuda p\u00fablica m\u00e1s alta de la historia y a punto de perder el grado de inversi\u00f3n con todas las calificadoras.<\/p>\n<p>Pero recibimos obras detenidas, ministerios y entidades golpeadas por la desidia de gestiones que pusieron la pol\u00edtica por encima de llevarle soluciones reales a las personas. No puede haber excusas ante estos desmanes.<\/p>\n<p>El endeudamiento descomunal no fue utilizado en construcci\u00f3n de obras y servicios para los paname\u00f1os. Miren, da gusto pagar deudas si se usan para construir puentes, carreteras, hospitales, escuelas, acueductos y transporte p\u00fablico eficiente. Pero se despilfarr\u00f3, en su mayor\u00eda, para sostener la ineficiencia de un Estado cada vez m\u00e1s pesado y burocr\u00e1tico. En resumen: usaron esos fondos para hacer pol\u00edtica.<\/p>\n<p>Sacar la politiquer\u00eda del Estado es meterse en una pelea con los monos gordos. Porque, seamos sinceros: ese es el terreno del matraqueo, las negociaciones y el lugar donde una mano lava a la otra. Todo gira en torno a intereses monetarios.<\/p>\n<p>Empezar a cambiar esta pr\u00e1ctica no solo ha requerido determinaci\u00f3n, sino aguantar las presiones de los que no quieren soltar el caramelo, y desde su perspectiva hasta puede ser entendible.<\/p>\n<p>Como ven, no se trataba solo de cambiar formas o corregir pr\u00e1cticas aisladas. Detener un modelo que arrastraba la inercia y rigidez de los privilegios implic\u00f3 enfrentar no solo distorsiones end\u00e9micas, sino tambi\u00e9n un profundo deterioro moral.<\/p>\n<p>Eleg\u00ed un Gabinete amplio, que integrara a independientes, a personas de distintos sectores e ideolog\u00edas, todos con algo en com\u00fan: la voluntad de aceptar el desaf\u00edo de hacer las cosas de manera diferente, enfrentar los problemas con valent\u00eda, integridad y transparencia.<\/p>\n<p>Lo que para nosotros fueron d\u00edas de trabajo arduo y disciplinado, enfocados para ordenar las cosas y poner las prioridades en su lugar, fue visto por quienes durante a\u00f1os vivieron c\u00f3modamente del Estado como una declaraci\u00f3n de guerra.<\/p>\n<p>En un a\u00f1o de gobierno interpusimos 429 denuncias por hallazgos relacionados con lesiones patrimoniales escandalosas. Destapamos una verdadera olla de grillos donde estaban metidas las manos de los grandes de la pol\u00edtica, enredados en negociados de obras inconclusas, con precios escandalosos, todo tipo de nombramientos y una repartidera de becas a cuanto amigo, pariente o aliado hubiese.<\/p>\n<p>Dentro de la era de la comunicaci\u00f3n inmediata y velocidad extrema que vivimos, los ataques no se hicieron esperar. Enfrentamos una oleada negativa proveniente de quienes no quer\u00edan soltar el caramelo. Los cambios no les convienen, porque amenazan su cuota de poder y privilegios. As\u00ed funciona esto y as\u00ed ha funcionado por a\u00f1os.<\/p>\n<p>Soy un hombre de derecho. Creo en las libertades y las defiendo. Respeto y valoro las cr\u00edticas cuando se hacen de manera constructiva, y muchas de ellas las tomo en cuenta en la gesti\u00f3n. Pero es importante distinguir entre el desacuerdo y las viles mentiras que, en algunos casos, provienen de figuras con trayectoria cuestionada en distintos \u00e1mbitos, y que hoy se presentan como voces de autoridad en cada programa dominguero.<\/p>\n<p>Hubo l\u00edderes sindicales y pol\u00edticos que fueron m\u00e1s all\u00e1. Saltaron la cerca y pasaron a la acci\u00f3n con violencia. Son tan temerarios que aprovecharon la dif\u00edcil, pero inaplazable reforma de la Caja de Seguro Social, para intentar desestabilizar al gobierno con movilizaciones disfrazadas de reclamos sociales. Manipularon y tergiversaron la informaci\u00f3n, y desean continuar haci\u00e9ndolo, buscando convertir un acto de responsabilidad en una oportunidad pol\u00edtica. Pero esta vez no funcion\u00f3.<\/p>\n<p>Como todo humano tengo aciertos y errores. Que soy un poco duro, es la verdad.<\/p>\n<p>Nac\u00ed hace mucho tiempo, no hab\u00eda nada de cristal en nuestra generaci\u00f3n. Lo bueno es bueno y lo malo es malo. El estudiar, prepararse y buscar el \u00e9xito era m\u00e1s importante que la taquilla que hoy es tan famosa. Se viv\u00eda, se estudiaba y trabajaba sin esc\u00e1ndalos de ning\u00fan tipo.<\/p>\n<p>Mi padre me ense\u00f1\u00f3 que en la vida a veces se gana y a veces se aprende. Y yo aprend\u00ed a ser paciente, a ser frontal, a debatir de igual a igual y a llamar las cosas por su nombre. Si eso es ser prepotente, lo soy, pues.<\/p>\n<p>Manifestante es quien protesta ejerciendo su derecho constitucional. Delincuentes son los que lanzan bloques desde azoteas, destrozan el Hospital del Ni\u00f1o, saquean comercios en Changuinola o vandalizan la propiedad p\u00fablica y privada. A las cosas hay que llamarlas por su nombre: al pan, pan; y al vino, vino.<\/p>\n<p>Nadie en su sano juicio se someter\u00eda al desgaste de impulsar una reforma social, a menos que fuera imperativo y absolutamente necesario. Se hizo porque el sistema estaba colapsado: no se pod\u00edan garantizar pensiones, la mora quir\u00fargica era de meses, no hab\u00eda casi medicinas y para ser atendidos los asegurados deb\u00edan tener palanca y pagar favores.<\/p>\n<p>Hab\u00eda que ponerle el pecho al problema. Hacerse o hacerme el de la vista gorda y seguir con la misma pol\u00edtica \u201cguabinosa\u201d de siempre, esperando que le explotara al otro, no era una opci\u00f3n para m\u00ed. Fue un proceso abierto p\u00fablico y democr\u00e1tico que a ustedes les consta.<\/p>\n<p>Comenzamos el 9 de agosto del a\u00f1o pasado, cuando me reun\u00ed con todos los partidos pol\u00edticos en el Palacio de las Garzas. Luego se instalaron dos comisiones: la de Salud y la de Invalidez, Vejez y Muerte. En ellas participaron sindicatos, c\u00e1maras empresariales y representantes de los pacientes.<\/p>\n<p>Fueron dos meses de reuniones semanales en las que cada sector expuso, sustent\u00f3 y defendi\u00f3 su propuesta con total libertad y apertura. Hubo coincidencias en temas clave: El Seguro no se privatiza, el paciente es primero, garantizar el pago de las pensiones, aumentar el aporte estatal, diversificar las inversiones, no subir la cuota de los trabajadores, tener una administraci\u00f3n transparente, entre muchos otros.<\/p>\n<p>El 6 de noviembre se present\u00f3 el proyecto aqu\u00ed. Siempre dije que no estaba escrito en piedra. Prueba de ello es que el 60% de la propuesta del Ejecutivo fue modificada en esta casa, tras cinco meses de abiertos debates.<\/p>\n<p>En el Legislativo se escucharon a decenas de personas, sindicalistas, trabajadores, independientes, representantes de las c\u00e1maras empresariales en esta Asamblea Nacional. Despu\u00e9s, se realizaron giras por las distintas provincias, desde Bocas del Toro hasta el Dari\u00e9n, donde todos pudieron opinar y participar.<\/p>\n<p>Se debati\u00f3 ampliamente en la Comisi\u00f3n de Salud y aqu\u00ed en este Pleno. El resultado fue una ley diferente a la propuesta por el Ejecutivo, votada por 48 de los 71 miembros de este hemiciclo.<\/p>\n<p>Se decidi\u00f3 que cualquier posible modificaci\u00f3n a la edad de jubilaci\u00f3n no ser\u00eda tomada ahora. Ser\u00e1 en el marco de una pr\u00f3xima campa\u00f1a electoral, cuando los candidatos deber\u00e1n asumir una posici\u00f3n clara ante el pa\u00eds, y ser\u00e1 el pueblo quien decida, con su voto, qu\u00e9 rumbo quiere tomar. Debe quedar absolutamente claro: en esta reforma no se modific\u00f3 la edad de jubilaci\u00f3n.<\/p>\n<p>No hay ni habr\u00e1 nada m\u00e1s democr\u00e1tico que las mayor\u00edas decidiendo. Escuchar y debatir es fundamental, pero no podemos aceptar una supuesta superioridad moral de quienes no respetan las decisiones leg\u00edtimas de la mayor\u00eda. Las leyes se construyen con di\u00e1logo, es cierto, pero se sostienen con responsabilidad. Desconocer lo aprobado por las instituciones no solo debilita la democracia, sino que pone en riesgo la estabilidad social, financiera y jur\u00eddica del pa\u00eds.<\/p>\n<p>Desde que asumi\u00f3 el nuevo director del Seguro, los cambios comienzan a sentirse: el Hospital Cancerol\u00f3gico, la fuerte disminuci\u00f3n de la mora quir\u00fargica, el aumento en el abastecimiento de medicamentos, la digitalizaci\u00f3n de expedientes y una mayor transparencia en el manejo de los fondos. A\u00fan queda mucho por hacer para garantizar a los asegurados la atenci\u00f3n de salud que merecen. No se puede reparar en unos meses a\u00f1os de abandono y mala administraci\u00f3n.<\/p>\n<p>El 90% de los fondos del Seguro ser\u00e1n invertidos en el Banco Nacional y la Caja de Ahorros. Esta proporci\u00f3n de inversi\u00f3n p\u00fablica es una de las m\u00e1s altas de Am\u00e9rica Latina. Incluso en pa\u00edses gobernados por partidos de izquierda, se invierte en el sector privado mucho m\u00e1s que en Panam\u00e1. Es decir, nuestro modelo es conservador y de bajo riesgo en comparaci\u00f3n con otros pa\u00edses de la regi\u00f3n.<\/p>\n<p>Es una Ley muy superior a la que exist\u00eda y marca un punto de inflexi\u00f3n hacia un modelo m\u00e1s justo, sostenible, solidario y transparente. Seguramente en el futuro deba actualizarse para estar a la altura de las futuras circunstancias.<\/p>\n<p>Quienes se oponen de forma rabiosa guardaron silencio durante 20 a\u00f1os, en complicidad con aquellos que prefirieron mirar hacia otro lado mientras el sistema se deterioraba, muchos desde la Junta Directiva de la instituci\u00f3n.<\/p>\n<p>Respeto las posiciones contrarias, pero no las acciones ilegales ni los m\u00e9todos extorsivos: 8 de cada 10 detenidos por las violentas acciones, no cotizan en el Seguro. Una lucha innecesaria que termin\u00f3 con la salida de una empresa que deja a m\u00e1s de 5 mil obreros sin empleo de forma permanente. Es una dolorosa iron\u00eda: sin trabajo, no hay jubilaci\u00f3n.<\/p>\n<p>Mi Gabinete utiliz\u00f3 el art\u00edculo 55 de la Constituci\u00f3n Nacional para implantar el orden p\u00fablico. No fue arbitrario. Se hizo para aplacar acciones que no eran protestas c\u00edvicas, sino vandalismo, puro y duro. Ahora, tenemos que buscar juntos una soluci\u00f3n para recuperar la actividad econ\u00f3mica de la provincia, pensando en construir un futuro y no en destruir el presente. Me lo pregunt\u00f3 la diputada de Bocas en la ruta hacia ac\u00e1. Y le soy muy honesto, diputada, todav\u00eda no s\u00e9 c\u00f3mo voy a reconstruir esto.<\/p>\n<p>La presi\u00f3n ha sido tal, que personas le\u00eddas, formadas y educadas, como son los maestros, cayeron en la trampa de las mentiras difundidas por algunos l\u00edderes sesgados ideol\u00f3gicamente. La ley es clara: no afecta ninguno de sus derechos. Esta huelga ya no es una lucha, es un secuestro a la educaci\u00f3n. Lo m\u00e1s doloroso es que los rehenes no son todos, sino \u00fanicamente aquellos ni\u00f1os y j\u00f3venes que dependen del sistema p\u00fablico, aumentando as\u00ed la brecha que el sistema deber\u00eda cerrar.<\/p>\n<p>Y aqu\u00ed surge otra triste iron\u00eda: hay maestros que ense\u00f1an tanto en escuelas p\u00fablicas como privadas, pero solo hacen huelga en la p\u00fablica. Incluso muchos de ellos tienen hijos que asisten a esas mismas escuelas. Por eso, les hablo con el respeto que me merecen como formadores de la Naci\u00f3n: regresen a las aulas y salven el a\u00f1o escolar. Los padres, los alumnos y yo les estaremos eternamente agradecidos. A\u00fan estamos a tiempo.<\/p>\n<p>Quiero cerrar este cap\u00edtulo diciendo que la nueva Ley de la Caja de Seguro Social es un paso vital para garantizar las pensiones de los paname\u00f1os y mejorar el sistema de salud.<\/p>\n<p>Por otro lado, el \u201cdefault\u201d de la Caja de Seguro Social llevar\u00eda al pa\u00eds al colapso financiero y, entonces, la realidad hubiese sido muy distinta. Esta reforma era indispensable para cuidar el bolsillo y la salud de los paname\u00f1os, as\u00ed como preservar nuestro grado de inversi\u00f3n y sostener la estabilidad macroecon\u00f3mica y enviar un mensaje claro a los mercados internacionales de que no nos rifar\u00edamos la Naci\u00f3n.<\/p>\n<p>Quiero referirme ahora a otro pseudoesc\u00e1ndalo, el Memorando de Entendimiento firmado con los Estados Unidos. Este documento, que ha sido objeto de interpretaciones malintencionadas, no viola nuestra soberan\u00eda bajo ning\u00fan concepto. Por el contrario, reafirma que todas las instalaciones de seguridad contin\u00faan siendo paname\u00f1as, que el control operativo corresponde exclusivamente al Ministerio de Seguridad P\u00fablica, y que cualquier colaboraci\u00f3n extranjera ser\u00e1 temporal y respetuosa de nuestra Constituci\u00f3n y nuestras leyes.<\/p>\n<p>El Memorando no contempla bases militares ni cesi\u00f3n territorial de ning\u00fan tipo, y puede ser cancelado por Panam\u00e1 de forma unilateral con seis meses de notificaci\u00f3n. Se trata de uno m\u00e1s de al menos 23 acuerdos de cooperaci\u00f3n similares, que Panam\u00e1 ha suscrito con los Estados Unidos desde 1990, practicada por todos los gobiernos en defensa del inter\u00e9s nacional.<\/p>\n<p>Lo que s\u00ed va a pasar es que vamos fuerte contra el narcotr\u00e1fico. Atacar este flagelo es defender a nuestra Patria. Se los digo con honestidad: es muy grave la situaci\u00f3n y creo que se refleja p\u00fablicamente.<\/p>\n<p>Yo particip\u00e9 en la elaboraci\u00f3n de la Ley Org\u00e1nica del Canal y del T\u00edtulo Constitucional que aqu\u00ed en la Asamblea se discuti\u00f3 en extenso, y fui uno de los pocos l\u00edderes de oposici\u00f3n que vot\u00f3 a favor de la ampliaci\u00f3n del Canal. Creo, sin lugar a duda, que la neutralidad es su mejor defensa. Como siempre, el tiempo es el mejor ordenador y ha puesto las cosas en su lugar: Quedar\u00e1 claro que este gobierno no ha cedido ni ceder\u00e1 un mil\u00edmetro de la soberan\u00eda paname\u00f1a.<\/p>\n<p>Tal es el apego a la Constituci\u00f3n Nacional, que hemos declarado el 2025 como el A\u00f1o de la Alfabetizaci\u00f3n Constitucional con un gran trabajo de difusi\u00f3n en la ense\u00f1anza de nuestra Carta Magna, para luego iniciar la transformaci\u00f3n del Estado a trav\u00e9s de una asamblea nacional constituyente como la 1946 que dot\u00f3 al pa\u00eds de una gran Constituci\u00f3n, jam\u00e1s superada.<\/p>\n<p>Tal es la defensa del Canal, que apoyo abiertamente en foros internacionales el proyecto de reservorio del r\u00edo Indio. La historia demuestra el error que hubiese sido no ampliar en Canal. Ese Canal necesita m\u00e1s agua, nosotros necesitamos m\u00e1s agua para beber. No podemos afectar nuestra gran ventaja competitiva y nuestra estrat\u00e9gica posici\u00f3n geogr\u00e1fica. Los que se opusieron a la ampliaci\u00f3n buscando alg\u00fan r\u00e9dito pol\u00edtico, despu\u00e9s posaban re\u00eddos en cada foto de la inauguraci\u00f3n de esa megaobra que intentaron detener.<\/p>\n<p>Quien se opone a r\u00edo Indio se opone al progreso, se opone a tener m\u00e1s agua para la gente y a tener m\u00e1s recursos h\u00eddricos para el Canal. Esta obra no perjudica a nadie y estoy seguro de que la Autoridad del Canal de Panam\u00e1 har\u00e1 un trabajo humano, que garantice bienestar a las personas que puedan afectarse con la obra.<\/p>\n<p>Se\u00f1oras y se\u00f1ores. Ustedes saben que he sufrido en carne propia el odio generado por complejos de inferioridad en el poder. Eso dej\u00f3 algo claro en m\u00ed: jam\u00e1s mezclar\u00eda asuntos personales con decisiones p\u00fablicas. Lo que inicia un gobierno debe terminarlo el siguiente, porque se trata de recursos de los paname\u00f1os y del valor de la palabra empe\u00f1ada por parte del Estado con todo un pueblo.<\/p>\n<p>No voy a repetir esos errores del pasado de abandonar las obras y anunciar muchas nuevas desperdiciando los recursos invertidos por mezquindades pol\u00edticas o, peor a\u00fan, por negocio. Eso es enga\u00f1ar al ciudadano, es una actitud arrogante y soberbia que se burla de la gente y les roba lo que es suyo.<\/p>\n<p>Yo puedo ser algo duro, pero no soy hip\u00f3crita. Solo les pregunto: \u00bfdesear\u00edan otra vez un gobierno ausente y un presidente que posterga decisiones?<\/p>\n<p>S\u00e9 que la recuperaci\u00f3n est\u00e1 llevando m\u00e1s tiempo. Debo reconocer que fui un entusiasta, tal vez por la inocencia de no imaginar el tremendo desorden que nos dejaron. Tuvimos que apretar fuerte el cintur\u00f3n del gasto p\u00fablico. Pero este sacrificio nacional, producto de los excesos del pasado, es temporal. Estamos limpiando la mesa, corrigiendo vicios acumulados y reorganizando un sistema que ya no daba para m\u00e1s. Lamentablemente, eso implica asumir costos adicionales millonarios que no salen del bolsillo de un expresidente, un exvicepresidente ni de antiguos ministros, sino del bolsillo de ustedes, el pueblo paname\u00f1o.<\/p>\n<p>Las \u00faltimas dos gestiones acabaron con la bonanza: la econom\u00eda se estanc\u00f3, el matraqueo pol\u00edtico reemplaz\u00f3 las soluciones concretas para la gente. Le robaron su alegr\u00eda y su esperanza. Sin embargo, no hay casos resonantes ni responsables subiendo y bajando escaleras. La ciudadan\u00eda, con junta raz\u00f3n, siente frustraci\u00f3n porque a\u00fan no ven que hay consecuencias por los delitos cometidos. Pero algo s\u00ed quiero destacar: yo no investigo ni juzgo a nadie.<\/p>\n<p>S\u00e9 lo grave de ese mal accionar administrativo, porque este primer a\u00f1o tuvimos que desactivar la bomba econ\u00f3mica, proteger los bolsillos de las familias y empujar sectores claves como la construcci\u00f3n, el turismo, la agricultura, la energ\u00eda y el emprendimiento. No es un camino f\u00e1cil, pero ya vemos resultados que mejoran la vida de la gente. Panam\u00e1 vuelve a crecer y seguir\u00e1 creciendo.<\/p>\n<p>Las proyecciones nos colocan en un crecimiento cercano al 4% del PIB este a\u00f1o. Esto es producto de una administraci\u00f3n responsable y del uso eficiente de los recursos p\u00fablicos. El Plan Estrat\u00e9gico de Gobierno, planificado por el Ministerio de Econom\u00eda y Finanzas, revis\u00f3 m\u00e1s de 2,500 proyectos de inversi\u00f3n p\u00fablica. As\u00ed logramos reducir costos sin afectar obras y servicios. Adem\u00e1s, se logr\u00f3 generar nuevamente credibilidad en los mercados externos, muchos de ellos, acreedores importantes nuestros.<\/p>\n<p>A nivel internacional, vamos recuperando la confianza. Panam\u00e1 est\u00e1 dando pasos firmes para salir de la lista de la Uni\u00f3n Europea, gracias al trabajo coordinado de varias instituciones del Estado y del sector privado.<\/p>\n<p>Hemos incrementado nuestra interacci\u00f3n con la OCDE, no solo con miras a salir de esas listas discriminatorias, sino para iniciar nuestra ruta hacia el ingreso a ese importante grupo de Estados democr\u00e1ticos y econom\u00edas pr\u00f3speras. Esta semana en Sevilla, me reun\u00ed con el secretario General, Mathias Cormann, con quien convinimos iniciar un proceso, que es largo, pero que se dise\u00f1a para nosotros con apoyo de organismos como el BID, para ir avanzando, etapa por etapa, en un proceso que por s\u00ed solo va transformando esquemas. Yo no s\u00e9 si lo termine durante mi mandato, pero lo voy a empezar, es largo, ha tomado muchos a\u00f1os en otros pa\u00edses hermanos pero han salido y est\u00e1n en un grupo de pa\u00edses que tienen referencias propias.<\/p>\n<p>Panam\u00e1 asumi\u00f3 un rol destacado en el Consejo de Seguridad de la ONU, donde ejercer\u00e1 la presidencia en agosto. Se logr\u00f3 la designaci\u00f3n de Panam\u00e1 como sede regional del Proyecto Copernicus de la Uni\u00f3n Europea.<\/p>\n<p>En la OEA, Panam\u00e1 ejerce actualmente las presidencias pro tempore de la Comisi\u00f3n Interamericana de Mujeres y del Comit\u00e9 contra el Terrorismo.<\/p>\n<p>Nuestro pa\u00eds est\u00e1 recuperando el prestigio internacional perdido, y estamos orgullosos de eso. Es por eso que dedico dentro de mi agenda mucho tiempo a proyectar a Panam\u00e1 en el mundo como pa\u00eds l\u00edder que avanza con trabajo y se distingue con resultados.<\/p>\n<p>Tambi\u00e9n dimos pasos importantes hacia la modernizaci\u00f3n del Estado. Por ejemplo, eliminamos m\u00e1s de 16,500 cheques f\u00edsicos con el sistema de \u201cCaja Digital\u201d, agilizando pagos de manera segura y transparente.<\/p>\n<p>A trav\u00e9s de la Direcci\u00f3n de Ingresos, reforzamos la fiscalizaci\u00f3n y la cobranza: solo este a\u00f1o se han gestionado m\u00e1s de B\/.32 millones en arreglos de pago. Y hemos mantenido el subsidio el\u00e9ctrico para aliviar la carga de las familias.<\/p>\n<p>Por otro lado, la Caja de Ahorros ha superado los B\/.6,600 millones en activos y ha desembolsado m\u00e1s de B\/.111 millones en hipotecas sociales, beneficiando a m\u00e1s de 1,600 familias con casa propia. A partir de hoy se habilita el sistema de Yappy para sus m\u00e1s de 600 mil clientes. En octubre estar\u00e1 lanzando su proyecto de manejo de activos digitales.<\/p>\n<p>Nuestro pa\u00eds tiene un enorme potencial log\u00edstico, industrial y tecnol\u00f3gico. Por eso, desde el Ministerio de Comercio e Industrias impulsamos el desarrollo de nuevas zonas francas que ya generan m\u00e1s de 3,000 empleos, y atrajimos empresas multinacionales como Anheuser-Busch InBev y Sandals Resorts.<\/p>\n<p>Panam\u00e1 tambi\u00e9n fue reconocida como un actor emergente en la industria de semiconductores, y estamos invirtiendo en talento, infraestructura y ciberseguridad. Sobre esto \u00faltimo, hemos avanzado con el apoyo de pa\u00edses y organismos amigos para proteger integralmente a Panam\u00e1 de este tipo de acciones y delitos.<\/p>\n<p>Con el impulso de esta nueva gesti\u00f3n, nuestras exportaciones crecieron un 25% y alcanzaron su mejor nivel en 15 a\u00f1os. A trav\u00e9s de PROMTUR y la Autoridad de Turismo, hemos consolidado a Panam\u00e1 como un destino vibrante, aut\u00e9ntico y diverso.<\/p>\n<p>En un a\u00f1o de gobierno, superamos los 2 millones ochocientos mil visitantes. Fortalecimos la conectividad a\u00e9rea con nuevas compa\u00f1\u00edas como Condor y Aerom\u00e9xico, y mediante nuestro programa de incentivos tur\u00edsticos logramos captar m\u00e1s de 110 eventos internacionales, generando un impacto econ\u00f3mico superior a los B\/.220 millones.<\/p>\n<p>El Desfile de las Mil Polleras reuni\u00f3 a m\u00e1s de 15,000 empolleradas, con un impacto estimado de B\/.42 millones para la econom\u00eda local.<\/p>\n<p>ATLAPA volvi\u00f3 a la vida con m\u00e1s de 263 mil visitantes y lanzamos una estrategia agresiva de atracci\u00f3n de congresos y reuniones internacionales, con incentivos que est\u00e1n posicionando a Panam\u00e1 como el nuevo Hub de Convenciones de Am\u00e9rica.<\/p>\n<p>En la Autoridad de Aeron\u00e1utica Civil, reactivamos proyectos olvidados en aeropuertos regionales y lideramos la implementaci\u00f3n del sistema \u201cOne Stop Security\u201d en Tocumen, que agiliza los procesos sin comprometer la seguridad. Tocumen, adem\u00e1s, resolvi\u00f3 problemas t\u00e9cnicos en su terminal 2, abri\u00f3 nuevos locales comerciales y habilit\u00f3 una cl\u00ednica de urgencias y una sala sensorial, \u00fanica en la regi\u00f3n.<\/p>\n<p>Tambi\u00e9n apostamos por energ\u00edas limpias y modernizaci\u00f3n en infraestructura energ\u00e9tica. ETESA ejecut\u00f3 m\u00e1s de B\/.300 millones en l\u00edneas de transmisi\u00f3n y subestaciones para garantizar el suministro el\u00e9ctrico en todo el pa\u00eds. Se aprobaron las nuevas tarifas justas y transparentes, y se integr\u00f3 con \u00e9xito la nueva planta generadora Gat\u00fan, con capacidad de 670 megas.<\/p>\n<p>En apoyo al campo, este gobierno ha invertido m\u00e1s de B\/.1,000 millones para reactivar el sector agropecuario. Pagamos deudas a productores de arroz, ma\u00edz y leche. Se entregaron sementales, sistemas de riego, caminos de producci\u00f3n, y estamos listos para exportar carne bovina a Estados Unidos.<\/p>\n<p>Estamos listos para empezar una revoluci\u00f3n con la producci\u00f3n de etanol el pr\u00f3ximo mes, que nos permitir\u00e1 tener mayor dinamismo en el agro y combustibles m\u00e1s limpios.<\/p>\n<p>Gracias al IMA, m\u00e1s de 915 mil familias accedieron a comida barata. Y con la Red de Mercados, hemos reactivado ferias, modernizado infraestructuras y fortalecido la cadena agroalimentaria. Quiero anunciar la apertura de la segunda Tienda del Pueblo, ahora en Juan D\u00edaz, donde la gente podr\u00e1 acceder de manera permanente a esos lugares, sin necesidad de hacer largas filas.<\/p>\n<p>Y porque tambi\u00e9n queremos un Panam\u00e1 m\u00e1s conectado, creamos la Secretar\u00eda Nacional del Ferrocarril. Ya se entreg\u00f3 el plan maestro para conectar Panam\u00e1 con la frontera de Costa Rica a trav\u00e9s de un tren moderno de pasajeros y carga. Este ser\u00e1 uno de los proyectos de infraestructura m\u00e1s transformadores de nuestra historia, que ha despertado el inter\u00e9s de pa\u00edses como Espa\u00f1a y otros de la Uni\u00f3n Europea como manifestaron en Sevilla sus presidentes.<\/p>\n<p>En cuanto a las carreteras, desde el MOP se ejecutaron m\u00e1s de B\/.400 millones en obras. Se concluy\u00f3 la ampliaci\u00f3n de la carretera Presidente Roberto F. Chiari, se avanz\u00f3 en el proyecto de 8 carriles de Arraij\u00e1n, el intercambiador de Chitr\u00e9, el Corredor de Playas y el Cuarto Puente sobre el Canal. Se rehabilitaron v\u00edas, se reactivaron plantas de asfalto y se est\u00e1n licitando m\u00e1s de B\/.150 millones en nuevos proyectos.<\/p>\n<p>Los proyectos \u201ctapa huecos\u201d van rehabilitando v\u00edas por muchas partes para beneficio de usuarios.<\/p>\n<p>El cuarto puente, una obra que ya debi\u00f3 ser entregada, qued\u00f3 estancada con un costo inmenso para el pa\u00eds. Millones de d\u00f3lares dilapidados por la maleanter\u00eda. Con el sobrecosto que tendr\u00e1, se podr\u00edan haber construido 35 mil viviendas nuevas o 6 hospitales oncol\u00f3gicos, solo para que dimensionen ese sobrecosto.<\/p>\n<p>Esa denuncia tambi\u00e9n est\u00e1 en el Ministerio P\u00fablico. Dejar perder ese tipo de obras por incapacidad o desidia debe tener consecuencias de sus responsables ante la justicia.<\/p>\n<p>Esta obra avanza a gran ritmo, como tambi\u00e9n el t\u00fanel de la l\u00ednea 3 del Metro. Le prometo a los amigos del \u201cWest\u201d que estamos trabajando a toda m\u00e1quina para honrar compromisos desatendidos.<\/p>\n<p>Desde la Empresa Nacional de Autopistas, se est\u00e1n ampliando entronques claves como el de Costa del Este y se iniciar\u00e1n las obras de extensi\u00f3n del Corredor Sur hasta Pacora, beneficiando a m\u00e1s de medio mill\u00f3n de personas y generando miles de empleos.<\/p>\n<p>Tambi\u00e9n fortalecimos la Descentralizaci\u00f3n. Se aprobaron m\u00e1s de 470 proyectos comunitarios por m\u00e1s de B\/.30 millones, para agua, vialidad, deporte, cultura y salud en todo el pa\u00eds.<\/p>\n<p>Cerramos el programa de descentralizaci\u00f3n paralela, investigamos los malos manejos, interpusimos las denuncias en el Ministerio P\u00fablico y congelamos cuentas por m\u00e1s de B\/.130 millones. Ese juega vivo delictivo termin\u00f3.<\/p>\n<p>A trav\u00e9s de AMPYME apoyamos a m\u00e1s de 9,800 emprendedores, activamos el programa \u201cChen Chen vuelve a la calle\u201d y creamos Espacios del Emprendedor con asesor\u00eda gratuita en la ciudad de Panam\u00e1, Col\u00f3n, y pr\u00f3ximamente, Chitr\u00e9 y David. En alianza con META, capacitamos a miles de paname\u00f1os en habilidades digitales.<\/p>\n<p>As\u00ed como estamos ordenando la econom\u00eda, tambi\u00e9n estamos sanando las heridas sociales que por a\u00f1os han afectado a miles de paname\u00f1os.<\/p>\n<p>En materia de salud, la Caja de Seguro Social est\u00e1 dejando atr\u00e1s el abandono y la ineficiencia. M\u00e1s de mil cirug\u00edas cardiovasculares y 800 urol\u00f3gicas se han realizado gracias al Plan de Rescate Quir\u00fargico.<\/p>\n<p>Se activ\u00f3 un programa nacional para atender con prioridad a pacientes renales y card\u00edacos. Inauguramos el nuevo Hospital Pedi\u00e1trico de Alta Complejidad en la Ciudad de la Salud. Abrimos el Hospital de Cancerolog\u00eda, y en sus modernas instalaciones, naci\u00f3 el primer beb\u00e9. Facilitamos el acceso con rutas gratuitas para pacientes, y adquirimos 55 nuevas ambulancias. Hoy es s\u00edmbolo de gran orgullo para todos, con caracter\u00edsticas de primer mundo.<\/p>\n<p>Por primera vez se centraliz\u00f3 la compra de medicamentos para enfermedades cr\u00f3nicas y raras. Y gracias a una alianza con Naciones Unidas, el Seguro opera con un sistema moderno de inventario que evita desabastecimientos.<\/p>\n<p>Adem\u00e1s, lanzamos un laboratorio de trasplante con tecnolog\u00eda \u00fanica en la regi\u00f3n. Y seguimos ampliando la atenci\u00f3n con telemedicina en especialidades como cardiolog\u00eda y neurolog\u00eda, especialmente en zonas rurales.<\/p>\n<p>Desde el Ministerio de Salud, reactivamos proyectos hospitalarios en Col\u00f3n, Dari\u00e9n, Chiriqu\u00ed y Cocl\u00e9. El nuevo Hospital Manuel Amador Guerrero ya est\u00e1 en funcionamiento. El hospital de Metet\u00ed, el de Bugaba y el de Penonom\u00e9 avanzan a paso firme, para beneficio de sus regiones. Obras abandonadas sin justificaci\u00f3n.<\/p>\n<p>Creamos el Programa de Medicamentos M\u00e1s Baratos: 140 medicinas con descuentos de hasta el 96% en medicinas esenciales. Adem\u00e1s, empezamos la instalaci\u00f3n del Hub Farmac\u00e9utico Nacional, que garantizar\u00e1 abastecimiento permanente en todo el pa\u00eds. Con voluntad, en menos de a\u00f1o, hicimos m\u00e1s por el precio de las medicinas que semanas del di\u00e1logo en Penonom\u00e9.<\/p>\n<p>En solo un a\u00f1o, m\u00e1s de 239 mil paname\u00f1os han recibido atenci\u00f3n primaria gracias a las \u201cMedigiras\u201d y programas comunitarios. Y con el uso de drones, llevamos muestras de laboratorio desde zonas de dif\u00edcil acceso, como en Veraguas.<\/p>\n<p>En gesti\u00f3n ambiental, Panam\u00e1 es ahora sede de la Secretar\u00eda del Corredor Marino del Pac\u00edfico Este Tropical, y cuenta con un centro de monitoreo contra la pesca ilegal en Coiba, equipado con radar y alta tecnolog\u00eda.<\/p>\n<p>Se habilit\u00f3 el Laboratorio de Calidad del Agua Los Canelos para Azuero, Cocl\u00e9 y Veraguas, y la Cl\u00ednica Veterinaria de Fauna Silvestre ha atendido a 750 animales.<\/p>\n<p>Se aprobaron 590 estudios de impacto ambiental, que generar\u00e1n millones en inversi\u00f3n y miles de empleos.<\/p>\n<p>Por otro lado, despu\u00e9s de a\u00f1os de desidia, se clausuraron fincas que contaminaban los r\u00edos La Villa y Estiban\u00e1. Se pusieron multas y denuncias, y se clausur\u00f3 un vertedero contaminante en Macaracas.<\/p>\n<p>En el \u00e1rea de educaci\u00f3n, m\u00e1s de 4,200 docentes fueron nombrados, se crearon 30 redes educativas por especialidad y se realiz\u00f3, por segunda vez en la historia, el concurso nacional para directores escolares.<\/p>\n<p>Hemos invertido m\u00e1s de B\/.138 millones en 92 centros educativos, y hay m\u00e1s de B\/.240 millones en tr\u00e1mite. Solo este verano, el programa de mantenimiento impact\u00f3 m\u00e1s de 1,100 escuelas.<\/p>\n<p>Tambi\u00e9n se ampliaron los bachilleratos cient\u00edficos en comarcas ind\u00edgenas, se implementaron huertos escolares y programas de almuerzos que llegan a m\u00e1s de 245 mil estudiantes y se saldaron pagos a m\u00e1s de 5,400 educadores.<\/p>\n<p>Con nuestra prestigiosa Universidad Tecnol\u00f3gica avanzamos en cooperaci\u00f3n para desarrollar una verdadera econom\u00eda del conocimiento y coordinaremos la construcci\u00f3n de dormitorios para los estudiantes del interior.<\/p>\n<p>Hice una promesa en campa\u00f1a: que cada estudiante tendr\u00eda una \u201claptop\u201d, y se las voy a cumplir. Ese compromiso est\u00e1 en marcha y lo vamos a hacer realidad, pese a los retrasos encontrados.<\/p>\n<p>En solo un a\u00f1o, creamos 10 veces m\u00e1s primeros empleos que en los 5 a\u00f1os pasados. Con el programa Mi Primer Empleo del Ministerio de Trabajo, m\u00e1s de 3,838 j\u00f3venes accedieron a su primera oportunidad laboral.<\/p>\n<p>Se crearon aulas inclusivas para personas con discapacidad, y el programa Padrino Empresario benefici\u00f3 a m\u00e1s de 500 estudiantes con becas y pasant\u00edas.<\/p>\n<p>Hemos garantizado justicia laboral con m\u00e1s de 11,000 inspecciones y m\u00e1s de 36 mil personas orientadas en sus derechos. Tambi\u00e9n se modernizaron los procesos con expedientes electr\u00f3nicos y se crearon nuevas juntas de conciliaci\u00f3n.<\/p>\n<p>El Ministerio de Vivienda entreg\u00f3 m\u00e1s de 1,200 soluciones habitacionales, reactiv\u00f3 proyectos como Ciudad Esperanza y Altos de Los Lagos, y atendi\u00f3 a m\u00e1s de 226 familias afectadas por emergencias. Tambi\u00e9n se est\u00e1n desarrollando planes de ordenamiento territorial en zonas clave como Tierras Altas, La Chorrera y Santiago.<\/p>\n<p>Y a trav\u00e9s de la Descentralizaci\u00f3n, hemos invertido m\u00e1s de B\/.30 millones en 477 proyectos que est\u00e1n cambiando vidas en todo el pa\u00eds: calles, agua, canchas, salud y cultura. Y lo hicimos con transparencia.<\/p>\n<p>Cerramos el programa paralelo, denunciamos los malos manejos y congelamos cuentas bajo investigaci\u00f3n por m\u00e1s de B\/.130 millones.<\/p>\n<p>PANDEPORTES reactiv\u00f3 infraestructuras clave, como el estadio Roberto Mariano Bula, en Col\u00f3n, el Maracan\u00e1 y el Agust\u00edn \u201cMuquita\u201d S\u00e1nchez. Tambi\u00e9n culminamos la Ciudad Deportiva de Bocas del Toro que pronto vamos a inaugurar. M\u00e1s de 2,500 atletas han sido beneficiados y se entregaron est\u00edmulos por B\/.2.7 millones.<\/p>\n<p>Adem\u00e1s, Panam\u00e1 ser\u00e1 anfitri\u00f3n de la Copa Am\u00e9rica de B\u00e9isbol 2025 y de los Juegos Suramericanos de la Juventud en 2026, en el Centro de Alto Rendimiento de Juan D\u00edaz.<\/p>\n<p>Desde el Ministerio de Cultura, invertiremos m\u00e1s de B\/.41 millones en restaurar monumentos hist\u00f3ricos, entre ellos el Museo Reina Torres de Ara\u00faz, el Castillo de Santiago de la Gloria y la Iglesia de Portobelo. Apoyamos a m\u00e1s de 1,800 artesanos, impulsamos 57 producciones audiovisuales y fortalecimos las escuelas de Bellas Artes. La cultura es identidad, desarrollo y orgullo nacional.<\/p>\n<p>El Despacho de la Primera Dama ha liderado iniciativas con alma y coraz\u00f3n. Con el programa \u201cIluminando la Infancia\u201d, mejoramos albergues, lanzamos campa\u00f1as contra el abuso infantil como \u201cLa Historia de Tilo\u201d, y llevamos actividades recreativas a miles de ni\u00f1os.<\/p>\n<p>A trav\u00e9s de las jornadas m\u00e9dicas gratuitas \u201cAmor sobre Ruedas\u201d y \u201cVer y O\u00edr\u201d, m\u00e1s de 29 mil personas recibieron atenci\u00f3n de calidad. Y con \u201cMisi\u00f3n Patitas\u201d, m\u00e1s de 10 mil animales fueron esterilizados y adoptados, fomentando el respeto por la vida.<\/p>\n<p>El Parque Omar se ha transformado en un espacio seguro, moderno e inclusivo, con zonas de descanso, \u00e1reas infantiles, y una intensa agenda cultural, que incluye programas para la tercera edad, como sus bingos, altamente esperados. Gracias, Maricel y mis hijos, por tu empe\u00f1o y compromiso con el sector m\u00e1s vulnerable de la sociedad.<\/p>\n<p>Desde el MIDES, durante el primer a\u00f1o de gesti\u00f3n se entregaron B\/.220 millones en transferencias como 120 a los 65, Red de Oportunidades y \u00c1ngel Guardi\u00e1n, beneficiando a m\u00e1s de 186 mil personas. Se abrieron 7 CAIPIS y se est\u00e1 construyendo el primer Centro de Atenci\u00f3n Integral Familiar en la 24 de Diciembre. El 15 de agosto, se licitar\u00e1 el proyecto Mujer Rural Ind\u00edgena que beneficiar\u00e1 a 2,500 mujeres en alianza con el BID.<\/p>\n<p>La L\u00ednea 147, de atenci\u00f3n psicol\u00f3gica, ha recibido m\u00e1s de 11 mil llamadas. Porque la salud mental tambi\u00e9n importa.<\/p>\n<p>En agua y saneamiento, el IDAAN ha dado pasos hist\u00f3ricos. M\u00e1s de 56,000 paname\u00f1os accedieron por primera vez al agua potable. Se reactivaron pozos, se eliminaron camiones cisterna y se generaron ahorros por casi B\/.8 millones. Adem\u00e1s, invertimos m\u00e1s de B\/.1,100 millones en obras que benefician a m\u00e1s de un mill\u00f3n de personas, desde Dari\u00e9n hasta Bocas del Toro.<\/p>\n<p>Se est\u00e1n rehabilitando potabilizadoras olvidadas como la de Chilibre, se instalaron tanques de reserva, y se moderniz\u00f3 la estructura t\u00e9cnica para brindar un servicio digno y permanente.<\/p>\n<p>La seguridad del pa\u00eds y de nuestras comunidades ha sido una prioridad desde el inicio. Gracias al trabajo conjunto de SENAFRONT, Migraci\u00f3n y nuestras fuerzas de seguridad, logramos una reducci\u00f3n del 99\u202f% en la migraci\u00f3n irregular por el Dari\u00e9n, pasando de m\u00e1s de 500 mil personas en 2023 a cifras m\u00ednimas en 2025, tras el cierre de rutas ilegales y el refuerzo de los controles. Proteger nuestra frontera es una prioridad.<\/p>\n<p>En las calles, la Polic\u00eda Nacional alcanz\u00f3 90\u202f% de efectividad en capturas por homicidios, incaut\u00f3 m\u00e1s de 99 toneladas de droga, 4,700 armas y realiz\u00f3 m\u00e1s de 3,000 operativos contra el crimen. Se captur\u00f3 a 66 de los m\u00e1s buscados, se incorporaron 1,200 nuevos agentes y se sumaron m\u00e1s de 250 veh\u00edculos para reforzar la presencia en zonas cr\u00edticas.<\/p>\n<p>El Servicio Aeronaval realiz\u00f3 m\u00e1s de 380 evacuaciones m\u00e9dicas, salv\u00f3 263 vidas, incaut\u00f3 39 mil paquetes de droga y redujo los robos mar\u00edtimos con el programa Pesca Digna.<\/p>\n<p>Junto a MiAmbiente, combatimos la miner\u00eda ilegal a trav\u00e9s de la operaci\u00f3n Huella Verde.<\/p>\n<p>Migraci\u00f3n fortaleci\u00f3 controles fronterizos, realiz\u00f3 m\u00e1s de 2 mil deportaciones y moderniz\u00f3 sus procesos con tecnolog\u00eda biom\u00e9trica, garantizando un flujo migratorio ordenado y seguro.<\/p>\n<p>Desde el Ministerio de Gobierno, avanzamos en la transformaci\u00f3n del sistema penitenciario con el programa \u201cPlan Libertad\u201d, que incluye talleres como la nueva panader\u00eda del Centro Femenino. Tambi\u00e9n progresan las obras de los nuevos centros penitenciarios en Col\u00f3n y La Esmeralda.<\/p>\n<p>Sancionamos la nueva Ley de Justicia Comunitaria, que profesionaliza a los jueces de paz, y digitalizamos el Sistema de Alerta Amber para responder con rapidez ante desapariciones.<\/p>\n<p>El Benem\u00e9rito Cuerpo de Bomberos de la Rep\u00fablica moderniz\u00f3 su sistema de inspecciones, dinamizando el sector construcci\u00f3n.<\/p>\n<p>El SINAPROC moviliz\u00f3 ayuda a m\u00e1s de 2,400 personas y coordin\u00f3 el primer simulacro nacional de evacuaci\u00f3n. Y este es solo el comienzo.<\/p>\n<p>Iniciaremos de manera urgente un proceso de reforma del Estado para hacerlo m\u00e1s eficiente desmontando estructuras que se superponen y que fueron pensadas en otra \u00e9poca. De esta manera, anuncio que el Banco Hipotecario Nacional ser\u00e1 transformado en un Instituto de Fomento a Viviendas de Inter\u00e9s Social, con una reducci\u00f3n del 80% de la planta laboral actual y el ahorro de alquileres. Este proceso estar\u00e1 bajo la coordinaci\u00f3n de la Caja de Ahorros.<\/p>\n<p>Se realizar\u00e1 un proceso de titulaci\u00f3n y ordenamiento de las viviendas bajo esa dependencia, comenzando por los propietarios cumplidores, quienes gozar\u00e1n de beneficios. Bajo la supervisi\u00f3n del Banco Nacional, el BDA se transformar\u00e1 en un Instituto de Fomento Agropecuario con reducci\u00f3n de costos operativos.<\/p>\n<p>El Ministerio de la Mujer pasar\u00e1 a ser una Secretar\u00eda, dentro del MIDES. S\u00e9 que la doctora Niurka Palacios seguir\u00e1 haciendo una gran labor por las mujeres y agradezco su solidaridad en pos de la eficiencia del Estado.<\/p>\n<p>PROPANAM\u00c1 pasar\u00e1 al Ministerio de Comercio y la pol\u00edtica para atracci\u00f3n de inversiones, marca pa\u00eds y participaci\u00f3n en eventos internacionales estar\u00e1 compuesta por una mesa \u201cad honorem\u201d integrada por el MICI, MEF, Canciller\u00eda, PROMPTUR y la Secretar\u00eda de Asuntos Econ\u00f3micos de la Presidencia, m\u00e1s la participaci\u00f3n del sector privado.<\/p>\n<p>Unificando el trabajo de la Asamblea Nacional con funcionarios del Gobierno, vamos a presentar una nueva Ley de Carrera Administrativa que garantice transparencia, democratizaci\u00f3n del ingreso al sector p\u00fablico y profesionalizaci\u00f3n del Estado.<\/p>\n<p>En julio, iniciaremos importantes licitaciones como la planta de tratamiento de lixiviados en Cerro Patac\u00f3n, que mejorar\u00e1 la salud ambiental en San Miguelito.<\/p>\n<p>El telef\u00e9rico de San Miguelito, cuyo proceso de licitaci\u00f3n est\u00e1 pr\u00f3ximo a concretarse, conectar\u00e1 a miles de residentes con estaciones del Metro.<\/p>\n<p>La restauraci\u00f3n de la Casa Wilcox en Col\u00f3n, un \u00edcono del turismo patrimonial, tambi\u00e9n ser\u00e1 objeto de transformaci\u00f3n.<\/p>\n<p>Tambi\u00e9n avanzar\u00e1n las pruebas de los trenes de la L\u00ednea 3 del Metro y se licitar\u00e1 la remodelaci\u00f3n del estadio Maracan\u00e1.<\/p>\n<p>En agosto, entregaremos el Policentro de San Isidro, que reunir\u00e1 servicios de salud, justicia y desarrollo social para m\u00e1s de 150 mil personas.<\/p>\n<p>Adem\u00e1s, comenzar\u00e1 la rehabilitaci\u00f3n de plantas potabilizadoras en todo el pa\u00eds, la ampliaci\u00f3n de la carretera Panamericana Oeste, y se lanzar\u00e1 el sistema de buses r\u00e1pidos por la v\u00eda Espa\u00f1a.<\/p>\n<p>En septiembre, inauguraremos el puente sobre el r\u00edo Bayano y el estadio Armando Dely Vald\u00e9s, en Col\u00f3n. Tambi\u00e9n comenzar\u00e1 un ambicioso programa de pozos y microacueductos rurales, y se culminar\u00e1 el dise\u00f1o del nuevo centro penitenciario en las provincias centrales.<\/p>\n<p>En octubre, entregaremos la ampliaci\u00f3n de la v\u00eda hacia el puerto de Vacamonte e iniciaremos la licitaci\u00f3n de una nueva flota de buses el\u00e9ctricos, que reducir\u00e1n emisiones y modernizar\u00e1n el transporte urbano en Panam\u00e1, San Miguelito, Col\u00f3n y Panam\u00e1 Oeste.<\/p>\n<p>Entrar\u00e1 en vigor el seguro al turista, un producto \u00fanico en el mundo que marcar\u00e1 una diferencia competitiva en la regi\u00f3n.<\/p>\n<p>Y en diciembre, cerraremos el a\u00f1o con obras que impactan directamente la vida de la gente: el nuevo Hospital de Bugaba, en Chiriqu\u00ed; el intercambiador vial de Chitr\u00e9 y el Centro Femenino de Rehabilitaci\u00f3n en Las Garzas, que brindar\u00e1 condiciones dignas con enfoque en la reinserci\u00f3n social.<\/p>\n<p>Quiero hacer un reconocimiento especial a los ministros, administradores, directores y a todo el equipo humano de las instituciones p\u00fablicas. Su entrega, su trabajo incansable y su compromiso con el pa\u00eds han sido clave para que hoy podamos mostrar resultados reales. Han enfrentado desaf\u00edos complejos con responsabilidad y esp\u00edritu de servicio.<\/p>\n<p>Tambi\u00e9n expreso mi m\u00e1s profundo agradecimiento a los hombres y mujeres de nuestra Fuerza P\u00fablica. Han cumplido con valent\u00eda su misi\u00f3n en las fronteras, en las costas, en nuestros barrios y, m\u00e1s recientemente, en medio de protestas y bloqueos.<\/p>\n<p>S\u00e9 que algunos no me consideran el m\u00e1s simp\u00e1tico ni el m\u00e1s popular. No busco agradar a todos ni guiarme por encuestas porque creo que ese af\u00e1n de sumar votos es parte del problema. Digo lo que pienso y hago lo que digo. Tal vez no siempre caigo bien, pero tengo la mejor de las intenciones y una sola motivaci\u00f3n: servirle a Panam\u00e1.<\/p>\n<p>Si lo logramos y dejamos bases s\u00f3lidas, quienes usan el Estado con fines pol\u00edticos no podr\u00e1n regresar. El futuro del pa\u00eds depende de que todos participemos. Est\u00e1 muy por encima de m\u00ed, de mis defectos y virtudes, y muy por encima de los que, por d\u00e9cadas se han robado un pedazo de esperanza de cada paname\u00f1o.<\/p>\n<p>Este gobierno no fue hecho para administrar ruinas, sino para levantar cimientos. En un a\u00f1o hemos pasado del caos a la reconstrucci\u00f3n, del abandono al trabajo, y del cinismo a la responsabilidad.<\/p>\n<p>Extiendo la mano a quienes vean a Panam\u00e1 con esperanza, quienes sientan que somos m\u00e1s grandes que nuestras crisis y crean que tenemos m\u00e1s voluntad que retos. No importa si me adversan, si no simpatizan conmigo o si piensan distinto. Los necesitamos a todos, porque los desaf\u00edos son enormes y debemos remar en la misma direcci\u00f3n para avanzar. Los invito, sin revanchismos, a que pongan al pa\u00eds y su gente primero. Hagamos un Panam\u00e1 donde la gesti\u00f3n supera a la pol\u00edtica, donde la empat\u00eda supera los egos y el futuro supera cualquier diferencia.<\/p>\n<p>Tenemos cuatro a\u00f1os por delante y los vamos a aprovechar, con m\u00e1s crecimiento, m\u00e1s obras y servicios; m\u00e1s oportunidades, m\u00e1s empleos y la esperanza de una vida mejor.<\/p>\n<p>Dios los bendiga.<\/p>\n<\/div><div class=\"awb-gallery-wrapper awb-gallery-wrapper-1 button-span-no\" style=\"--more-btn-alignment:center;\"><div style=\"margin:-5px;--awb-bordersize:0px;\" class=\"fusion-gallery fusion-gallery-container fusion-grid-3 fusion-columns-total-6 fusion-gallery-layout-grid fusion-gallery-1\"><div style=\"padding:5px;\" class=\"fusion-grid-column fusion-gallery-column fusion-gallery-column-3 hover-type-none\"><div class=\"fusion-gallery-image\"><a href=\"https:\/\/sertv.gob.pa\/nacionalfm\/wp-content\/uploads\/sites\/6\/2025\/07\/PRESIDENTE-EN-ASAMBLEA-2.jpeg\" rel=\"noreferrer\" data-rel=\"iLightbox[gallery_image_1]\" class=\"fusion-lightbox\" target=\"_self\"><img decoding=\"async\" src=\"https:\/\/sertv.gob.pa\/nacionalfm\/wp-content\/uploads\/sites\/6\/2025\/07\/PRESIDENTE-EN-ASAMBLEA-2.jpeg\" width=\"600\" height=\"400\" alt=\"\" title=\"PRESIDENTE EN ASAMBLEA 2\" aria-label=\"PRESIDENTE EN ASAMBLEA 2\" class=\"img-responsive wp-image-109579\" srcset=\"https:\/\/sertv.gob.pa\/nacionalfm\/wp-content\/uploads\/sites\/6\/2025\/07\/PRESIDENTE-EN-ASAMBLEA-2-200x133.jpeg 200w, https:\/\/sertv.gob.pa\/nacionalfm\/wp-content\/uploads\/sites\/6\/2025\/07\/PRESIDENTE-EN-ASAMBLEA-2-400x267.jpeg 400w, https:\/\/sertv.gob.pa\/nacionalfm\/wp-content\/uploads\/sites\/6\/2025\/07\/PRESIDENTE-EN-ASAMBLEA-2.jpeg 600w\" sizes=\"(min-width: 2200px) 100vw, (min-width: 784px) 363px, (min-width: 712px) 545px, (min-width: 640px) 712px, \" \/><\/a><\/div><\/div><div style=\"padding:5px;\" class=\"fusion-grid-column fusion-gallery-column fusion-gallery-column-3 hover-type-none\"><div class=\"fusion-gallery-image\"><a href=\"https:\/\/sertv.gob.pa\/nacionalfm\/wp-content\/uploads\/sites\/6\/2025\/07\/PRESIDENTE-EN-ASAMBLEA-3.jpeg\" rel=\"noreferrer\" data-rel=\"iLightbox[gallery_image_1]\" class=\"fusion-lightbox\" target=\"_self\"><img decoding=\"async\" src=\"https:\/\/sertv.gob.pa\/nacionalfm\/wp-content\/uploads\/sites\/6\/2025\/07\/PRESIDENTE-EN-ASAMBLEA-3.jpeg\" width=\"600\" height=\"394\" alt=\"\" title=\"PRESIDENTE EN ASAMBLEA 3\" aria-label=\"PRESIDENTE EN ASAMBLEA 3\" class=\"img-responsive wp-image-109580\" srcset=\"https:\/\/sertv.gob.pa\/nacionalfm\/wp-content\/uploads\/sites\/6\/2025\/07\/PRESIDENTE-EN-ASAMBLEA-3-200x131.jpeg 200w, https:\/\/sertv.gob.pa\/nacionalfm\/wp-content\/uploads\/sites\/6\/2025\/07\/PRESIDENTE-EN-ASAMBLEA-3-400x263.jpeg 400w, https:\/\/sertv.gob.pa\/nacionalfm\/wp-content\/uploads\/sites\/6\/2025\/07\/PRESIDENTE-EN-ASAMBLEA-3.jpeg 600w\" sizes=\"(min-width: 2200px) 100vw, (min-width: 784px) 363px, (min-width: 712px) 545px, (min-width: 640px) 712px, \" \/><\/a><\/div><\/div><div style=\"padding:5px;\" class=\"fusion-grid-column fusion-gallery-column fusion-gallery-column-3 hover-type-none\"><div class=\"fusion-gallery-image\"><a href=\"https:\/\/sertv.gob.pa\/nacionalfm\/wp-content\/uploads\/sites\/6\/2025\/07\/PRESIDENTE-EN-ASAMBLEA-4.jpeg\" rel=\"noreferrer\" data-rel=\"iLightbox[gallery_image_1]\" class=\"fusion-lightbox\" target=\"_self\"><img decoding=\"async\" src=\"https:\/\/sertv.gob.pa\/nacionalfm\/wp-content\/uploads\/sites\/6\/2025\/07\/PRESIDENTE-EN-ASAMBLEA-4.jpeg\" width=\"600\" height=\"401\" alt=\"\" title=\"PRESIDENTE EN ASAMBLEA 4\" aria-label=\"PRESIDENTE EN ASAMBLEA 4\" class=\"img-responsive wp-image-109581\" srcset=\"https:\/\/sertv.gob.pa\/nacionalfm\/wp-content\/uploads\/sites\/6\/2025\/07\/PRESIDENTE-EN-ASAMBLEA-4-200x134.jpeg 200w, https:\/\/sertv.gob.pa\/nacionalfm\/wp-content\/uploads\/sites\/6\/2025\/07\/PRESIDENTE-EN-ASAMBLEA-4-400x267.jpeg 400w, https:\/\/sertv.gob.pa\/nacionalfm\/wp-content\/uploads\/sites\/6\/2025\/07\/PRESIDENTE-EN-ASAMBLEA-4.jpeg 600w\" sizes=\"(min-width: 2200px) 100vw, (min-width: 784px) 363px, (min-width: 712px) 545px, (min-width: 640px) 712px, \" \/><\/a><\/div><\/div><div class=\"clearfix\"><\/div><div style=\"padding:5px;\" class=\"fusion-grid-column fusion-gallery-column fusion-gallery-column-3 hover-type-none\"><div class=\"fusion-gallery-image\"><a href=\"https:\/\/sertv.gob.pa\/nacionalfm\/wp-content\/uploads\/sites\/6\/2025\/07\/PRESIDENTE-EN-ASAMBLEA-5.jpeg\" rel=\"noreferrer\" data-rel=\"iLightbox[gallery_image_1]\" class=\"fusion-lightbox\" target=\"_self\"><img decoding=\"async\" src=\"https:\/\/sertv.gob.pa\/nacionalfm\/wp-content\/uploads\/sites\/6\/2025\/07\/PRESIDENTE-EN-ASAMBLEA-5.jpeg\" width=\"600\" height=\"400\" alt=\"\" title=\"PRESIDENTE EN ASAMBLEA 5\" aria-label=\"PRESIDENTE EN ASAMBLEA 5\" class=\"img-responsive wp-image-109582\" srcset=\"https:\/\/sertv.gob.pa\/nacionalfm\/wp-content\/uploads\/sites\/6\/2025\/07\/PRESIDENTE-EN-ASAMBLEA-5-200x133.jpeg 200w, https:\/\/sertv.gob.pa\/nacionalfm\/wp-content\/uploads\/sites\/6\/2025\/07\/PRESIDENTE-EN-ASAMBLEA-5-400x267.jpeg 400w, https:\/\/sertv.gob.pa\/nacionalfm\/wp-content\/uploads\/sites\/6\/2025\/07\/PRESIDENTE-EN-ASAMBLEA-5.jpeg 600w\" sizes=\"(min-width: 2200px) 100vw, (min-width: 784px) 363px, (min-width: 712px) 545px, (min-width: 640px) 712px, \" \/><\/a><\/div><\/div><div style=\"padding:5px;\" class=\"fusion-grid-column fusion-gallery-column fusion-gallery-column-3 hover-type-none\"><div class=\"fusion-gallery-image\"><a href=\"https:\/\/sertv.gob.pa\/nacionalfm\/wp-content\/uploads\/sites\/6\/2025\/07\/PRESIDENTE-EN-ASAMBLEA-6.jpeg\" rel=\"noreferrer\" data-rel=\"iLightbox[gallery_image_1]\" class=\"fusion-lightbox\" target=\"_self\"><img decoding=\"async\" src=\"https:\/\/sertv.gob.pa\/nacionalfm\/wp-content\/uploads\/sites\/6\/2025\/07\/PRESIDENTE-EN-ASAMBLEA-6.jpeg\" width=\"600\" height=\"417\" alt=\"\" title=\"PRESIDENTE EN ASAMBLEA 6\" aria-label=\"PRESIDENTE EN ASAMBLEA 6\" class=\"img-responsive wp-image-109583\" srcset=\"https:\/\/sertv.gob.pa\/nacionalfm\/wp-content\/uploads\/sites\/6\/2025\/07\/PRESIDENTE-EN-ASAMBLEA-6-200x139.jpeg 200w, https:\/\/sertv.gob.pa\/nacionalfm\/wp-content\/uploads\/sites\/6\/2025\/07\/PRESIDENTE-EN-ASAMBLEA-6-400x278.jpeg 400w, https:\/\/sertv.gob.pa\/nacionalfm\/wp-content\/uploads\/sites\/6\/2025\/07\/PRESIDENTE-EN-ASAMBLEA-6.jpeg 600w\" sizes=\"(min-width: 2200px) 100vw, (min-width: 784px) 363px, (min-width: 712px) 545px, (min-width: 640px) 712px, \" \/><\/a><\/div><\/div><div style=\"padding:5px;\" class=\"fusion-grid-column fusion-gallery-column fusion-gallery-column-3 hover-type-none\"><div class=\"fusion-gallery-image\"><a href=\"https:\/\/sertv.gob.pa\/nacionalfm\/wp-content\/uploads\/sites\/6\/2025\/07\/PRESIDENTE-EN-ASAMBLEA-7.jpeg\" rel=\"noreferrer\" data-rel=\"iLightbox[gallery_image_1]\" class=\"fusion-lightbox\" target=\"_self\"><img decoding=\"async\" src=\"https:\/\/sertv.gob.pa\/nacionalfm\/wp-content\/uploads\/sites\/6\/2025\/07\/PRESIDENTE-EN-ASAMBLEA-7.jpeg\" width=\"600\" height=\"378\" alt=\"\" title=\"PRESIDENTE EN ASAMBLEA 7\" aria-label=\"PRESIDENTE EN ASAMBLEA 7\" class=\"img-responsive wp-image-109584\" srcset=\"https:\/\/sertv.gob.pa\/nacionalfm\/wp-content\/uploads\/sites\/6\/2025\/07\/PRESIDENTE-EN-ASAMBLEA-7-200x126.jpeg 200w, https:\/\/sertv.gob.pa\/nacionalfm\/wp-content\/uploads\/sites\/6\/2025\/07\/PRESIDENTE-EN-ASAMBLEA-7-400x252.jpeg 400w, https:\/\/sertv.gob.pa\/nacionalfm\/wp-content\/uploads\/sites\/6\/2025\/07\/PRESIDENTE-EN-ASAMBLEA-7.jpeg 600w\" sizes=\"(min-width: 2200px) 100vw, (min-width: 784px) 363px, (min-width: 712px) 545px, (min-width: 640px) 712px, \" \/><\/a><\/div><\/div><div class=\"clearfix\"><\/div><\/div><\/div><\/div><\/div><\/div><\/div>\n","protected":false},"excerpt":{"rendered":"","protected":false},"author":9,"featured_media":109578,"comment_status":"closed","ping_status":"closed","sticky":false,"template":"","format":"standard","meta":{"footnotes":""},"categories":[2],"tags":[],"class_list":["post-109577","post","type-post","status-publish","format-standard","has-post-thumbnail","hentry","category-nacionales"],"_links":{"self":[{"href":"https:\/\/sertv.gob.pa\/nacionalfm\/wp-json\/wp\/v2\/posts\/109577","targetHints":{"allow":["GET"]}}],"collection":[{"href":"https:\/\/sertv.gob.pa\/nacionalfm\/wp-json\/wp\/v2\/posts"}],"about":[{"href":"https:\/\/sertv.gob.pa\/nacionalfm\/wp-json\/wp\/v2\/types\/post"}],"author":[{"embeddable":true,"href":"https:\/\/sertv.gob.pa\/nacionalfm\/wp-json\/wp\/v2\/users\/9"}],"replies":[{"embeddable":true,"href":"https:\/\/sertv.gob.pa\/nacionalfm\/wp-json\/wp\/v2\/comments?post=109577"}],"version-history":[{"count":1,"href":"https:\/\/sertv.gob.pa\/nacionalfm\/wp-json\/wp\/v2\/posts\/109577\/revisions"}],"predecessor-version":[{"id":109585,"href":"https:\/\/sertv.gob.pa\/nacionalfm\/wp-json\/wp\/v2\/posts\/109577\/revisions\/109585"}],"wp:featuredmedia":[{"embeddable":true,"href":"https:\/\/sertv.gob.pa\/nacionalfm\/wp-json\/wp\/v2\/media\/109578"}],"wp:attachment":[{"href":"https:\/\/sertv.gob.pa\/nacionalfm\/wp-json\/wp\/v2\/media?parent=109577"}],"wp:term":[{"taxonomy":"category","embeddable":true,"href":"https:\/\/sertv.gob.pa\/nacionalfm\/wp-json\/wp\/v2\/categories?post=109577"},{"taxonomy":"post_tag","embeddable":true,"href":"https:\/\/sertv.gob.pa\/nacionalfm\/wp-json\/wp\/v2\/tags?post=109577"}],"curies":[{"name":"wp","href":"https:\/\/api.w.org\/{rel}","templated":true}]}}