{"id":109586,"date":"2025-07-03T08:41:40","date_gmt":"2025-07-03T13:41:40","guid":{"rendered":"https:\/\/sertv.gob.pa\/nacionalfm\/?p=109586"},"modified":"2025-07-03T08:41:40","modified_gmt":"2025-07-03T13:41:40","slug":"presidente-de-panama-jose-raul-mulino-presente-en-argentina-para-participar-en-cumbre-del-mercosur","status":"publish","type":"post","link":"https:\/\/sertv.gob.pa\/nacionalfm\/presidente-de-panama-jose-raul-mulino-presente-en-argentina-para-participar-en-cumbre-del-mercosur\/","title":{"rendered":"Presidente de Panam\u00e1, Jos\u00e9 Ra\u00fal Mulino, presente en Argentina para participar en Cumbre del MERCOSUR"},"content":{"rendered":"<div class=\"fusion-fullwidth fullwidth-box fusion-builder-row-1 fusion-flex-container has-pattern-background has-mask-background nonhundred-percent-fullwidth non-hundred-percent-height-scrolling\" style=\"--awb-border-radius-top-left:0px;--awb-border-radius-top-right:0px;--awb-border-radius-bottom-right:0px;--awb-border-radius-bottom-left:0px;--awb-flex-wrap:wrap;\" ><div class=\"fusion-builder-row fusion-row fusion-flex-align-items-flex-start fusion-flex-content-wrap\" style=\"max-width:1144px;margin-left: calc(-4% \/ 2 );margin-right: calc(-4% \/ 2 );\"><div class=\"fusion-layout-column fusion_builder_column fusion-builder-column-0 fusion_builder_column_1_1 1_1 fusion-flex-column\" style=\"--awb-bg-size:cover;--awb-width-large:100%;--awb-margin-top-large:0px;--awb-spacing-right-large:1.92%;--awb-margin-bottom-large:20px;--awb-spacing-left-large:1.92%;--awb-width-medium:100%;--awb-order-medium:0;--awb-spacing-right-medium:1.92%;--awb-spacing-left-medium:1.92%;--awb-width-small:100%;--awb-order-small:0;--awb-spacing-right-small:1.92%;--awb-spacing-left-small:1.92%;\"><div class=\"fusion-column-wrapper fusion-column-has-shadow fusion-flex-justify-content-flex-start fusion-content-layout-column\"><div class=\"fusion-text fusion-text-1\" style=\"--awb-content-alignment:justify;\"><p><strong>El presidente de la Rep\u00fablica de Panam\u00e1, Jos\u00e9 Ra\u00fal Mulino, lleg\u00f3 el mi\u00e9rcoles, 2 de julio en la tarde, a la ciudad de Buenos Aires, Argentina, donde fue recibido con honores en el aeropuerto militar Aeroparque, a fin de participar en la Cumbre del Mercado Com\u00fan del Sur (MERCOSUR), a la que Panam\u00e1, asiste por primera vez como Estado Asociado.<\/strong><\/p>\n<p><strong>Acorde a lo establecido, Mulino, asistir\u00e1 este jueves a la sesi\u00f3n plenaria del MERCOSUR y a los actos de traspaso de la Presidencia Pro Tempore entre el presidente Javier Milei, de parte de Argentina, al presidente de Brasil, Luis In\u00e1cio \u00abLula\u00bb Da Silva.<\/strong><\/p>\n<p><strong>Paralelo a la sesi\u00f3n plenaria, Mulino, sostendr\u00e1 reuniones bilaterales y ser\u00e1 recibido en el Palacio Legislativo de la Ciudad de Buenos Aires en calidad de visitante ilustre.<\/strong><\/p>\n<p><strong>Cade recordar, que el MERCOSUR, es un bloque comercial integrado por: Argentina, Brasil, Uruguay y Paraguay, como miembros plenos. Como Estados Asociados, lo integran: Chile, Colombia, Ecuador, Guyana, Panam\u00e1, Per\u00fa, Surinam y Bolivia.<\/strong><\/p>\n<p><strong>Durante esta visita oficial a Argentina, acompa\u00f1an al presidente Jos\u00e9 Ra\u00fal Mulino, la primera dama, Maricel Cohen de Mulino; el canciller, Javier Mart\u00ednez-Acha; y el ministro de Comercio e Industrias, Julio Molt\u00f3.<\/strong><\/p>\n<\/div><div class=\"awb-gallery-wrapper awb-gallery-wrapper-1 button-span-no\" style=\"--more-btn-alignment:center;\"><div style=\"margin:-5px;--awb-bordersize:0px;\" class=\"fusion-gallery fusion-gallery-container fusion-grid-3 fusion-columns-total-2 fusion-gallery-layout-grid fusion-gallery-1\"><div style=\"padding:5px;\" class=\"fusion-grid-column fusion-gallery-column fusion-gallery-column-3 hover-type-none\"><div class=\"fusion-gallery-image\"><a href=\"https:\/\/sertv.gob.pa\/nacionalfm\/wp-content\/uploads\/sites\/6\/2025\/07\/ARGENTINA-PRESIDENTE-MULINO-LLEGADA-2.jpeg\" rel=\"noreferrer\" data-rel=\"iLightbox[gallery_image_1]\" class=\"fusion-lightbox\" target=\"_self\"><img decoding=\"async\" src=\"https:\/\/sertv.gob.pa\/nacionalfm\/wp-content\/uploads\/sites\/6\/2025\/07\/ARGENTINA-PRESIDENTE-MULINO-LLEGADA-2.jpeg\" width=\"600\" height=\"400\" alt=\"\" title=\"ARGENTINA PRESIDENTE MULINO LLEGADA 2\" aria-label=\"ARGENTINA PRESIDENTE MULINO LLEGADA 2\" class=\"img-responsive wp-image-109588\" srcset=\"https:\/\/sertv.gob.pa\/nacionalfm\/wp-content\/uploads\/sites\/6\/2025\/07\/ARGENTINA-PRESIDENTE-MULINO-LLEGADA-2-200x133.jpeg 200w, https:\/\/sertv.gob.pa\/nacionalfm\/wp-content\/uploads\/sites\/6\/2025\/07\/ARGENTINA-PRESIDENTE-MULINO-LLEGADA-2-400x267.jpeg 400w, https:\/\/sertv.gob.pa\/nacionalfm\/wp-content\/uploads\/sites\/6\/2025\/07\/ARGENTINA-PRESIDENTE-MULINO-LLEGADA-2.jpeg 600w\" sizes=\"(min-width: 2200px) 100vw, (min-width: 784px) 363px, (min-width: 712px) 545px, (min-width: 640px) 712px, \" \/><\/a><\/div><\/div><div style=\"padding:5px;\" class=\"fusion-grid-column fusion-gallery-column fusion-gallery-column-3 hover-type-none\"><div class=\"fusion-gallery-image\"><a href=\"https:\/\/sertv.gob.pa\/nacionalfm\/wp-content\/uploads\/sites\/6\/2025\/07\/ARGENTINA-PRESIDENTE-MULINO-LLEGADA-3.jpeg\" rel=\"noreferrer\" data-rel=\"iLightbox[gallery_image_1]\" class=\"fusion-lightbox\" target=\"_self\"><img decoding=\"async\" src=\"https:\/\/sertv.gob.pa\/nacionalfm\/wp-content\/uploads\/sites\/6\/2025\/07\/ARGENTINA-PRESIDENTE-MULINO-LLEGADA-3.jpeg\" width=\"600\" height=\"400\" alt=\"\" title=\"ARGENTINA PRESIDENTE MULINO LLEGADA 3\" aria-label=\"ARGENTINA PRESIDENTE MULINO LLEGADA 3\" class=\"img-responsive wp-image-109589\" srcset=\"https:\/\/sertv.gob.pa\/nacionalfm\/wp-content\/uploads\/sites\/6\/2025\/07\/ARGENTINA-PRESIDENTE-MULINO-LLEGADA-3-200x133.jpeg 200w, https:\/\/sertv.gob.pa\/nacionalfm\/wp-content\/uploads\/sites\/6\/2025\/07\/ARGENTINA-PRESIDENTE-MULINO-LLEGADA-3-400x267.jpeg 400w, https:\/\/sertv.gob.pa\/nacionalfm\/wp-content\/uploads\/sites\/6\/2025\/07\/ARGENTINA-PRESIDENTE-MULINO-LLEGADA-3.jpeg 600w\" sizes=\"(min-width: 2200px) 100vw, (min-width: 784px) 363px, (min-width: 712px) 545px, (min-width: 640px) 712px, \" \/><\/a><\/div><\/div><\/div><\/div><\/div><\/div><\/div><\/div>\n","protected":false},"excerpt":{"rendered":"","protected":false},"author":9,"featured_media":109587,"comment_status":"closed","ping_status":"closed","sticky":false,"template":"","format":"standard","meta":{"footnotes":""},"categories":[2],"tags":[],"class_list":["post-109586","post","type-post","status-publish","format-standard","has-post-thumbnail","hentry","category-nacionales"],"_links":{"self":[{"href":"https:\/\/sertv.gob.pa\/nacionalfm\/wp-json\/wp\/v2\/posts\/109586","targetHints":{"allow":["GET"]}}],"collection":[{"href":"https:\/\/sertv.gob.pa\/nacionalfm\/wp-json\/wp\/v2\/posts"}],"about":[{"href":"https:\/\/sertv.gob.pa\/nacionalfm\/wp-json\/wp\/v2\/types\/post"}],"author":[{"embeddable":true,"href":"https:\/\/sertv.gob.pa\/nacionalfm\/wp-json\/wp\/v2\/users\/9"}],"replies":[{"embeddable":true,"href":"https:\/\/sertv.gob.pa\/nacionalfm\/wp-json\/wp\/v2\/comments?post=109586"}],"version-history":[{"count":1,"href":"https:\/\/sertv.gob.pa\/nacionalfm\/wp-json\/wp\/v2\/posts\/109586\/revisions"}],"predecessor-version":[{"id":109590,"href":"https:\/\/sertv.gob.pa\/nacionalfm\/wp-json\/wp\/v2\/posts\/109586\/revisions\/109590"}],"wp:featuredmedia":[{"embeddable":true,"href":"https:\/\/sertv.gob.pa\/nacionalfm\/wp-json\/wp\/v2\/media\/109587"}],"wp:attachment":[{"href":"https:\/\/sertv.gob.pa\/nacionalfm\/wp-json\/wp\/v2\/media?parent=109586"}],"wp:term":[{"taxonomy":"category","embeddable":true,"href":"https:\/\/sertv.gob.pa\/nacionalfm\/wp-json\/wp\/v2\/categories?post=109586"},{"taxonomy":"post_tag","embeddable":true,"href":"https:\/\/sertv.gob.pa\/nacionalfm\/wp-json\/wp\/v2\/tags?post=109586"}],"curies":[{"name":"wp","href":"https:\/\/api.w.org\/{rel}","templated":true}]}}