{"id":109591,"date":"2025-07-03T09:30:00","date_gmt":"2025-07-03T14:30:00","guid":{"rendered":"https:\/\/sertv.gob.pa\/nacionalfm\/?p=109591"},"modified":"2025-07-03T09:30:00","modified_gmt":"2025-07-03T14:30:00","slug":"director-del-ifarhu-carlos-godoy-sigue-verificando-proceso-de-pago-de-becas-en-centros-educativos","status":"publish","type":"post","link":"https:\/\/sertv.gob.pa\/nacionalfm\/director-del-ifarhu-carlos-godoy-sigue-verificando-proceso-de-pago-de-becas-en-centros-educativos\/","title":{"rendered":"Director del IFARHU, Carlos Godoy, sigue verificando proceso de pago de becas en centros educativos"},"content":{"rendered":"<div class=\"fusion-fullwidth fullwidth-box fusion-builder-row-1 fusion-flex-container has-pattern-background has-mask-background nonhundred-percent-fullwidth non-hundred-percent-height-scrolling\" style=\"--awb-border-radius-top-left:0px;--awb-border-radius-top-right:0px;--awb-border-radius-bottom-right:0px;--awb-border-radius-bottom-left:0px;--awb-flex-wrap:wrap;\" ><div class=\"fusion-builder-row fusion-row fusion-flex-align-items-flex-start fusion-flex-content-wrap\" style=\"max-width:1144px;margin-left: calc(-4% \/ 2 );margin-right: calc(-4% \/ 2 );\"><div class=\"fusion-layout-column fusion_builder_column fusion-builder-column-0 fusion_builder_column_1_1 1_1 fusion-flex-column\" style=\"--awb-bg-size:cover;--awb-width-large:100%;--awb-margin-top-large:0px;--awb-spacing-right-large:1.92%;--awb-margin-bottom-large:20px;--awb-spacing-left-large:1.92%;--awb-width-medium:100%;--awb-order-medium:0;--awb-spacing-right-medium:1.92%;--awb-spacing-left-medium:1.92%;--awb-width-small:100%;--awb-order-small:0;--awb-spacing-right-small:1.92%;--awb-spacing-left-small:1.92%;\"><div class=\"fusion-column-wrapper fusion-column-has-shadow fusion-flex-justify-content-flex-start fusion-content-layout-column\"><div class=\"fusion-text fusion-text-1\" style=\"--awb-content-alignment:justify;\"><p><em><strong>El director general del Instituto para la Formaci\u00f3n y Aprovechamiento de Recursos Humanos de Panam\u00e1 IFARHU, Carlos Godoy, realiz\u00f3 este martes, 1 de julio del presente a\u00f1o, un recorrido por escuelas de Panam\u00e1 Este, con el fin de verificar en el terreno, el proceso de pago de becas a estudiantes beneficiarios.<\/strong><\/em><\/p>\n<p><strong>Durante la jornada, Godoy, visit\u00f3 los centros educativos Ciudad Jard\u00edn Las Ma\u00f1anitas y Reino de los Pa\u00edses Bajos (Holanda) , donde inspeccion\u00f3 la entrega de los beneficios econ\u00f3micos a estudiantes de los programas de Concurso General, Puesto Distinguido, Discapacidad y Pase-U.<\/strong><\/p>\n<p><strong>De igual manera, convers\u00f3 con padres de familia y personal administrativo para conocer de cerca sus inquietudes y garantizar que los recursos lleguen de forma oportuna y transparente.<\/strong><\/p>\n<p><strong>Como parte de su agenda en la regi\u00f3n, el titular del IFARHU, igualmente visit\u00f3 la oficina regional de Panam\u00e1 Este, donde se reuni\u00f3 con el equipo local para evaluar el desarrollo de los procesos administrativos, escuchar sus necesidades y fortalecer los mecanismos de atenci\u00f3n ciudadana.<\/strong><\/p>\n<p><strong>El IFARHU contin\u00faa trabajando de manera articulada para garantizar el acceso equitativo a la educaci\u00f3n y reafirma su compromiso con el desarrollo humano de miles de paname\u00f1os.<\/strong><\/p>\n<\/div><div class=\"awb-gallery-wrapper awb-gallery-wrapper-1 button-span-no\" style=\"--more-btn-alignment:center;\"><div style=\"margin:-5px;--awb-bordersize:0px;\" class=\"fusion-gallery fusion-gallery-container fusion-grid-3 fusion-columns-total-2 fusion-gallery-layout-grid fusion-gallery-1\"><div style=\"padding:5px;\" class=\"fusion-grid-column fusion-gallery-column fusion-gallery-column-3 hover-type-none\"><div class=\"fusion-gallery-image\"><a href=\"https:\/\/sertv.gob.pa\/nacionalfm\/wp-content\/uploads\/sites\/6\/2025\/07\/CARLOS-GODOY-IFARHU-PAGO-DE-BECAS-2.jpg\" rel=\"noreferrer\" data-rel=\"iLightbox[gallery_image_1]\" class=\"fusion-lightbox\" target=\"_self\"><img decoding=\"async\" src=\"https:\/\/sertv.gob.pa\/nacionalfm\/wp-content\/uploads\/sites\/6\/2025\/07\/CARLOS-GODOY-IFARHU-PAGO-DE-BECAS-2.jpg\" width=\"600\" height=\"400\" alt=\"\" title=\"CARLOS GODOY IFARHU PAGO DE BECAS 2\" aria-label=\"CARLOS GODOY IFARHU PAGO DE BECAS 2\" class=\"img-responsive wp-image-109593\" srcset=\"https:\/\/sertv.gob.pa\/nacionalfm\/wp-content\/uploads\/sites\/6\/2025\/07\/CARLOS-GODOY-IFARHU-PAGO-DE-BECAS-2-200x133.jpg 200w, https:\/\/sertv.gob.pa\/nacionalfm\/wp-content\/uploads\/sites\/6\/2025\/07\/CARLOS-GODOY-IFARHU-PAGO-DE-BECAS-2-400x267.jpg 400w, https:\/\/sertv.gob.pa\/nacionalfm\/wp-content\/uploads\/sites\/6\/2025\/07\/CARLOS-GODOY-IFARHU-PAGO-DE-BECAS-2.jpg 600w\" sizes=\"(min-width: 2200px) 100vw, (min-width: 784px) 363px, (min-width: 712px) 545px, (min-width: 640px) 712px, \" \/><\/a><\/div><\/div><div style=\"padding:5px;\" class=\"fusion-grid-column fusion-gallery-column fusion-gallery-column-3 hover-type-none\"><div class=\"fusion-gallery-image\"><a href=\"https:\/\/sertv.gob.pa\/nacionalfm\/wp-content\/uploads\/sites\/6\/2025\/07\/CARLOS-GODOY-IFARHU-PAGO-DE-BECAS-3.jpg\" rel=\"noreferrer\" data-rel=\"iLightbox[gallery_image_1]\" class=\"fusion-lightbox\" target=\"_self\"><img decoding=\"async\" src=\"https:\/\/sertv.gob.pa\/nacionalfm\/wp-content\/uploads\/sites\/6\/2025\/07\/CARLOS-GODOY-IFARHU-PAGO-DE-BECAS-3.jpg\" width=\"600\" height=\"400\" alt=\"\" title=\"CARLOS GODOY IFARHU PAGO DE BECAS 3\" aria-label=\"CARLOS GODOY IFARHU PAGO DE BECAS 3\" class=\"img-responsive wp-image-109594\" srcset=\"https:\/\/sertv.gob.pa\/nacionalfm\/wp-content\/uploads\/sites\/6\/2025\/07\/CARLOS-GODOY-IFARHU-PAGO-DE-BECAS-3-200x133.jpg 200w, https:\/\/sertv.gob.pa\/nacionalfm\/wp-content\/uploads\/sites\/6\/2025\/07\/CARLOS-GODOY-IFARHU-PAGO-DE-BECAS-3-400x267.jpg 400w, https:\/\/sertv.gob.pa\/nacionalfm\/wp-content\/uploads\/sites\/6\/2025\/07\/CARLOS-GODOY-IFARHU-PAGO-DE-BECAS-3.jpg 600w\" sizes=\"(min-width: 2200px) 100vw, (min-width: 784px) 363px, (min-width: 712px) 545px, (min-width: 640px) 712px, \" \/><\/a><\/div><\/div><\/div><\/div><\/div><\/div><\/div><\/div>\n","protected":false},"excerpt":{"rendered":"","protected":false},"author":9,"featured_media":109592,"comment_status":"closed","ping_status":"closed","sticky":false,"template":"","format":"standard","meta":{"footnotes":""},"categories":[2],"tags":[],"class_list":["post-109591","post","type-post","status-publish","format-standard","has-post-thumbnail","hentry","category-nacionales"],"_links":{"self":[{"href":"https:\/\/sertv.gob.pa\/nacionalfm\/wp-json\/wp\/v2\/posts\/109591","targetHints":{"allow":["GET"]}}],"collection":[{"href":"https:\/\/sertv.gob.pa\/nacionalfm\/wp-json\/wp\/v2\/posts"}],"about":[{"href":"https:\/\/sertv.gob.pa\/nacionalfm\/wp-json\/wp\/v2\/types\/post"}],"author":[{"embeddable":true,"href":"https:\/\/sertv.gob.pa\/nacionalfm\/wp-json\/wp\/v2\/users\/9"}],"replies":[{"embeddable":true,"href":"https:\/\/sertv.gob.pa\/nacionalfm\/wp-json\/wp\/v2\/comments?post=109591"}],"version-history":[{"count":2,"href":"https:\/\/sertv.gob.pa\/nacionalfm\/wp-json\/wp\/v2\/posts\/109591\/revisions"}],"predecessor-version":[{"id":109596,"href":"https:\/\/sertv.gob.pa\/nacionalfm\/wp-json\/wp\/v2\/posts\/109591\/revisions\/109596"}],"wp:featuredmedia":[{"embeddable":true,"href":"https:\/\/sertv.gob.pa\/nacionalfm\/wp-json\/wp\/v2\/media\/109592"}],"wp:attachment":[{"href":"https:\/\/sertv.gob.pa\/nacionalfm\/wp-json\/wp\/v2\/media?parent=109591"}],"wp:term":[{"taxonomy":"category","embeddable":true,"href":"https:\/\/sertv.gob.pa\/nacionalfm\/wp-json\/wp\/v2\/categories?post=109591"},{"taxonomy":"post_tag","embeddable":true,"href":"https:\/\/sertv.gob.pa\/nacionalfm\/wp-json\/wp\/v2\/tags?post=109591"}],"curies":[{"name":"wp","href":"https:\/\/api.w.org\/{rel}","templated":true}]}}