{"id":109597,"date":"2025-07-03T09:47:54","date_gmt":"2025-07-03T14:47:54","guid":{"rendered":"https:\/\/sertv.gob.pa\/nacionalfm\/?p=109597"},"modified":"2025-07-03T09:47:54","modified_gmt":"2025-07-03T14:47:54","slug":"logros-alcanzados-por-el-ministerio-de-relaciones-exteriores-de-panama-en-un-ano-de-gestion-de-la-administracion-del-presidente-jose-raul-mulino","status":"publish","type":"post","link":"https:\/\/sertv.gob.pa\/nacionalfm\/logros-alcanzados-por-el-ministerio-de-relaciones-exteriores-de-panama-en-un-ano-de-gestion-de-la-administracion-del-presidente-jose-raul-mulino\/","title":{"rendered":"Logros alcanzados por el Ministerio de Relaciones Exteriores de Panam\u00e1, en un a\u00f1o de gesti\u00f3n de la administraci\u00f3n del presidente Jos\u00e9 Ra\u00fal Mulino"},"content":{"rendered":"<div class=\"fusion-fullwidth fullwidth-box fusion-builder-row-1 fusion-flex-container has-pattern-background has-mask-background nonhundred-percent-fullwidth non-hundred-percent-height-scrolling\" style=\"--awb-border-radius-top-left:0px;--awb-border-radius-top-right:0px;--awb-border-radius-bottom-right:0px;--awb-border-radius-bottom-left:0px;--awb-flex-wrap:wrap;\" ><div class=\"fusion-builder-row fusion-row fusion-flex-align-items-flex-start fusion-flex-content-wrap\" style=\"max-width:1144px;margin-left: calc(-4% \/ 2 );margin-right: calc(-4% \/ 2 );\"><div class=\"fusion-layout-column fusion_builder_column fusion-builder-column-0 fusion_builder_column_1_1 1_1 fusion-flex-column\" style=\"--awb-bg-size:cover;--awb-width-large:100%;--awb-margin-top-large:0px;--awb-spacing-right-large:1.92%;--awb-margin-bottom-large:20px;--awb-spacing-left-large:1.92%;--awb-width-medium:100%;--awb-order-medium:0;--awb-spacing-right-medium:1.92%;--awb-spacing-left-medium:1.92%;--awb-width-small:100%;--awb-order-small:0;--awb-spacing-right-small:1.92%;--awb-spacing-left-small:1.92%;\"><div class=\"fusion-column-wrapper fusion-column-has-shadow fusion-flex-justify-content-flex-start fusion-content-layout-column\"><div class=\"fusion-text fusion-text-1\" style=\"--awb-content-alignment:justify;\"><p>Durante este primer a\u00f1o de la administraci\u00f3n del presidente Jos\u00e9 Ra\u00fal Mulino, el Ministerio de Relaciones Exteriores alcanz\u00f3 importantes objetivos bajo la direcci\u00f3n del canciller Javier Mart\u00ednez-Acha V\u00e1squez.<\/p>\n<p>La pol\u00edtica exterior de Panam\u00e1 se basa en la defensa incondicional de los intereses nacionales y en la promoci\u00f3n del pa\u00eds como una democracia estable, din\u00e1mica, participativa y de libre mercado.<\/p>\n<p>La diplomacia paname\u00f1a es un instrumento de desarrollo que alinea las acciones de la pol\u00edtica exterior con los objetivos de desarrollo del pa\u00eds, para consolidar alianzas estrat\u00e9gicas con importantes socios comerciales, relanzar relaciones y apoyar el multilateralismo en las distintas organizaciones de las Naciones Unidas y la Organizaci\u00f3n de los Estados Americanos (OEA).<\/p>\n<p>Panam\u00e1 se ha destacado con las visitas de cuatro importantes jefes de estado: el presidente Rodrigo Chaves de Costa Rica, el presidente Santiago Pe\u00f1a de Paraguay, el presidente Yamand\u00fa Orsi de Uruguay y el presidente Gustavo Petro de Colombia. Adem\u00e1s, Panam\u00e1 ha sido el \u00fanico pa\u00eds de Am\u00e9rica Latina en recibir la visita de tres (3) secretarios de Estado de los Estados Unidos de Am\u00e9rica: Marco Rubio, Pete Hegseth y Kristi Noem.<\/p>\n<p>Entre los principales hitos alcanzados en este primer a\u00f1o destacamos:<\/p>\n<ol>\n<li>Panam\u00e1 como miembro no permanente del Consejo de Seguridad de la Organizaci\u00f3n de las Naciones Unidas para el periodo 2025-2026, con el compromiso de contribuir a la paz mundial. Esta membres\u00eda incluye una participaci\u00f3n destacada con la presidencia del Consejo de Seguridad para el mes de agosto de 2025 y los siguientes esca\u00f1os de liderazgo:<\/li>\n<\/ol>\n<ul>\n<li>Presidencia del Consejo de Seguridad de las Naciones Unidas, para el mes de agosto de 2025;<\/li>\n<li>Co \u2013 presidencia del Comit\u00e9 de Clima, Paz y Seguridad, junto con Guyana, Corea y Eslovenia,<\/li>\n<li>Presidencia del Comit\u00e9 Especial para Hait\u00ed junto con EE. UU,<\/li>\n<li>Presidencia del Comit\u00e9 de No proliferaci\u00f3n de Armas de Destrucci\u00f3n Masiva, conocido como el Comit\u00e9 1540, y<\/li>\n<li>Presidencia del Comit\u00e9 de Apoyo Humanitario para Ucrania.<\/li>\n<\/ul>\n<ol>\n<li>Ingreso de Panam\u00e1 como Estado Asociado al Mercado Com\u00fan del Sur (MERCOSUR) y acceso a la quinta econom\u00eda m\u00e1s grande del mundo, con un mercado de m\u00e1s de 271 millones de habitantes. Este hito representa adem\u00e1s un apoyo pol\u00edtico y diplom\u00e1tico para Panam\u00e1 por parte de uno de los bloques econ\u00f3micos m\u00e1s importantes del mundo y fomenta la integraci\u00f3n entre nuestros pueblos.<\/li>\n<li>Ejecuci\u00f3n de las directrices de la pol\u00edtica exterior para excluir a Panam\u00e1 de las listas discriminatorias y mejorar la imagen fiscal internacional del pa\u00eds. En el marco de esta estrategia, Panam\u00e1 ha obtenido la recomendaci\u00f3n de la Comisi\u00f3n Europea de excluir al pa\u00eds de las listas discriminatorias.<\/li>\n<\/ol>\n<p>Esta visi\u00f3n estrat\u00e9gica se reflej\u00f3 en la decisi\u00f3n de presentar la solicitud de ingreso del pa\u00eds a la OCDE, demostrando compromiso con los est\u00e1ndares econ\u00f3micos, fiscales y de transparencia mas elevados del mundo.<\/p>\n<ol>\n<li>Cumplimiento de las obligaciones financieras con organismos internacionales para honrar los compromisos del Estado.<\/li>\n<li>A nivel Multilateral, en adici\u00f3n a las mencionadas dentro del Consejo de Seguridad de las Naciones Unidas, Panam\u00e1 ha obtenido m\u00faltiples presidencias temporales (2024-2025):<\/li>\n<\/ol>\n<ul>\n<li>Comit\u00e9 contra el Terrorismo de la Comisi\u00f3n Interamericana de la OEA.<\/li>\n<li>Comisi\u00f3n de Seguridad Hemisf\u00e9rica de la OEA.<\/li>\n<li>Asociaci\u00f3n de Estados del Caribe<\/li>\n<li>Sistema de Integraci\u00f3n Centroamericana (SICA)<\/li>\n<\/ul>\n<ol>\n<li>El cierre ordenado, en estricto apego al Derecho Internacional y Humanitario, de la inmigraci\u00f3n ilegal a trav\u00e9s del Dari\u00e9n.<\/li>\n<\/ol>\n<p><u>Diplomacia comercial, cooperaci\u00f3n internacional y oportunidades acad\u00e9micas<\/u><\/p>\n<p>En diplomacia comercial, destacamos la obtenci\u00f3n de una l\u00ednea de cr\u00e9dito de Cinco Mil Millones de libras esterlinas (\u00a35,000,000,000.00) por parte del Reino Unido para el desarrollo de infraestructura cr\u00edtica como la construcci\u00f3n del Ferrocarril Panam\u00e1 \u2013 Paso Canoas.<\/p>\n<p>En materia de Cooperaci\u00f3n Internacional resaltan los siguientes logros:<\/p>\n<ul>\n<li>Se firmaron dos memorandos de entendimiento con el Organismo Internacional de Energ\u00eda At\u00f3mica (OIEA) con el fin de fortalecer el uso de la energ\u00eda at\u00f3mica con fines pac\u00edficos en los sectores de salud y agr\u00edcola. Se recibieron importantes donaciones de equipos para la atenci\u00f3n de salud y laboratorios especializados para el agro y el medio ambiente por parte de la OIEA.; as\u00ed como capacitaciones para el personal de nuestras instituciones de salud, agro y ambiente, promoviendo la investigaci\u00f3n.<\/li>\n<\/ul>\n<ul>\n<li>Cooperaci\u00f3n no reembolsable con la de Rep\u00fablica de la India, se recibi\u00f3 una donaci\u00f3n de B\/. 250,000 para proyectos de impacto r\u00e1pido, enfocado en cinco proyectos seleccionados para ciclo 2025-2026.<\/li>\n<\/ul>\n<p>Un total de 106 proyectos de cooperaci\u00f3n no reembolsable est\u00e1n en ejecuci\u00f3n en \u00e1reas como: gobernabilidad democr\u00e1tica desarrollo econ\u00f3mico, bienestar y equidad, igualdad e inclusi\u00f3n social,\u00a0conservaci\u00f3n y cambio clim\u00e1tico, reducci\u00f3n de riesgos y desastre,\u00a0educaci\u00f3n e innovaci\u00f3n, salud, agricultura, agua, seguridad radiol\u00f3gica.<\/p>\n<p>Durante el periodo 2024-2025 se recibieron un total de 1,189 ofertas de becas, para estudios a nivel t\u00e9cnico, seminarios, cursos de formaci\u00f3n continua, una cifra importante que complementar\u00e1 de manera oportuna la calidad educativa y de preparaci\u00f3n profesional de los paname\u00f1os. En adici\u00f3n a las ofertas de becas, se firm\u00f3 el Memorando de Entendimiento entre la Universidad Polit\u00e9cnica de Madrid (UPM) y el Ministerio de Relaciones Exteriores para el desarrollo de competencias en innovaci\u00f3n, tecnolog\u00eda e inteligencia artificial.<\/p>\n<p>Panam\u00e1 ser\u00e1 sede en el mes de noviembre del 2025 del FIRST Global Challenge, una competencia internacional de rob\u00f3tica con formato estilo ol\u00edmpico y con la participaci\u00f3n de delegaciones de 190 pa\u00edses y 6,000 participantes, quienes abordar\u00e1n desaf\u00edos globales a trav\u00e9s de la ciencia, tecnolog\u00eda, ingenier\u00eda y matem\u00e1ticas (STEM).<\/p>\n<p>A partir de junio de 2025, se implement\u00f3 la apostilla electr\u00f3nica, una herramienta que promete modernizar y agilizar la legalizaci\u00f3n de documentos p\u00fablicos paname\u00f1os, permitiendo su validez en m\u00e1s de 100 pa\u00edses sin necesidad de acudir f\u00edsicamente a una oficina.<\/p>\n<p><u>Fortalecimiento institucional y proyecci\u00f3n internacional<\/u><\/p>\n<p>Se han logrado avances significativos en la estrategia nacional de relaciones exteriores, incluyendo la profesionalizaci\u00f3n y desburocratizaci\u00f3n de la Canciller\u00eda, y se ha reforzado la presencia de Panam\u00e1 internacionalmente a trav\u00e9s de una diplomacia m\u00e1s activa.<\/p>\n<p>Para el fortalecimiento institucional se realiz\u00f3 el concurso p\u00fablico para el ingreso de 15 nuevos funcionarios de carrera diplom\u00e1tica, iniciando con el rango de Terceros Secretarios de Carrera Diplom\u00e1tica y Consular. De igual forma, se cumpli\u00f3 con la rotaci\u00f3n del personal diplom\u00e1tico asignado a embajadas de Panam\u00e1 en el extranjero, un requisito indispensable para un buen funcionamiento diplom\u00e1tico y para el desarrollo de nuestros diplom\u00e1ticos de carrera. Al mismo tiempo, se dio preferencia al personal de carrera diplom\u00e1tica para ser enviados en misiones al extranjero, apostando a\u00fan m\u00e1s a su desarrollo y profesionalizaci\u00f3n.<\/p>\n<p>Un gran ejemplo de diplomacia profesionalizada y proactiva fue la exitosa evacuaci\u00f3n humanitaria a connacionales que se encontraban en Israel e Ir\u00e1n durante el mes de junio de 2025 cuando se intensificaron los ataques militares entre ambos pa\u00edses.<\/p>\n<p>Panam\u00e1 ambiciona a seguir enalteciendo su nombre internacionalmente con la aprobaci\u00f3n de apertura de tres nuevas embajadas en 2 pa\u00edses claves: Suiza y Arabia Saudita; y continuar con una misi\u00f3n importante de mejoramiento de nuestras capacidades agr\u00edcolas con la apertura de la embajada ante la Organizaci\u00f3n de las Naciones Unidas para la Alimentaci\u00f3n y la Agricultura (FAO) en Roma.<\/p>\n<\/div><div class=\"awb-gallery-wrapper awb-gallery-wrapper-1 button-span-no\" style=\"--more-btn-alignment:center;\"><div style=\"margin:-5px;--awb-bordersize:0px;\" class=\"fusion-gallery fusion-gallery-container fusion-grid-3 fusion-columns-total-2 fusion-gallery-layout-grid fusion-gallery-1\"><div style=\"padding:5px;\" class=\"fusion-grid-column fusion-gallery-column fusion-gallery-column-3 hover-type-none\"><div class=\"fusion-gallery-image\"><a href=\"https:\/\/sertv.gob.pa\/nacionalfm\/wp-content\/uploads\/sites\/6\/2025\/07\/LOGROS-MIRE-2.jpeg\" rel=\"noreferrer\" data-rel=\"iLightbox[gallery_image_1]\" class=\"fusion-lightbox\" target=\"_self\"><img decoding=\"async\" src=\"https:\/\/sertv.gob.pa\/nacionalfm\/wp-content\/uploads\/sites\/6\/2025\/07\/LOGROS-MIRE-2.jpeg\" width=\"600\" height=\"400\" alt=\"\" title=\"LOGROS MIRE 2\" aria-label=\"LOGROS MIRE 2\" class=\"img-responsive wp-image-109599\" srcset=\"https:\/\/sertv.gob.pa\/nacionalfm\/wp-content\/uploads\/sites\/6\/2025\/07\/LOGROS-MIRE-2-200x133.jpeg 200w, https:\/\/sertv.gob.pa\/nacionalfm\/wp-content\/uploads\/sites\/6\/2025\/07\/LOGROS-MIRE-2-400x267.jpeg 400w, https:\/\/sertv.gob.pa\/nacionalfm\/wp-content\/uploads\/sites\/6\/2025\/07\/LOGROS-MIRE-2.jpeg 600w\" sizes=\"(min-width: 2200px) 100vw, (min-width: 784px) 363px, (min-width: 712px) 545px, (min-width: 640px) 712px, \" \/><\/a><\/div><\/div><div style=\"padding:5px;\" class=\"fusion-grid-column fusion-gallery-column fusion-gallery-column-3 hover-type-none\"><div class=\"fusion-gallery-image\"><a href=\"https:\/\/sertv.gob.pa\/nacionalfm\/wp-content\/uploads\/sites\/6\/2025\/07\/LOGROS-MIRE-3.jpg\" rel=\"noreferrer\" data-rel=\"iLightbox[gallery_image_1]\" class=\"fusion-lightbox\" target=\"_self\"><img decoding=\"async\" src=\"https:\/\/sertv.gob.pa\/nacionalfm\/wp-content\/uploads\/sites\/6\/2025\/07\/LOGROS-MIRE-3.jpg\" width=\"600\" height=\"400\" alt=\"\" title=\"Security Council Meets on Adaptability in UN Peace Operations\" aria-label=\"Security Council Meets on Adaptability in UN Peace Operations\" class=\"img-responsive wp-image-109600\" srcset=\"https:\/\/sertv.gob.pa\/nacionalfm\/wp-content\/uploads\/sites\/6\/2025\/07\/LOGROS-MIRE-3-200x133.jpg 200w, https:\/\/sertv.gob.pa\/nacionalfm\/wp-content\/uploads\/sites\/6\/2025\/07\/LOGROS-MIRE-3-400x267.jpg 400w, https:\/\/sertv.gob.pa\/nacionalfm\/wp-content\/uploads\/sites\/6\/2025\/07\/LOGROS-MIRE-3.jpg 600w\" sizes=\"(min-width: 2200px) 100vw, (min-width: 784px) 363px, (min-width: 712px) 545px, (min-width: 640px) 712px, \" \/><\/a><\/div><\/div><\/div><\/div><\/div><\/div><\/div><\/div>\n","protected":false},"excerpt":{"rendered":"","protected":false},"author":9,"featured_media":109598,"comment_status":"closed","ping_status":"closed","sticky":false,"template":"","format":"standard","meta":{"footnotes":""},"categories":[2],"tags":[],"class_list":["post-109597","post","type-post","status-publish","format-standard","has-post-thumbnail","hentry","category-nacionales"],"_links":{"self":[{"href":"https:\/\/sertv.gob.pa\/nacionalfm\/wp-json\/wp\/v2\/posts\/109597","targetHints":{"allow":["GET"]}}],"collection":[{"href":"https:\/\/sertv.gob.pa\/nacionalfm\/wp-json\/wp\/v2\/posts"}],"about":[{"href":"https:\/\/sertv.gob.pa\/nacionalfm\/wp-json\/wp\/v2\/types\/post"}],"author":[{"embeddable":true,"href":"https:\/\/sertv.gob.pa\/nacionalfm\/wp-json\/wp\/v2\/users\/9"}],"replies":[{"embeddable":true,"href":"https:\/\/sertv.gob.pa\/nacionalfm\/wp-json\/wp\/v2\/comments?post=109597"}],"version-history":[{"count":2,"href":"https:\/\/sertv.gob.pa\/nacionalfm\/wp-json\/wp\/v2\/posts\/109597\/revisions"}],"predecessor-version":[{"id":109602,"href":"https:\/\/sertv.gob.pa\/nacionalfm\/wp-json\/wp\/v2\/posts\/109597\/revisions\/109602"}],"wp:featuredmedia":[{"embeddable":true,"href":"https:\/\/sertv.gob.pa\/nacionalfm\/wp-json\/wp\/v2\/media\/109598"}],"wp:attachment":[{"href":"https:\/\/sertv.gob.pa\/nacionalfm\/wp-json\/wp\/v2\/media?parent=109597"}],"wp:term":[{"taxonomy":"category","embeddable":true,"href":"https:\/\/sertv.gob.pa\/nacionalfm\/wp-json\/wp\/v2\/categories?post=109597"},{"taxonomy":"post_tag","embeddable":true,"href":"https:\/\/sertv.gob.pa\/nacionalfm\/wp-json\/wp\/v2\/tags?post=109597"}],"curies":[{"name":"wp","href":"https:\/\/api.w.org\/{rel}","templated":true}]}}