{"id":109603,"date":"2025-07-03T10:20:00","date_gmt":"2025-07-03T15:20:00","guid":{"rendered":"https:\/\/sertv.gob.pa\/nacionalfm\/?p=109603"},"modified":"2025-07-03T10:20:00","modified_gmt":"2025-07-03T15:20:00","slug":"idaan-lanzo-licitacitacion-publica-para-ampliar-potabilizadora-roberto-reyna-de-chitre","status":"publish","type":"post","link":"https:\/\/sertv.gob.pa\/nacionalfm\/idaan-lanzo-licitacitacion-publica-para-ampliar-potabilizadora-roberto-reyna-de-chitre\/","title":{"rendered":"IDAAN lanz\u00f3 licitacitaci\u00f3n p\u00fablica para ampliar potabilizadora, Roberto Reyna, de Chitr\u00e9"},"content":{"rendered":"<div class=\"fusion-fullwidth fullwidth-box fusion-builder-row-1 fusion-flex-container has-pattern-background has-mask-background nonhundred-percent-fullwidth non-hundred-percent-height-scrolling\" style=\"--awb-border-radius-top-left:0px;--awb-border-radius-top-right:0px;--awb-border-radius-bottom-right:0px;--awb-border-radius-bottom-left:0px;--awb-flex-wrap:wrap;\" ><div class=\"fusion-builder-row fusion-row fusion-flex-align-items-flex-start fusion-flex-content-wrap\" style=\"max-width:1144px;margin-left: calc(-4% \/ 2 );margin-right: calc(-4% \/ 2 );\"><div class=\"fusion-layout-column fusion_builder_column fusion-builder-column-0 fusion_builder_column_1_1 1_1 fusion-flex-column\" style=\"--awb-bg-size:cover;--awb-width-large:100%;--awb-margin-top-large:0px;--awb-spacing-right-large:1.92%;--awb-margin-bottom-large:20px;--awb-spacing-left-large:1.92%;--awb-width-medium:100%;--awb-order-medium:0;--awb-spacing-right-medium:1.92%;--awb-spacing-left-medium:1.92%;--awb-width-small:100%;--awb-order-small:0;--awb-spacing-right-small:1.92%;--awb-spacing-left-small:1.92%;\"><div class=\"fusion-column-wrapper fusion-column-has-shadow fusion-flex-justify-content-flex-start fusion-content-layout-column\"><div class=\"fusion-text fusion-text-1\" style=\"--awb-content-alignment:justify;\"><p><em><strong>Autoridades del Instituto de Acueductos y Alcantarillados Nacionales de Panam\u00e1 (IDAAN), dieron a conocer recientemente, el lanzamiento oficial de la licitaci\u00f3n p\u00fablica internacional para la rehabilitaci\u00f3n y ampliaci\u00f3n de la planta potabilizadora Roberto Reyna, ubicada en Chitr\u00e9, provincia de Herrera. Este importante proyecto, busca garantizar el suministro continuo y de calidad de agua potable a todas las comunidades del distrito.<\/strong><\/em><\/p>\n<p><strong>Esta obra, representa un hito en la modernizaci\u00f3n del sistema de agua potable de la regi\u00f3n, puesto que permitir\u00e1 adecuar la planta a las nuevas condiciones del r\u00edo La Villa, que es la fuente principal de abastecimiento. Tambi\u00e9n, la capacidad de producci\u00f3n de la planta, se incrementar\u00e1 de 7 a 12 millones de galones de agua potable por d\u00eda, beneficiando a miles de residentes.<\/strong><\/p>\n<p><strong>Este proyecto, ser\u00e1 financiado por el Banco Interamericano de Desarrollo (BID), con un aporte superior a los 23 millones de d\u00f3lares, monto que fue en fecha reciente aprobado por el organismo.<\/strong><\/p>\n<p><strong>Cabe enfatizar, que en octubre de 2024, con la llegada del nuevo director del IDAAN, Rutilio Villarreal, se tom\u00f3 la decisi\u00f3n de retirar la licitaci\u00f3n previamente presentada, debido a la falta de aprobaci\u00f3n del financiamiento y a deficiencias en las especificaciones t\u00e9cnicas.<\/strong><\/p>\n<p><strong>Es por ello que, desde entonces, la nueva administraci\u00f3n del IDAAN, emprendi\u00f3 un proceso de revisi\u00f3n integral del proyecto, incluyendo la actualizaci\u00f3n de los pliegos de cargo y la gesti\u00f3n del financiamiento ante el BID.<\/strong><\/p>\n<p><strong>Gracias a estos esfuerzos, el proyecto ya se encuentra en forma oficial en proceso de licitaci\u00f3n.<\/strong><\/p>\n<\/div><div class=\"awb-gallery-wrapper awb-gallery-wrapper-1 button-span-no\" style=\"--more-btn-alignment:center;\"><div style=\"margin:-5px;--awb-bordersize:0px;\" class=\"fusion-gallery fusion-gallery-container fusion-grid-3 fusion-columns-total-1 fusion-gallery-layout-grid fusion-gallery-1\"><div style=\"padding:5px;\" class=\"fusion-grid-column fusion-gallery-column fusion-gallery-column-3 hover-type-none\"><div class=\"fusion-gallery-image\"><a href=\"https:\/\/sertv.gob.pa\/nacionalfm\/wp-content\/uploads\/sites\/6\/2025\/07\/POTABILIZADORA-ROBERTO-REYNA-CHITRE-2.jpeg\" rel=\"noreferrer\" data-rel=\"iLightbox[gallery_image_1]\" class=\"fusion-lightbox\" target=\"_self\"><img decoding=\"async\" src=\"https:\/\/sertv.gob.pa\/nacionalfm\/wp-content\/uploads\/sites\/6\/2025\/07\/POTABILIZADORA-ROBERTO-REYNA-CHITRE-2.jpeg\" width=\"600\" height=\"338\" alt=\"\" title=\"POTABILIZADORA ROBERTO REYNA CHITR\u00c9 2\" aria-label=\"POTABILIZADORA ROBERTO REYNA CHITR\u00c9 2\" class=\"img-responsive wp-image-109605\" srcset=\"https:\/\/sertv.gob.pa\/nacionalfm\/wp-content\/uploads\/sites\/6\/2025\/07\/POTABILIZADORA-ROBERTO-REYNA-CHITRE-2-200x113.jpeg 200w, https:\/\/sertv.gob.pa\/nacionalfm\/wp-content\/uploads\/sites\/6\/2025\/07\/POTABILIZADORA-ROBERTO-REYNA-CHITRE-2-400x225.jpeg 400w, https:\/\/sertv.gob.pa\/nacionalfm\/wp-content\/uploads\/sites\/6\/2025\/07\/POTABILIZADORA-ROBERTO-REYNA-CHITRE-2.jpeg 600w\" sizes=\"(min-width: 2200px) 100vw, (min-width: 784px) 363px, (min-width: 712px) 545px, (min-width: 640px) 712px, \" \/><\/a><\/div><\/div><\/div><\/div><\/div><\/div><\/div><\/div>\n","protected":false},"excerpt":{"rendered":"","protected":false},"author":9,"featured_media":109604,"comment_status":"closed","ping_status":"closed","sticky":false,"template":"","format":"standard","meta":{"footnotes":""},"categories":[2],"tags":[],"class_list":["post-109603","post","type-post","status-publish","format-standard","has-post-thumbnail","hentry","category-nacionales"],"_links":{"self":[{"href":"https:\/\/sertv.gob.pa\/nacionalfm\/wp-json\/wp\/v2\/posts\/109603","targetHints":{"allow":["GET"]}}],"collection":[{"href":"https:\/\/sertv.gob.pa\/nacionalfm\/wp-json\/wp\/v2\/posts"}],"about":[{"href":"https:\/\/sertv.gob.pa\/nacionalfm\/wp-json\/wp\/v2\/types\/post"}],"author":[{"embeddable":true,"href":"https:\/\/sertv.gob.pa\/nacionalfm\/wp-json\/wp\/v2\/users\/9"}],"replies":[{"embeddable":true,"href":"https:\/\/sertv.gob.pa\/nacionalfm\/wp-json\/wp\/v2\/comments?post=109603"}],"version-history":[{"count":2,"href":"https:\/\/sertv.gob.pa\/nacionalfm\/wp-json\/wp\/v2\/posts\/109603\/revisions"}],"predecessor-version":[{"id":109607,"href":"https:\/\/sertv.gob.pa\/nacionalfm\/wp-json\/wp\/v2\/posts\/109603\/revisions\/109607"}],"wp:featuredmedia":[{"embeddable":true,"href":"https:\/\/sertv.gob.pa\/nacionalfm\/wp-json\/wp\/v2\/media\/109604"}],"wp:attachment":[{"href":"https:\/\/sertv.gob.pa\/nacionalfm\/wp-json\/wp\/v2\/media?parent=109603"}],"wp:term":[{"taxonomy":"category","embeddable":true,"href":"https:\/\/sertv.gob.pa\/nacionalfm\/wp-json\/wp\/v2\/categories?post=109603"},{"taxonomy":"post_tag","embeddable":true,"href":"https:\/\/sertv.gob.pa\/nacionalfm\/wp-json\/wp\/v2\/tags?post=109603"}],"curies":[{"name":"wp","href":"https:\/\/api.w.org\/{rel}","templated":true}]}}