{"id":109608,"date":"2025-07-03T11:02:32","date_gmt":"2025-07-03T16:02:32","guid":{"rendered":"https:\/\/sertv.gob.pa\/nacionalfm\/?p=109608"},"modified":"2025-07-03T11:02:32","modified_gmt":"2025-07-03T16:02:32","slug":"ministro-de-salud-de-panama-fernando-boyd-galindo-se-refirio-sobre-los-diversos-proyectos-y-estrategias-realizadas-durante-esta-administracion","status":"publish","type":"post","link":"https:\/\/sertv.gob.pa\/nacionalfm\/ministro-de-salud-de-panama-fernando-boyd-galindo-se-refirio-sobre-los-diversos-proyectos-y-estrategias-realizadas-durante-esta-administracion\/","title":{"rendered":"Ministro de Salud de Panam\u00e1, Fernando Boyd Galindo, se refiri\u00f3 sobre los diversos proyectos y estrategias realizadas durante esta administraci\u00f3n"},"content":{"rendered":"<p><em><strong>Fernando Boyd Galindo, ministro de Salud de Panam\u00e1, se refiri\u00f3 a los logros alcanzados durante el primer a\u00f1o de gesti\u00f3n durante la instalaci\u00f3n de la Primera Legislatura del Segundo Per\u00edodo de Sesiones Ordinarias de la Asamblea Nacional la cual se realiz\u00f3, este martes, 1 de julio de 2025.<\/strong><\/em><\/p>\n<p><strong>En este sentido, destac\u00f3 la reactivaci\u00f3n y conclusi\u00f3n de importantes proyectos como: el Hospital Manuel Amador Guerrero; el Centro de Salud de R\u00edo Hato; Hospital de Bugaba, el de Metet\u00ed y el Aquilino Tejeira en Penonom\u00e9.<\/strong><\/p>\n<p><strong>As\u00edmismo a la rebaja de hasta el 95% en 140 medicamentos en m\u00e1s de 110 farmacias del MINSA en el pa\u00eds.<\/strong><\/p>\n<p><strong>Por otra parte, Boyd Galindo se pronunci\u00f3 en relaci\u00f3n con los sectores que insisten en la derogaci\u00f3n de la Ley 462, asegurando que, hasta el momento no ha escuchado ninguna propuesta de modificaci\u00f3n que supere lo planteado en la norma vigente.<\/strong><\/p>\n<p><strong>\u201cDesde mi punto de vista, la ley no requiere ning\u00fan cambio. La \u00fanica forma de considerar una modificaci\u00f3n ser\u00eda si alguien presenta una propuesta con una sustentaci\u00f3n econ\u00f3mica s\u00f3lida, y sinceramente, no creo que puedan hacerlo\u201d, afirm\u00f3.<\/strong><\/p>\n<p><strong>Asimismo, advirti\u00f3 que, retornar la discusi\u00f3n de la Ley 462 a la Asamblea Nacional por la v\u00eda de la insistencia ser\u00eda un retroceso. \u201cSer\u00eda seguir pateando la pelota, como ya lo han hecho otros en el pasado\u201d, manifest\u00f3, al tiempo que reiter\u00f3 que, el pa\u00eds requiere decisiones responsables y t\u00e9cnicamente fundamentadas.<\/strong><\/p>\n<p><strong>De igual forma, Boyd Galindo, hizo referencia a la situaci\u00f3n laboral de los m\u00e9dicos internos, informando que los requerimientos para sus contrataciones fueron enviados hace dos meses; sin embargo, las posiciones quedaron suspendidas temporalmente debido a las medidas de contenci\u00f3n del gasto.<\/strong><\/p>\n<p><strong>Sin embargo, el titular de la Cartera, explic\u00f3 que, esta situaci\u00f3n ya fue corregida, luego de que el ministro de Econom\u00eda y Finanzas, Felipe Chapman, confirmara que la contenci\u00f3n del gasto no aplica al sector Salud.<\/strong><\/p>\n<p><strong>\u201cYa se est\u00e1n liberando esas posiciones para que otra vez se les d\u00e9 el tr\u00e1mite correspondiente\u201d, asegur\u00f3, destacando que el proceso de contrataci\u00f3n ser\u00e1 reactivado en los pr\u00f3ximos d\u00edas.<\/strong><\/p>\n<p><strong>Cabe recordar, que las declaraciones del ministro Boyd Galindo, se dieron en fecha reciente cuando se llev\u00f3 a cabo, la instalaci\u00f3n de la nueva legislatura 2025-2026, tambi\u00e9n estuvo presente, el Manuel Zambrano Chang, viceministro de Salud.<\/strong><\/p>\n","protected":false},"excerpt":{"rendered":"<p>Fernando Boyd Galindo, ministro de Salud de Panam\u00e1, se refiri\u00f3 <a href=\"https:\/\/sertv.gob.pa\/nacionalfm\/ministro-de-salud-de-panama-fernando-boyd-galindo-se-refirio-sobre-los-diversos-proyectos-y-estrategias-realizadas-durante-esta-administracion\/\"> [&#8230;]<\/a><\/p>\n","protected":false},"author":9,"featured_media":109609,"comment_status":"closed","ping_status":"closed","sticky":false,"template":"","format":"standard","meta":{"footnotes":""},"categories":[2],"tags":[],"class_list":["post-109608","post","type-post","status-publish","format-standard","has-post-thumbnail","hentry","category-nacionales"],"_links":{"self":[{"href":"https:\/\/sertv.gob.pa\/nacionalfm\/wp-json\/wp\/v2\/posts\/109608","targetHints":{"allow":["GET"]}}],"collection":[{"href":"https:\/\/sertv.gob.pa\/nacionalfm\/wp-json\/wp\/v2\/posts"}],"about":[{"href":"https:\/\/sertv.gob.pa\/nacionalfm\/wp-json\/wp\/v2\/types\/post"}],"author":[{"embeddable":true,"href":"https:\/\/sertv.gob.pa\/nacionalfm\/wp-json\/wp\/v2\/users\/9"}],"replies":[{"embeddable":true,"href":"https:\/\/sertv.gob.pa\/nacionalfm\/wp-json\/wp\/v2\/comments?post=109608"}],"version-history":[{"count":1,"href":"https:\/\/sertv.gob.pa\/nacionalfm\/wp-json\/wp\/v2\/posts\/109608\/revisions"}],"predecessor-version":[{"id":109610,"href":"https:\/\/sertv.gob.pa\/nacionalfm\/wp-json\/wp\/v2\/posts\/109608\/revisions\/109610"}],"wp:featuredmedia":[{"embeddable":true,"href":"https:\/\/sertv.gob.pa\/nacionalfm\/wp-json\/wp\/v2\/media\/109609"}],"wp:attachment":[{"href":"https:\/\/sertv.gob.pa\/nacionalfm\/wp-json\/wp\/v2\/media?parent=109608"}],"wp:term":[{"taxonomy":"category","embeddable":true,"href":"https:\/\/sertv.gob.pa\/nacionalfm\/wp-json\/wp\/v2\/categories?post=109608"},{"taxonomy":"post_tag","embeddable":true,"href":"https:\/\/sertv.gob.pa\/nacionalfm\/wp-json\/wp\/v2\/tags?post=109608"}],"curies":[{"name":"wp","href":"https:\/\/api.w.org\/{rel}","templated":true}]}}