{"id":109611,"date":"2025-07-03T11:37:40","date_gmt":"2025-07-03T16:37:40","guid":{"rendered":"https:\/\/sertv.gob.pa\/nacionalfm\/?p=109611"},"modified":"2025-07-03T11:37:40","modified_gmt":"2025-07-03T16:37:40","slug":"ministro-de-comercio-e-industrias-de-panama-julio-molto-destaco-un-ano-de-inversiones-historicas-y-la-expansion-comercial-del-pais","status":"publish","type":"post","link":"https:\/\/sertv.gob.pa\/nacionalfm\/ministro-de-comercio-e-industrias-de-panama-julio-molto-destaco-un-ano-de-inversiones-historicas-y-la-expansion-comercial-del-pais\/","title":{"rendered":"Ministro de Comercio e Industrias de Panam\u00e1, Julio Molt\u00f3 destac\u00f3 un a\u00f1o de inversiones hist\u00f3ricas y la expansi\u00f3n comercial del pa\u00eds"},"content":{"rendered":"<p>A un a\u00f1o de asumir el compromiso de impulsar la competitividad y el crecimiento de Panam\u00e1, el ministro de Comercio e Industrias de Panam\u00e1 (MICI), Julio Molt\u00f3, present\u00f3 en feha reciente, un balance de gesti\u00f3n que evidencia avances concretos en inversi\u00f3n, comercio exterior, atracci\u00f3n de empresas y modernizaci\u00f3n institucional.<\/p>\n<p>El ministro Molt\u00f3, quien acompa\u00f1\u00f3 al presidente de Panam\u00e1, Jos\u00e9 Ra\u00fal Mulino y al Gabinete durante la presentaci\u00f3n del Informe a la Naci\u00f3n ante la Asamblea Nacional de Diputados, destac\u00f3 que, los resultados del primer a\u00f1o reflejan \u201cacciones concretas que ya est\u00e1n atrayendo inversiones clave, ampliando mercados para nuestras exportaciones y, lo m\u00e1s importante, generando empleos de calidad para los paname\u00f1os\u201d.<\/p>\n<p>Subray\u00f3 que, cada iniciativa refleja una \u00abconfianza renovada de empresas, inversionistas y exportadores que han apostado por nuestro pa\u00eds\u00bb. A pesar de que algunos proyectos contin\u00faan en desarrollo, Molt\u00f3, afirm\u00f3 que, las tendencias indican un dinamismo creciente, un inter\u00e9s global en Panam\u00e1 y la certeza de que, trabajando de la mano de los sectores productivos se podr\u00e1 lograr un crecimiento econ\u00f3mico sostenible e inclusivo . Incluso frente a desaf\u00edos como el cierre de la mina y la par\u00e1lisis parcial en el sector bananero, el ministro, destac\u00f3 que, en el primer cuatrimestre del a\u00f1o, las exportaciones crecieron un 25% comparado con los \u00faltimos 15 a\u00f1os.<\/p>\n<p>&nbsp;<\/p>\n<ul>\n<li>Panam\u00e1 se consolida como hub global de oportunidades<\/li>\n<\/ul>\n<p>&nbsp;<\/p>\n<p>Alineado con el Plan Estrat\u00e9gico de Gobierno, el MICI ha ejecutado una agenda estrat\u00e9gica que ya muestra frutos significativos, reafirmando la posici\u00f3n de Panam\u00e1 como un nodo log\u00edstico, comercial y de innovaci\u00f3n. Entre los logros m\u00e1s destacados de este primer a\u00f1o, el informe del MICI, subraya los siguientes hitos:<\/p>\n<p>&nbsp;<\/p>\n<ul>\n<li>Integraci\u00f3n comercial hist\u00f3rica: Panam\u00e1, se ha convertido en el primer pa\u00eds fuera de Sudam\u00e9rica en formalizar su ingreso como Estado Asociado al MERCOSUR, abriendo las puertas a un mercado de m\u00e1s de 270 millones de consumidores.<\/li>\n<li>Vanguardia en semiconductores: El pa\u00eds se posiciona en el mapa global de la industria de semiconductores, siendo el segundo en Am\u00e9rica Latina en albergar la Red Informal de Intercambio de Semiconductores de la OCDE y activando la Comisi\u00f3n de Innovaci\u00f3n en Microelectr\u00f3nica y Semiconductores (CIMS).<\/li>\n<li>Atracci\u00f3n r\u00e9cord de inversiones: Se ha logrado atraer m\u00e1s de B\/. 120 millones en inversiones directas a trav\u00e9s del programa de Residencia para Inversionistas Calificados y la dinamizaci\u00f3n de Zonas Francas, sumado a la llegada de 15 nuevas multinacionales bajo el R\u00e9gimen SEM.<\/li>\n<li>Boom exportador: Las exportaciones totales de bienes alcanzaron B\/. 454.3 millones a abril de 2025, el valor m\u00e1s alto registrado en un primer cuatrimestre desde 2010.<\/li>\n<li>Consolidaci\u00f3n audiovisual: Panam\u00e1 se afianza como un hub audiovisual l\u00edder, atrayendo m\u00e1s de 30 producciones internacionales con una inversi\u00f3n superior a B\/. 28.6 millones y generando m\u00e1s de 1,800 empleos directos.<\/li>\n<li>Gobierno digital y transparente: La implementaci\u00f3n de herramientas digitales clave como SARCOM (comercio electr\u00f3nico), IPAS (para registro de marcas, con un avance del 40%), la automatizaci\u00f3n del 80% de la Ventanilla \u00danica de Comercio Exterior (VUCE), la actualizaci\u00f3n de la plataforma Panam\u00e1 Emprende y la ampliaci\u00f3n de INFOSEM V2 est\u00e1n modernizando la gesti\u00f3n p\u00fablica y empresarial.<\/li>\n<\/ul>\n<p>Estos resultados, seg\u00fan el ministro Molt\u00f3, responden a una estrategia clara que lleva adelante esta administraci\u00f3n, enfocada en diversificar nuestra econom\u00eda, generar empleo de calidad y fortalecer la confianza en el futuro de Panam\u00e1.<\/p>\n","protected":false},"excerpt":{"rendered":"<p>A un a\u00f1o de asumir el compromiso de impulsar la <a href=\"https:\/\/sertv.gob.pa\/nacionalfm\/ministro-de-comercio-e-industrias-de-panama-julio-molto-destaco-un-ano-de-inversiones-historicas-y-la-expansion-comercial-del-pais\/\"> [&#8230;]<\/a><\/p>\n","protected":false},"author":9,"featured_media":109612,"comment_status":"closed","ping_status":"closed","sticky":false,"template":"","format":"standard","meta":{"footnotes":""},"categories":[2],"tags":[],"class_list":["post-109611","post","type-post","status-publish","format-standard","has-post-thumbnail","hentry","category-nacionales"],"_links":{"self":[{"href":"https:\/\/sertv.gob.pa\/nacionalfm\/wp-json\/wp\/v2\/posts\/109611","targetHints":{"allow":["GET"]}}],"collection":[{"href":"https:\/\/sertv.gob.pa\/nacionalfm\/wp-json\/wp\/v2\/posts"}],"about":[{"href":"https:\/\/sertv.gob.pa\/nacionalfm\/wp-json\/wp\/v2\/types\/post"}],"author":[{"embeddable":true,"href":"https:\/\/sertv.gob.pa\/nacionalfm\/wp-json\/wp\/v2\/users\/9"}],"replies":[{"embeddable":true,"href":"https:\/\/sertv.gob.pa\/nacionalfm\/wp-json\/wp\/v2\/comments?post=109611"}],"version-history":[{"count":2,"href":"https:\/\/sertv.gob.pa\/nacionalfm\/wp-json\/wp\/v2\/posts\/109611\/revisions"}],"predecessor-version":[{"id":109614,"href":"https:\/\/sertv.gob.pa\/nacionalfm\/wp-json\/wp\/v2\/posts\/109611\/revisions\/109614"}],"wp:featuredmedia":[{"embeddable":true,"href":"https:\/\/sertv.gob.pa\/nacionalfm\/wp-json\/wp\/v2\/media\/109612"}],"wp:attachment":[{"href":"https:\/\/sertv.gob.pa\/nacionalfm\/wp-json\/wp\/v2\/media?parent=109611"}],"wp:term":[{"taxonomy":"category","embeddable":true,"href":"https:\/\/sertv.gob.pa\/nacionalfm\/wp-json\/wp\/v2\/categories?post=109611"},{"taxonomy":"post_tag","embeddable":true,"href":"https:\/\/sertv.gob.pa\/nacionalfm\/wp-json\/wp\/v2\/tags?post=109611"}],"curies":[{"name":"wp","href":"https:\/\/api.w.org\/{rel}","templated":true}]}}