{"id":109617,"date":"2025-07-04T08:48:38","date_gmt":"2025-07-04T13:48:38","guid":{"rendered":"https:\/\/sertv.gob.pa\/nacionalfm\/?p=109617"},"modified":"2025-07-04T08:48:38","modified_gmt":"2025-07-04T13:48:38","slug":"durante-encuentro-milei-mulino-argentina-brinda-a-panama-cooperacion-para-transferencia-de-conocimiento-agricola","status":"publish","type":"post","link":"https:\/\/sertv.gob.pa\/nacionalfm\/durante-encuentro-milei-mulino-argentina-brinda-a-panama-cooperacion-para-transferencia-de-conocimiento-agricola\/","title":{"rendered":"Durante encuentro Milei-Mulino: Argentina brinda a Panam\u00e1 cooperaci\u00f3n para transferencia de conocimiento agr\u00edcola"},"content":{"rendered":"<div class=\"fusion-fullwidth fullwidth-box fusion-builder-row-1 fusion-flex-container has-pattern-background has-mask-background nonhundred-percent-fullwidth non-hundred-percent-height-scrolling\" style=\"--awb-border-radius-top-left:0px;--awb-border-radius-top-right:0px;--awb-border-radius-bottom-right:0px;--awb-border-radius-bottom-left:0px;--awb-flex-wrap:wrap;\" ><div class=\"fusion-builder-row fusion-row fusion-flex-align-items-flex-start fusion-flex-content-wrap\" style=\"max-width:1144px;margin-left: calc(-4% \/ 2 );margin-right: calc(-4% \/ 2 );\"><div class=\"fusion-layout-column fusion_builder_column fusion-builder-column-0 fusion_builder_column_1_1 1_1 fusion-flex-column\" style=\"--awb-bg-size:cover;--awb-width-large:100%;--awb-margin-top-large:0px;--awb-spacing-right-large:1.92%;--awb-margin-bottom-large:20px;--awb-spacing-left-large:1.92%;--awb-width-medium:100%;--awb-order-medium:0;--awb-spacing-right-medium:1.92%;--awb-spacing-left-medium:1.92%;--awb-width-small:100%;--awb-order-small:0;--awb-spacing-right-small:1.92%;--awb-spacing-left-small:1.92%;\"><div class=\"fusion-column-wrapper fusion-column-has-shadow fusion-flex-justify-content-flex-start fusion-content-layout-column\"><div class=\"fusion-text fusion-text-1\" style=\"--awb-content-alignment:justify;\"><p><em><strong>El presidente de Panam\u00e1, Jos\u00e9 Ra\u00fal Mulino, sostuvo en fecha reciente, una reuni\u00f3n bilateral con su hom\u00f3logo de Argentina, Javier Milei, en la que se comprometieron a estrechar los lazos comerciales entre ambos pa\u00edses. A su vez, los mandatarios, acordaron promover un acuerdo de cooperaci\u00f3n para el intercambio de conocimientos agr\u00edcolas, tomando en consideraci\u00f3n, la competitividad de los productores argentinos en lo relativo a este campo.<\/strong><\/em><\/p>\n<p><strong>En el marco de la Cumbre del MERCOSUR, que se realiz\u00f3 en Buenos Aires, Mulino y Milei, comentaron que era necesario aumentar el transporte a\u00e9reo entre Argentina y Panam\u00e1, y la posibilidad de concretar un acuerdo en materia de seguridad.<\/strong><\/p>\n<p><strong>Ambos presidentes, de igual modo destacaron la importancia de la incorporaci\u00f3n de Panam\u00e1 como Estado Asociado al MERCOSUR, lo cual beneficiar\u00e1 a todas las partes.<\/strong><\/p>\n<p><strong>Cabe destacar, que el mandatario paname\u00f1o, para este evento, igualmente sostuvo conversaciones con los presidentes de: Paraguay, Santiago Pe\u00f1a, y de Uruguay, Yamand\u00fa Orsi, quienes tambi\u00e9n resaltaron el inicio de la relaci\u00f3n entre el MERCOSUR y Panam\u00e1.<\/strong><\/p>\n<\/div><div class=\"awb-gallery-wrapper awb-gallery-wrapper-1 button-span-no\" style=\"--more-btn-alignment:center;\"><div style=\"margin:-5px;--awb-bordersize:0px;\" class=\"fusion-gallery fusion-gallery-container fusion-grid-3 fusion-columns-total-2 fusion-gallery-layout-grid fusion-gallery-1\"><div style=\"padding:5px;\" class=\"fusion-grid-column fusion-gallery-column fusion-gallery-column-3 hover-type-none\"><div class=\"fusion-gallery-image\"><a href=\"https:\/\/sertv.gob.pa\/nacionalfm\/wp-content\/uploads\/sites\/6\/2025\/07\/ENCUENTRO-MILEI-MULINO-2.jpeg\" rel=\"noreferrer\" data-rel=\"iLightbox[gallery_image_1]\" class=\"fusion-lightbox\" target=\"_self\"><img decoding=\"async\" src=\"https:\/\/sertv.gob.pa\/nacionalfm\/wp-content\/uploads\/sites\/6\/2025\/07\/ENCUENTRO-MILEI-MULINO-2.jpeg\" width=\"600\" height=\"400\" alt=\"\" title=\"ENCUENTRO MILEI MULINO 2\" aria-label=\"ENCUENTRO MILEI MULINO 2\" class=\"img-responsive wp-image-109619\" srcset=\"https:\/\/sertv.gob.pa\/nacionalfm\/wp-content\/uploads\/sites\/6\/2025\/07\/ENCUENTRO-MILEI-MULINO-2-200x133.jpeg 200w, https:\/\/sertv.gob.pa\/nacionalfm\/wp-content\/uploads\/sites\/6\/2025\/07\/ENCUENTRO-MILEI-MULINO-2-400x267.jpeg 400w, https:\/\/sertv.gob.pa\/nacionalfm\/wp-content\/uploads\/sites\/6\/2025\/07\/ENCUENTRO-MILEI-MULINO-2.jpeg 600w\" sizes=\"(min-width: 2200px) 100vw, (min-width: 784px) 363px, (min-width: 712px) 545px, (min-width: 640px) 712px, \" \/><\/a><\/div><\/div><div style=\"padding:5px;\" class=\"fusion-grid-column fusion-gallery-column fusion-gallery-column-3 hover-type-none\"><div class=\"fusion-gallery-image\"><a href=\"https:\/\/sertv.gob.pa\/nacionalfm\/wp-content\/uploads\/sites\/6\/2025\/07\/ENCUENTRO-MILEI-MULINO-3.jpeg\" rel=\"noreferrer\" data-rel=\"iLightbox[gallery_image_1]\" class=\"fusion-lightbox\" target=\"_self\"><img decoding=\"async\" src=\"https:\/\/sertv.gob.pa\/nacionalfm\/wp-content\/uploads\/sites\/6\/2025\/07\/ENCUENTRO-MILEI-MULINO-3.jpeg\" width=\"600\" height=\"400\" alt=\"\" title=\"ENCUENTRO MILEI MULINO 3\" aria-label=\"ENCUENTRO MILEI MULINO 3\" class=\"img-responsive wp-image-109620\" srcset=\"https:\/\/sertv.gob.pa\/nacionalfm\/wp-content\/uploads\/sites\/6\/2025\/07\/ENCUENTRO-MILEI-MULINO-3-200x133.jpeg 200w, https:\/\/sertv.gob.pa\/nacionalfm\/wp-content\/uploads\/sites\/6\/2025\/07\/ENCUENTRO-MILEI-MULINO-3-400x267.jpeg 400w, https:\/\/sertv.gob.pa\/nacionalfm\/wp-content\/uploads\/sites\/6\/2025\/07\/ENCUENTRO-MILEI-MULINO-3.jpeg 600w\" sizes=\"(min-width: 2200px) 100vw, (min-width: 784px) 363px, (min-width: 712px) 545px, (min-width: 640px) 712px, \" \/><\/a><\/div><\/div><\/div><\/div><\/div><\/div><\/div><\/div>\n","protected":false},"excerpt":{"rendered":"","protected":false},"author":9,"featured_media":109618,"comment_status":"closed","ping_status":"closed","sticky":false,"template":"","format":"standard","meta":{"footnotes":""},"categories":[2],"tags":[],"class_list":["post-109617","post","type-post","status-publish","format-standard","has-post-thumbnail","hentry","category-nacionales"],"_links":{"self":[{"href":"https:\/\/sertv.gob.pa\/nacionalfm\/wp-json\/wp\/v2\/posts\/109617","targetHints":{"allow":["GET"]}}],"collection":[{"href":"https:\/\/sertv.gob.pa\/nacionalfm\/wp-json\/wp\/v2\/posts"}],"about":[{"href":"https:\/\/sertv.gob.pa\/nacionalfm\/wp-json\/wp\/v2\/types\/post"}],"author":[{"embeddable":true,"href":"https:\/\/sertv.gob.pa\/nacionalfm\/wp-json\/wp\/v2\/users\/9"}],"replies":[{"embeddable":true,"href":"https:\/\/sertv.gob.pa\/nacionalfm\/wp-json\/wp\/v2\/comments?post=109617"}],"version-history":[{"count":2,"href":"https:\/\/sertv.gob.pa\/nacionalfm\/wp-json\/wp\/v2\/posts\/109617\/revisions"}],"predecessor-version":[{"id":109622,"href":"https:\/\/sertv.gob.pa\/nacionalfm\/wp-json\/wp\/v2\/posts\/109617\/revisions\/109622"}],"wp:featuredmedia":[{"embeddable":true,"href":"https:\/\/sertv.gob.pa\/nacionalfm\/wp-json\/wp\/v2\/media\/109618"}],"wp:attachment":[{"href":"https:\/\/sertv.gob.pa\/nacionalfm\/wp-json\/wp\/v2\/media?parent=109617"}],"wp:term":[{"taxonomy":"category","embeddable":true,"href":"https:\/\/sertv.gob.pa\/nacionalfm\/wp-json\/wp\/v2\/categories?post=109617"},{"taxonomy":"post_tag","embeddable":true,"href":"https:\/\/sertv.gob.pa\/nacionalfm\/wp-json\/wp\/v2\/tags?post=109617"}],"curies":[{"name":"wp","href":"https:\/\/api.w.org\/{rel}","templated":true}]}}