{"id":109623,"date":"2025-07-04T09:27:15","date_gmt":"2025-07-04T14:27:15","guid":{"rendered":"https:\/\/sertv.gob.pa\/nacionalfm\/?p=109623"},"modified":"2025-07-04T09:27:15","modified_gmt":"2025-07-04T14:27:15","slug":"presidente-de-brasil-luiz-inacio-lula-da-silva-ratifica-asistencia-para-el-foro-economico-de-panama-2026","status":"publish","type":"post","link":"https:\/\/sertv.gob.pa\/nacionalfm\/presidente-de-brasil-luiz-inacio-lula-da-silva-ratifica-asistencia-para-el-foro-economico-de-panama-2026\/","title":{"rendered":"Presidente de Brasil, Luiz In\u00e1cio \u201cLula\u201d Da Silva, ratifica asistencia para el Foro Econ\u00f3mico de Panam\u00e1 2026"},"content":{"rendered":"<div class=\"fusion-fullwidth fullwidth-box fusion-builder-row-1 fusion-flex-container has-pattern-background has-mask-background nonhundred-percent-fullwidth non-hundred-percent-height-scrolling\" style=\"--awb-border-radius-top-left:0px;--awb-border-radius-top-right:0px;--awb-border-radius-bottom-right:0px;--awb-border-radius-bottom-left:0px;--awb-flex-wrap:wrap;\" ><div class=\"fusion-builder-row fusion-row fusion-flex-align-items-flex-start fusion-flex-content-wrap\" style=\"max-width:1144px;margin-left: calc(-4% \/ 2 );margin-right: calc(-4% \/ 2 );\"><div class=\"fusion-layout-column fusion_builder_column fusion-builder-column-0 fusion_builder_column_1_1 1_1 fusion-flex-column\" style=\"--awb-bg-size:cover;--awb-width-large:100%;--awb-margin-top-large:0px;--awb-spacing-right-large:1.92%;--awb-margin-bottom-large:20px;--awb-spacing-left-large:1.92%;--awb-width-medium:100%;--awb-order-medium:0;--awb-spacing-right-medium:1.92%;--awb-spacing-left-medium:1.92%;--awb-width-small:100%;--awb-order-small:0;--awb-spacing-right-small:1.92%;--awb-spacing-left-small:1.92%;\"><div class=\"fusion-column-wrapper fusion-column-has-shadow fusion-flex-justify-content-flex-start fusion-content-layout-column\"><div class=\"fusion-text fusion-text-1\" style=\"--awb-content-alignment:justify;\"><p><em><strong>El presidente de Brasil, Luiz In\u00e1cio \u201cLula\u201d Da Silva, confirm\u00f3 que asistir\u00e1 al Foro Econ\u00f3mico de Am\u00e9rica Latina que se desarrollar\u00e1 en Panam\u00e1, en enero de 2026, despu\u00e9s de sostener una reuni\u00f3n bilateral con el mandatario paname\u00f1o, Jos\u00e9 Ra\u00fal Mulino, quien lo invit\u00f3 al evento que ha calificado como el \u201cDavos de las Am\u00e9ricas\u201d.<\/strong><\/em><\/p>\n<p><strong>En el marco de la Cumbre del MERCOSUR, la cual se desarroll\u00f3 en Argentina, Lula, manifest\u00f3 su inter\u00e9s en visitar Panam\u00e1 en enero pr\u00f3ximo, a fin de participar del Foro Econ\u00f3mico que organiza la CAF e incluir en su agenda, una visita al Canal de Panam\u00e1 para conocer las obras de la ampliaci\u00f3n concretada por los paname\u00f1os.<\/strong><\/p>\n<p><strong>De igual manera, Mulino, aprovech\u00f3 para resaltar la importancia internacional del proyecto de r\u00edo Indio en el futuro de la operaci\u00f3n del Canal, sobre todo para los pa\u00edses usuarios como Brasil.<\/strong><\/p>\n<p><strong>El presidente brasile\u00f1o, igualmente, le propuso a Mulino enviar a Panam\u00e1, una misi\u00f3n empresarial brasile\u00f1a a estudiar posibilidades de negocios, \u201cpara que cuando se vuelvan a reunir est\u00e9n identificados los temas productivos a concretar\u201d.<\/strong><\/p>\n<p><strong>Mientras que, Mulino, le dio a conocer a Lula, la importancia del sistema log\u00edstico paname\u00f1o, tanto con el Canal como con sus puertos y el ferrocarril de carga. Lula, respondi\u00f3 proponiendo un viaje de sus ministros a conocer los puertos y la operaci\u00f3n del aeropuerto paname\u00f1o.<\/strong><\/p>\n<p><strong>Lula, indic\u00f3 que, la relaci\u00f3n que se est\u00e1 reactivando ayudar\u00e1 a llenar \u201clas lagunas\u201d que existen entre Brasil y Centroam\u00e9rica, incluyendo a Panam\u00e1. Se\u00f1al\u00f3 que, ello puede deberse a la cercan\u00eda o la cultura de comercio que tiene esta regi\u00f3n con Estados Unidos.<\/strong><\/p>\n<p><strong>Pero la situaci\u00f3n geopol\u00edtica de la actualidad est\u00e1 llevando a muchos pa\u00edses a buscar otros mercados como el de Brasil.<\/strong><\/p>\n<p><strong>Durante la reuni\u00f3n, Mulino tambi\u00e9n le plante\u00f3 al presidente Lula, que es necesario que Panam\u00e1 sea excluida de la lista fiscal de Brasil. Lula prometi\u00f3 revisar el caso y la posibilidad de enviar a Panam\u00e1 a su ministro de Hacienda y al Secretario Tributario brasile\u00f1o.<\/strong><\/p>\n<p><strong>Cabe mencionar, que en el marco de esta Cumbre, en su encuentro con el presidente de Argentina, el mandatario paname\u00f1o, tambi\u00e9n invit\u00f3 personalmente a Javier Milei, para que asista al Foro Econ\u00f3mico que se desarrollar\u00e1 el pr\u00f3ximo a\u00f1o en Panam\u00e1.<\/strong><\/p>\n<\/div><div class=\"awb-gallery-wrapper awb-gallery-wrapper-1 button-span-no\" style=\"--more-btn-alignment:center;\"><div style=\"margin:-5px;--awb-bordersize:0px;\" class=\"fusion-gallery fusion-gallery-container fusion-grid-3 fusion-columns-total-3 fusion-gallery-layout-grid fusion-gallery-1\"><div style=\"padding:5px;\" class=\"fusion-grid-column fusion-gallery-column fusion-gallery-column-3 hover-type-none\"><div class=\"fusion-gallery-image\"><a href=\"https:\/\/sertv.gob.pa\/nacionalfm\/wp-content\/uploads\/sites\/6\/2025\/07\/LULA-Y-MULINO-2.jpeg\" rel=\"noreferrer\" data-rel=\"iLightbox[gallery_image_1]\" class=\"fusion-lightbox\" target=\"_self\"><img decoding=\"async\" src=\"https:\/\/sertv.gob.pa\/nacionalfm\/wp-content\/uploads\/sites\/6\/2025\/07\/LULA-Y-MULINO-2.jpeg\" width=\"600\" height=\"400\" alt=\"\" title=\"LULA Y MULINO 2\" aria-label=\"LULA Y MULINO 2\" class=\"img-responsive wp-image-109625\" srcset=\"https:\/\/sertv.gob.pa\/nacionalfm\/wp-content\/uploads\/sites\/6\/2025\/07\/LULA-Y-MULINO-2-200x133.jpeg 200w, https:\/\/sertv.gob.pa\/nacionalfm\/wp-content\/uploads\/sites\/6\/2025\/07\/LULA-Y-MULINO-2-400x267.jpeg 400w, https:\/\/sertv.gob.pa\/nacionalfm\/wp-content\/uploads\/sites\/6\/2025\/07\/LULA-Y-MULINO-2.jpeg 600w\" sizes=\"(min-width: 2200px) 100vw, (min-width: 784px) 363px, (min-width: 712px) 545px, (min-width: 640px) 712px, \" \/><\/a><\/div><\/div><div style=\"padding:5px;\" class=\"fusion-grid-column fusion-gallery-column fusion-gallery-column-3 hover-type-none\"><div class=\"fusion-gallery-image\"><a href=\"https:\/\/sertv.gob.pa\/nacionalfm\/wp-content\/uploads\/sites\/6\/2025\/07\/LULA-Y-MULINO-3.jpeg\" rel=\"noreferrer\" data-rel=\"iLightbox[gallery_image_1]\" class=\"fusion-lightbox\" target=\"_self\"><img decoding=\"async\" src=\"https:\/\/sertv.gob.pa\/nacionalfm\/wp-content\/uploads\/sites\/6\/2025\/07\/LULA-Y-MULINO-3.jpeg\" width=\"600\" height=\"400\" alt=\"\" title=\"LULA Y MULINO 3\" aria-label=\"LULA Y MULINO 3\" class=\"img-responsive wp-image-109626\" srcset=\"https:\/\/sertv.gob.pa\/nacionalfm\/wp-content\/uploads\/sites\/6\/2025\/07\/LULA-Y-MULINO-3-200x133.jpeg 200w, https:\/\/sertv.gob.pa\/nacionalfm\/wp-content\/uploads\/sites\/6\/2025\/07\/LULA-Y-MULINO-3-400x267.jpeg 400w, https:\/\/sertv.gob.pa\/nacionalfm\/wp-content\/uploads\/sites\/6\/2025\/07\/LULA-Y-MULINO-3.jpeg 600w\" sizes=\"(min-width: 2200px) 100vw, (min-width: 784px) 363px, (min-width: 712px) 545px, (min-width: 640px) 712px, \" \/><\/a><\/div><\/div><div style=\"padding:5px;\" class=\"fusion-grid-column fusion-gallery-column fusion-gallery-column-3 hover-type-none\"><div class=\"fusion-gallery-image\"><a href=\"https:\/\/sertv.gob.pa\/nacionalfm\/wp-content\/uploads\/sites\/6\/2025\/07\/LULA-Y-MULINO-4.jpeg\" rel=\"noreferrer\" data-rel=\"iLightbox[gallery_image_1]\" class=\"fusion-lightbox\" target=\"_self\"><img decoding=\"async\" src=\"https:\/\/sertv.gob.pa\/nacionalfm\/wp-content\/uploads\/sites\/6\/2025\/07\/LULA-Y-MULINO-4.jpeg\" width=\"600\" height=\"400\" alt=\"\" title=\"LULA Y MULINO 4\" aria-label=\"LULA Y MULINO 4\" class=\"img-responsive wp-image-109627\" srcset=\"https:\/\/sertv.gob.pa\/nacionalfm\/wp-content\/uploads\/sites\/6\/2025\/07\/LULA-Y-MULINO-4-200x133.jpeg 200w, https:\/\/sertv.gob.pa\/nacionalfm\/wp-content\/uploads\/sites\/6\/2025\/07\/LULA-Y-MULINO-4-400x267.jpeg 400w, https:\/\/sertv.gob.pa\/nacionalfm\/wp-content\/uploads\/sites\/6\/2025\/07\/LULA-Y-MULINO-4.jpeg 600w\" sizes=\"(min-width: 2200px) 100vw, (min-width: 784px) 363px, (min-width: 712px) 545px, (min-width: 640px) 712px, \" \/><\/a><\/div><\/div><div class=\"clearfix\"><\/div><\/div><\/div><\/div><\/div><\/div><\/div>\n","protected":false},"excerpt":{"rendered":"","protected":false},"author":9,"featured_media":109624,"comment_status":"closed","ping_status":"closed","sticky":false,"template":"","format":"standard","meta":{"footnotes":""},"categories":[2],"tags":[],"class_list":["post-109623","post","type-post","status-publish","format-standard","has-post-thumbnail","hentry","category-nacionales"],"_links":{"self":[{"href":"https:\/\/sertv.gob.pa\/nacionalfm\/wp-json\/wp\/v2\/posts\/109623","targetHints":{"allow":["GET"]}}],"collection":[{"href":"https:\/\/sertv.gob.pa\/nacionalfm\/wp-json\/wp\/v2\/posts"}],"about":[{"href":"https:\/\/sertv.gob.pa\/nacionalfm\/wp-json\/wp\/v2\/types\/post"}],"author":[{"embeddable":true,"href":"https:\/\/sertv.gob.pa\/nacionalfm\/wp-json\/wp\/v2\/users\/9"}],"replies":[{"embeddable":true,"href":"https:\/\/sertv.gob.pa\/nacionalfm\/wp-json\/wp\/v2\/comments?post=109623"}],"version-history":[{"count":2,"href":"https:\/\/sertv.gob.pa\/nacionalfm\/wp-json\/wp\/v2\/posts\/109623\/revisions"}],"predecessor-version":[{"id":109629,"href":"https:\/\/sertv.gob.pa\/nacionalfm\/wp-json\/wp\/v2\/posts\/109623\/revisions\/109629"}],"wp:featuredmedia":[{"embeddable":true,"href":"https:\/\/sertv.gob.pa\/nacionalfm\/wp-json\/wp\/v2\/media\/109624"}],"wp:attachment":[{"href":"https:\/\/sertv.gob.pa\/nacionalfm\/wp-json\/wp\/v2\/media?parent=109623"}],"wp:term":[{"taxonomy":"category","embeddable":true,"href":"https:\/\/sertv.gob.pa\/nacionalfm\/wp-json\/wp\/v2\/categories?post=109623"},{"taxonomy":"post_tag","embeddable":true,"href":"https:\/\/sertv.gob.pa\/nacionalfm\/wp-json\/wp\/v2\/tags?post=109623"}],"curies":[{"name":"wp","href":"https:\/\/api.w.org\/{rel}","templated":true}]}}