{"id":109644,"date":"2025-07-04T11:11:57","date_gmt":"2025-07-04T16:11:57","guid":{"rendered":"https:\/\/sertv.gob.pa\/nacionalfm\/?p=109644"},"modified":"2025-07-04T11:11:57","modified_gmt":"2025-07-04T16:11:57","slug":"cierre-temporal-del-servicio-de-urgencias-del-hospital-dra-susana-jones-por-mantenimiento","status":"publish","type":"post","link":"https:\/\/sertv.gob.pa\/nacionalfm\/cierre-temporal-del-servicio-de-urgencias-del-hospital-dra-susana-jones-por-mantenimiento\/","title":{"rendered":"Cierre temporal del Servicio de Urgencias del Hospital Dra. Susana Jones por mantenimiento"},"content":{"rendered":"<p><strong>El Servicio de Urgencias del Hospital Dra. Susana Jones Cano, de la Caja de Seguro Social, en Villa Lucre, permanecer\u00e1 cerrado desde las 6:00 a.m. de este viernes 4 de julio de 2025 hasta las 6:00 a.m. del lunes 7 de julio, debido a trabajos de mantenimiento preventivo y correctivo.<\/strong><\/p>\n<p><strong>Estos trabajos buscan mejorar la atenci\u00f3n que brindamos a nuestros pacientes, en un ambiente m\u00e1s c\u00f3modo y seguro.<\/strong><\/p>\n<p><strong>Recordamos a los asegurados las instalaciones a disposici\u00f3n, con Servicio de Urgencia, las 24 horas del d\u00eda, en la Ciudad de Panam\u00e1:<\/strong><br \/>\n<strong>-Policl\u00ednica Manuel Mar\u00eda Vald\u00e9s, de San Miguelito<\/strong><br \/>\n<strong>-Policl\u00ednica Jos\u00e9 Joaqu\u00edn Vallarino, de Juan D\u00edaz<\/strong><br \/>\n<strong>-Hospital Irma de Lourdes Tzanetatos, en la 24 de Diciembre<\/strong><br \/>\n<strong>-Complejo Hospitalario Dr. Arnulfo Arias Madrid, de la Trans\u00edstmica.<\/strong><\/p>\n<p><strong>Ofrecemos disculpas a la poblaci\u00f3n por cualquier inconveniente que esta medida pueda ocasionar y solicitamos que en caso de necesidad de atenci\u00f3n de urgencia acudir a su instalaci\u00f3n de salud m\u00e1s cercana.<\/strong><\/p>\n<p><strong>Panam\u00e1, 3 de julio de 2025<\/strong><\/p>\n","protected":false},"excerpt":{"rendered":"<p>El Servicio de Urgencias del Hospital Dra. Susana Jones Cano, <a href=\"https:\/\/sertv.gob.pa\/nacionalfm\/cierre-temporal-del-servicio-de-urgencias-del-hospital-dra-susana-jones-por-mantenimiento\/\"> [&#8230;]<\/a><\/p>\n","protected":false},"author":9,"featured_media":105228,"comment_status":"closed","ping_status":"closed","sticky":false,"template":"","format":"standard","meta":{"footnotes":""},"categories":[2],"tags":[],"class_list":["post-109644","post","type-post","status-publish","format-standard","has-post-thumbnail","hentry","category-nacionales"],"_links":{"self":[{"href":"https:\/\/sertv.gob.pa\/nacionalfm\/wp-json\/wp\/v2\/posts\/109644","targetHints":{"allow":["GET"]}}],"collection":[{"href":"https:\/\/sertv.gob.pa\/nacionalfm\/wp-json\/wp\/v2\/posts"}],"about":[{"href":"https:\/\/sertv.gob.pa\/nacionalfm\/wp-json\/wp\/v2\/types\/post"}],"author":[{"embeddable":true,"href":"https:\/\/sertv.gob.pa\/nacionalfm\/wp-json\/wp\/v2\/users\/9"}],"replies":[{"embeddable":true,"href":"https:\/\/sertv.gob.pa\/nacionalfm\/wp-json\/wp\/v2\/comments?post=109644"}],"version-history":[{"count":1,"href":"https:\/\/sertv.gob.pa\/nacionalfm\/wp-json\/wp\/v2\/posts\/109644\/revisions"}],"predecessor-version":[{"id":109645,"href":"https:\/\/sertv.gob.pa\/nacionalfm\/wp-json\/wp\/v2\/posts\/109644\/revisions\/109645"}],"wp:featuredmedia":[{"embeddable":true,"href":"https:\/\/sertv.gob.pa\/nacionalfm\/wp-json\/wp\/v2\/media\/105228"}],"wp:attachment":[{"href":"https:\/\/sertv.gob.pa\/nacionalfm\/wp-json\/wp\/v2\/media?parent=109644"}],"wp:term":[{"taxonomy":"category","embeddable":true,"href":"https:\/\/sertv.gob.pa\/nacionalfm\/wp-json\/wp\/v2\/categories?post=109644"},{"taxonomy":"post_tag","embeddable":true,"href":"https:\/\/sertv.gob.pa\/nacionalfm\/wp-json\/wp\/v2\/tags?post=109644"}],"curies":[{"name":"wp","href":"https:\/\/api.w.org\/{rel}","templated":true}]}}