{"id":109650,"date":"2025-07-04T13:36:58","date_gmt":"2025-07-04T18:36:58","guid":{"rendered":"https:\/\/sertv.gob.pa\/nacionalfm\/?p=109650"},"modified":"2025-07-04T13:36:58","modified_gmt":"2025-07-04T18:36:58","slug":"mercosur-mulino-destaca-rol-integracionista-de-panama-y-reafirma-soberania-sobre-el-canal","status":"publish","type":"post","link":"https:\/\/sertv.gob.pa\/nacionalfm\/mercosur-mulino-destaca-rol-integracionista-de-panama-y-reafirma-soberania-sobre-el-canal\/","title":{"rendered":"Mercosur: Mulino destaca rol integracionista de Panam\u00e1 y reafirma soberan\u00eda sobre el Canal"},"content":{"rendered":"<div class=\"fusion-fullwidth fullwidth-box fusion-builder-row-1 fusion-flex-container has-pattern-background has-mask-background nonhundred-percent-fullwidth non-hundred-percent-height-scrolling\" style=\"--awb-border-radius-top-left:0px;--awb-border-radius-top-right:0px;--awb-border-radius-bottom-right:0px;--awb-border-radius-bottom-left:0px;--awb-flex-wrap:wrap;\" ><div class=\"fusion-builder-row fusion-row fusion-flex-align-items-flex-start fusion-flex-content-wrap\" style=\"max-width:1144px;margin-left: calc(-4% \/ 2 );margin-right: calc(-4% \/ 2 );\"><div class=\"fusion-layout-column fusion_builder_column fusion-builder-column-0 fusion_builder_column_1_1 1_1 fusion-flex-column\" style=\"--awb-bg-size:cover;--awb-width-large:100%;--awb-margin-top-large:0px;--awb-spacing-right-large:1.92%;--awb-margin-bottom-large:20px;--awb-spacing-left-large:1.92%;--awb-width-medium:100%;--awb-order-medium:0;--awb-spacing-right-medium:1.92%;--awb-spacing-left-medium:1.92%;--awb-width-small:100%;--awb-order-small:0;--awb-spacing-right-small:1.92%;--awb-spacing-left-small:1.92%;\"><div class=\"fusion-column-wrapper fusion-column-has-shadow fusion-flex-justify-content-flex-start fusion-content-layout-column\"><div class=\"fusion-text fusion-text-1\" style=\"--awb-content-alignment:justify;\"><p><em><strong>El presidente de la Rep\u00fablica de Panam\u00e1, Jos\u00e9 Ra\u00fal Mulino, destac\u00f3 este jueves, 3 de julio, en la primera Cumbre del MERCOSUR en la que Panam\u00e1, particip\u00f3 como Estado Asociado, los avances que Panam\u00e1, ha logrado en transparencia financiera y fiscal, as\u00ed como su firme compromiso con la seguridad y la integraci\u00f3n regional como una puerta al desarrollo y al crecimiento econ\u00f3mico.<\/strong><\/em><\/p>\n<p><strong>Mulino, aprovech\u00f3 este foro, que se llev\u00f3 a cabo en Buenos Aires, Argentina, para exponer la importancia del proyecto del r\u00edo Indio para darle continuidad a las operaciones del Canal, as\u00ed como los esfuerzos de su gobierno para que la transnacional Chiquita retome sus operaciones en la provincia de Bocas del Toro para recuperar las 7 mil plazas de trabajo en el sector bananero, perdidas por una huelga sindical.<\/strong><\/p>\n<p><strong>Asimismo agradeci\u00f3 a los presidentes del MERCOSUR, el apoyo dado a Panam\u00e1, en el tema de la administraci\u00f3n del Canal, y advirti\u00f3 de la importancia de mantener el principio de neutralidad que Panam\u00e1 ha sabido proteger.<\/strong><\/p>\n<p><strong>\u201cCon el apoyo del mundo, el Canal seguir\u00e1 siendo de los paname\u00f1os\u201d, recalc\u00f3 Mulino en la Cumbre.<\/strong><\/p>\n<p><strong>Sobre la importancia de la participaci\u00f3n de Panam\u00e1 en este bloque de pa\u00edses, indic\u00f3 que, este acuerdo representa un paso decisivo para afianzar los v\u00ednculos econ\u00f3micos y abrir nuevas oportunidades de inversi\u00f3n y de comercio.<\/strong><\/p>\n<p><strong>Agradeci\u00f3 a los Estados parte de este bloque de pa\u00edses (Argentina, Brasil, Uruguay y Paraguay) aceptar a Panam\u00e1, como Estado Asociado, donde tambi\u00e9n participan Chile, Colombia, Ecuador, Guyana, Per\u00fa, Surinam y Bolivia.<\/strong><\/p>\n<p><strong>\u201cIntegrarnos a este bloque ser\u00e1 un complemento de oportunidades para nuestros pa\u00edses. Este bloque, representa un paso decisivo para afianzar los v\u00ednculos econ\u00f3micos y abrir nuevas oportunidades de inversi\u00f3n y comercio. Nuestra regi\u00f3n tiene fuertes lazos compartidos\u201d, expres\u00f3 el presidente Mulino.<\/strong><\/p>\n<p><strong>Sin embargo, reconoci\u00f3 que, los avances no han sido suficientes, \u201cy tenemos un gran futuro en la unidad y en la complementaci\u00f3n de fortalezas\u201d.<\/strong><\/p>\n<p><strong>Se\u00f1al\u00f3 que, Panam\u00e1, se mantiene como una ruta importante para seguir uniendo nuestras culturas y econom\u00edas.<\/strong><\/p>\n<p><strong>Inform\u00f3 al MERCOSUR, que m\u00e1s de 14 mil buques cruzaron el Canal de Panam\u00e1 desde que pas\u00f3 a manos paname\u00f1as. Solo en 2023, transport\u00f3 300 millones de toneladas, a trav\u00e9s de m\u00e1s de 30 rutas, y asegur\u00f3 que, en los \u00faltimos 25 a\u00f1os, Panam\u00e1 ha manejado su Canal a total satisfacci\u00f3n de sus usuarios.<\/strong><\/p>\n<p><strong>\u201cNuestro sistema portuario moviliz\u00f3 m\u00e1s de 9.5 millones de TEU en el 2024. El Canal, que es y que siempre ser\u00e1 paname\u00f1o, est\u00e1 a disposici\u00f3n de todos los pa\u00edses, m\u00e1s a\u00fan de los hermanos aqu\u00ed presentes\u201d, recalc\u00f3 el mandatario paname\u00f1o ante los presidentes de los pa\u00edses del Mercosur.<\/strong><\/p>\n<p><strong>Manifest\u00f3 que, Panam\u00e1, es el socio ideal para que los pa\u00edses del Pac\u00edfico accedan al potente mercado de la Uni\u00f3n Europea, y para que los pa\u00edses del Atl\u00e1ntico accedan al demandante mercado asi\u00e1tico.<\/strong><\/p>\n<p><strong>Expuso, adem\u00e1s, que Panam\u00e1, cuenta con una econom\u00eda dolarizada desde 1903, con estabilidad y baja inflaci\u00f3n.<\/strong><\/p>\n<p><strong>Las previsiones de crecimiento econ\u00f3mico para Panam\u00e1, seg\u00fan distintos organismos internacionales, est\u00e1n en torno al 4%, una tasa superior al promedio regional.<\/strong><\/p>\n<p><strong>Indic\u00f3 que, las ventajas de Panam\u00e1, tambi\u00e9n se extienden a la log\u00edstica del transporte a\u00e9reo. El Aeropuerto Internacional de Tocumen, Hub de las Am\u00e9ricas, con m\u00e1s de 90 destinos directos en Am\u00e9rica y Europa, es un aliado natural para el turismo y los negocios en toda la regi\u00f3n.<\/strong><\/p>\n<p><strong>\u201cSomos uno de los dos pa\u00edses carbono negativo de todo el continente, compartiendo ese privilegio con Surinam. Nuestro marco regulatorio amigable ofrece muchas alternativas para el establecimiento de operaciones en Panam\u00e1. Actualmente, tenemos m\u00e1s de 180 sedes de empresas multinacionales establecidas en nuestro territorio\u201d, a\u00f1adi\u00f3 el presidente en su resumen de las ventajas que posee Panam\u00e1 para el comercio internacional.<\/strong><\/p>\n<p><strong>\u201cCreemos en la libertad econ\u00f3mica, la libre empresa y estamos desburocratizando cada vez m\u00e1s un Estado que espantaba a los inversores. Que quede claro, mis estimados colegas, no queremos quitarle el negocio de nadie, sino potenciar el de todos\u201d, puntualiz\u00f3.<\/strong><\/p>\n<p><strong>Otro tema abordado por Mulino en su intervenci\u00f3n, fue el de las listas fiscales discriminatorias, las que calific\u00f3 de sesgadas.<\/strong><\/p>\n<p><strong>\u201cEl gran delito paname\u00f1o fue tener una razonable presi\u00f3n impositiva, un sistema bancario abierto y no ceder a las presiones internacionales para mantener un \u2018statu quo\u2019 de poner el pie fiscal en la cabeza de los ciudadanos y empresas para mantener la ineficiencia burocr\u00e1tica\u201d, explic\u00f3 Mulino.<\/strong><\/p>\n<p><strong>Panam\u00e1 creci\u00f3 por encima del 10% anual, con pleno empleo, con una fuerte disminuci\u00f3n de pobreza teniendo un impuesto al consumo del 7%. \u201cEso molest\u00f3, y mucho. Fue un desaf\u00edo a modelos de asfixia fiscal\u201d, denunci\u00f3 Mulino.<\/strong><\/p>\n<p><strong>Pero Panam\u00e1, est\u00e1 logrando revertir este da\u00f1o. Mulino, inform\u00f3 que, la Comisi\u00f3n Europea emiti\u00f3 el acto delegado que deber\u00e1n aprobar el Consejo y el Parlamento Europeo, a trav\u00e9s del cual recomend\u00f3 eliminar a Panam\u00e1 de la lista de pa\u00edses de alto riesgo de la Uni\u00f3n Europea en la prevenci\u00f3n de blanqueo de capitales y la financiaci\u00f3n del terrorismo y las armas de destrucci\u00f3n masiva.<\/strong><\/p>\n<p><strong>Destac\u00f3 que, Panam\u00e1 ha alineado su marco legal con los est\u00e1ndares internacionales del Grupo de Acci\u00f3n Financiera (GAFI) mediante reformas legislativas, el fortalecimiento de los mecanismos de supervisi\u00f3n y la mejora de la cooperaci\u00f3n interinstitucional.<\/strong><\/p>\n<p><strong>Igualmente, report\u00f3 que, Panam\u00e1 trabaja para avanzar en un programa de pa\u00eds con la Organizaci\u00f3n para la Cooperaci\u00f3n y el Desarrollo Econ\u00f3micos (OCDE), como paso firme hacia una futura adhesi\u00f3n.<\/strong><\/p>\n<p><strong>Mulino, dijo que, la apuesta de Panam\u00e1 por el multilateralismo est\u00e1 en firme, desde bloques como la Asociaci\u00f3n de Estados del Caribe (AEC), de la ejerce la Presidencia Pro T\u00e9mpore.<\/strong><\/p>\n<p><strong>\u201cNuestra gesti\u00f3n buscar\u00e1 contribuir activamente a la revitalizaci\u00f3n de la Asociaci\u00f3n, consolid\u00e1ndola como un espacio clave de di\u00e1logo, cooperaci\u00f3n y acci\u00f3n conjunta entre los estados del gran Caribe\u201d, vaticin\u00f3 Mulino, tambi\u00e9n listando la participaci\u00f3n de Panam\u00e1 en el Sistema de la Integraci\u00f3n Centroamericana (SICA).<\/strong><\/p>\n<p><strong>\u201cPanam\u00e1, reafirma su compromiso con la integraci\u00f3n, la cooperaci\u00f3n y la construcci\u00f3n conjunta de un futuro de prosperidad compartida para nuestros pueblos\u201d, concluy\u00f3 Mulino.<\/strong><\/p>\n<\/div><div class=\"awb-gallery-wrapper awb-gallery-wrapper-1 button-span-no\" style=\"--more-btn-alignment:center;\"><div style=\"margin:-5px;--awb-bordersize:0px;\" class=\"fusion-gallery fusion-gallery-container fusion-grid-3 fusion-columns-total-4 fusion-gallery-layout-grid fusion-gallery-1\"><div style=\"padding:5px;\" class=\"fusion-grid-column fusion-gallery-column fusion-gallery-column-3 hover-type-none\"><div class=\"fusion-gallery-image\"><a href=\"https:\/\/sertv.gob.pa\/nacionalfm\/wp-content\/uploads\/sites\/6\/2025\/07\/MERCOSUR-1.jpeg\" rel=\"noreferrer\" data-rel=\"iLightbox[gallery_image_1]\" class=\"fusion-lightbox\" target=\"_self\"><img decoding=\"async\" src=\"https:\/\/sertv.gob.pa\/nacionalfm\/wp-content\/uploads\/sites\/6\/2025\/07\/MERCOSUR-1.jpeg\" width=\"600\" height=\"400\" alt=\"\" title=\"MERCOSUR 1\" aria-label=\"MERCOSUR 1\" class=\"img-responsive wp-image-109652\" srcset=\"https:\/\/sertv.gob.pa\/nacionalfm\/wp-content\/uploads\/sites\/6\/2025\/07\/MERCOSUR-1-200x133.jpeg 200w, https:\/\/sertv.gob.pa\/nacionalfm\/wp-content\/uploads\/sites\/6\/2025\/07\/MERCOSUR-1-400x267.jpeg 400w, https:\/\/sertv.gob.pa\/nacionalfm\/wp-content\/uploads\/sites\/6\/2025\/07\/MERCOSUR-1.jpeg 600w\" sizes=\"(min-width: 2200px) 100vw, (min-width: 784px) 363px, (min-width: 712px) 545px, (min-width: 640px) 712px, \" \/><\/a><\/div><\/div><div style=\"padding:5px;\" class=\"fusion-grid-column fusion-gallery-column fusion-gallery-column-3 hover-type-none\"><div class=\"fusion-gallery-image\"><a href=\"https:\/\/sertv.gob.pa\/nacionalfm\/wp-content\/uploads\/sites\/6\/2025\/07\/MERCOSUR-3.jpeg\" rel=\"noreferrer\" data-rel=\"iLightbox[gallery_image_1]\" class=\"fusion-lightbox\" target=\"_self\"><img decoding=\"async\" src=\"https:\/\/sertv.gob.pa\/nacionalfm\/wp-content\/uploads\/sites\/6\/2025\/07\/MERCOSUR-3.jpeg\" width=\"600\" height=\"450\" alt=\"\" title=\"MERCOSUR 3\" aria-label=\"MERCOSUR 3\" class=\"img-responsive wp-image-109653\" srcset=\"https:\/\/sertv.gob.pa\/nacionalfm\/wp-content\/uploads\/sites\/6\/2025\/07\/MERCOSUR-3-200x150.jpeg 200w, https:\/\/sertv.gob.pa\/nacionalfm\/wp-content\/uploads\/sites\/6\/2025\/07\/MERCOSUR-3-400x300.jpeg 400w, https:\/\/sertv.gob.pa\/nacionalfm\/wp-content\/uploads\/sites\/6\/2025\/07\/MERCOSUR-3.jpeg 600w\" sizes=\"(min-width: 2200px) 100vw, (min-width: 784px) 363px, (min-width: 712px) 545px, (min-width: 640px) 712px, \" \/><\/a><\/div><\/div><div style=\"padding:5px;\" class=\"fusion-grid-column fusion-gallery-column fusion-gallery-column-3 hover-type-none\"><div class=\"fusion-gallery-image\"><a href=\"https:\/\/sertv.gob.pa\/nacionalfm\/wp-content\/uploads\/sites\/6\/2025\/07\/MERCOSUR-4.jpeg\" rel=\"noreferrer\" data-rel=\"iLightbox[gallery_image_1]\" class=\"fusion-lightbox\" target=\"_self\"><img decoding=\"async\" src=\"https:\/\/sertv.gob.pa\/nacionalfm\/wp-content\/uploads\/sites\/6\/2025\/07\/MERCOSUR-4.jpeg\" width=\"600\" height=\"466\" alt=\"\" title=\"MERCOSUR 4\" aria-label=\"MERCOSUR 4\" class=\"img-responsive wp-image-109654\" srcset=\"https:\/\/sertv.gob.pa\/nacionalfm\/wp-content\/uploads\/sites\/6\/2025\/07\/MERCOSUR-4-200x155.jpeg 200w, https:\/\/sertv.gob.pa\/nacionalfm\/wp-content\/uploads\/sites\/6\/2025\/07\/MERCOSUR-4-400x311.jpeg 400w, https:\/\/sertv.gob.pa\/nacionalfm\/wp-content\/uploads\/sites\/6\/2025\/07\/MERCOSUR-4.jpeg 600w\" sizes=\"(min-width: 2200px) 100vw, (min-width: 784px) 363px, (min-width: 712px) 545px, (min-width: 640px) 712px, \" \/><\/a><\/div><\/div><div class=\"clearfix\"><\/div><div style=\"padding:5px;\" class=\"fusion-grid-column fusion-gallery-column fusion-gallery-column-3 hover-type-none\"><div class=\"fusion-gallery-image\"><a href=\"https:\/\/sertv.gob.pa\/nacionalfm\/wp-content\/uploads\/sites\/6\/2025\/07\/MERCOSUR-5.jpeg\" rel=\"noreferrer\" data-rel=\"iLightbox[gallery_image_1]\" class=\"fusion-lightbox\" target=\"_self\"><img decoding=\"async\" src=\"https:\/\/sertv.gob.pa\/nacionalfm\/wp-content\/uploads\/sites\/6\/2025\/07\/MERCOSUR-5.jpeg\" width=\"600\" height=\"400\" alt=\"\" title=\"MERCOSUR 5\" aria-label=\"MERCOSUR 5\" class=\"img-responsive wp-image-109655\" srcset=\"https:\/\/sertv.gob.pa\/nacionalfm\/wp-content\/uploads\/sites\/6\/2025\/07\/MERCOSUR-5-200x133.jpeg 200w, https:\/\/sertv.gob.pa\/nacionalfm\/wp-content\/uploads\/sites\/6\/2025\/07\/MERCOSUR-5-400x267.jpeg 400w, https:\/\/sertv.gob.pa\/nacionalfm\/wp-content\/uploads\/sites\/6\/2025\/07\/MERCOSUR-5.jpeg 600w\" sizes=\"(min-width: 2200px) 100vw, (min-width: 784px) 363px, (min-width: 712px) 545px, (min-width: 640px) 712px, \" \/><\/a><\/div><\/div><\/div><\/div><\/div><\/div><\/div><\/div>\n","protected":false},"excerpt":{"rendered":"","protected":false},"author":9,"featured_media":109651,"comment_status":"closed","ping_status":"closed","sticky":false,"template":"","format":"standard","meta":{"footnotes":""},"categories":[2],"tags":[],"class_list":["post-109650","post","type-post","status-publish","format-standard","has-post-thumbnail","hentry","category-nacionales"],"_links":{"self":[{"href":"https:\/\/sertv.gob.pa\/nacionalfm\/wp-json\/wp\/v2\/posts\/109650","targetHints":{"allow":["GET"]}}],"collection":[{"href":"https:\/\/sertv.gob.pa\/nacionalfm\/wp-json\/wp\/v2\/posts"}],"about":[{"href":"https:\/\/sertv.gob.pa\/nacionalfm\/wp-json\/wp\/v2\/types\/post"}],"author":[{"embeddable":true,"href":"https:\/\/sertv.gob.pa\/nacionalfm\/wp-json\/wp\/v2\/users\/9"}],"replies":[{"embeddable":true,"href":"https:\/\/sertv.gob.pa\/nacionalfm\/wp-json\/wp\/v2\/comments?post=109650"}],"version-history":[{"count":1,"href":"https:\/\/sertv.gob.pa\/nacionalfm\/wp-json\/wp\/v2\/posts\/109650\/revisions"}],"predecessor-version":[{"id":109656,"href":"https:\/\/sertv.gob.pa\/nacionalfm\/wp-json\/wp\/v2\/posts\/109650\/revisions\/109656"}],"wp:featuredmedia":[{"embeddable":true,"href":"https:\/\/sertv.gob.pa\/nacionalfm\/wp-json\/wp\/v2\/media\/109651"}],"wp:attachment":[{"href":"https:\/\/sertv.gob.pa\/nacionalfm\/wp-json\/wp\/v2\/media?parent=109650"}],"wp:term":[{"taxonomy":"category","embeddable":true,"href":"https:\/\/sertv.gob.pa\/nacionalfm\/wp-json\/wp\/v2\/categories?post=109650"},{"taxonomy":"post_tag","embeddable":true,"href":"https:\/\/sertv.gob.pa\/nacionalfm\/wp-json\/wp\/v2\/tags?post=109650"}],"curies":[{"name":"wp","href":"https:\/\/api.w.org\/{rel}","templated":true}]}}