{"id":10966,"date":"2016-02-29T19:17:26","date_gmt":"2016-02-29T19:17:26","guid":{"rendered":""},"modified":"2016-02-29T19:17:26","modified_gmt":"2016-02-29T19:17:26","slug":"john-renteria-ante-verdugo-de-panamenos","status":"publish","type":"post","link":"https:\/\/sertv.gob.pa\/nacionalfm\/john-renteria-ante-verdugo-de-panamenos\/","title":{"rendered":"John Renter\u00eda ante verdugo de paname\u00f1os"},"content":{"rendered":"<p>\nJohn &ldquo;Careloco&rdquo; Renter\u00eda se enfrenta este viernes 4 de marzo en el gimnasio Eugenio &ldquo;Yuy\u00edn&rdquo; Luzcando al invicto p\u00fagil costarricense David &ldquo;El Demoledor&rdquo; Lobo, quien es verdugo de los paname\u00f1os Alvin Cede\u00f1o, V\u00edctor P\u00e9rez por K.O. a ambos boxeadores y a Simon Siris por decisi\u00f3n un\u00e1nime. <\/p>\n<p>En la cartelera que tiene como t\u00edtulo &ldquo;Al Filo de la Butaca&rdquo; tendr\u00e1 como pelea coestelar Juan &ldquo;El Ol\u00edmpico&rdquo; Huertas ante el verag\u00fcense Augusto Pinilla, el invicto p\u00fagil colombiano Wilmer Soto frente al chorrerano Ricardo &ldquo;El Matem\u00e1tico&rdquo; N\u00fa\u00f1ez. <\/p>\n<p>El costarricense Freddy Fonseca, que viene muy mejorado, se enfrenta al paname\u00f1o Nando Vailar\u00edn, el invicto Greyvin L\u00f3pez ante Yahar &ldquo;Tyson&rdquo; Callender, el invicto Galindo C\u00e1rdenas ante el chiricano Nelson Guill\u00e9n, el colonense\u00a0 Amrit &ldquo;Kun-Fu&rdquo; Herrera defender\u00e1 su invicto ante Aladino Miller. <\/p>\n<p>Luis Romero se enfrenta a Jonathan Carmona en combate de abrir. <\/p>\n","protected":false},"excerpt":{"rendered":"<p>John &ldquo;Careloco&rdquo; Renter\u00eda se enfrenta este viernes 4 de marzo <a href=\"https:\/\/sertv.gob.pa\/nacionalfm\/john-renteria-ante-verdugo-de-panamenos\/\"> [&#8230;]<\/a><\/p>\n","protected":false},"author":1,"featured_media":10967,"comment_status":"closed","ping_status":"closed","sticky":false,"template":"","format":"standard","meta":{"footnotes":""},"categories":[4],"tags":[],"class_list":["post-10966","post","type-post","status-publish","format-standard","has-post-thumbnail","hentry","category-deportes"],"_links":{"self":[{"href":"https:\/\/sertv.gob.pa\/nacionalfm\/wp-json\/wp\/v2\/posts\/10966","targetHints":{"allow":["GET"]}}],"collection":[{"href":"https:\/\/sertv.gob.pa\/nacionalfm\/wp-json\/wp\/v2\/posts"}],"about":[{"href":"https:\/\/sertv.gob.pa\/nacionalfm\/wp-json\/wp\/v2\/types\/post"}],"author":[{"embeddable":true,"href":"https:\/\/sertv.gob.pa\/nacionalfm\/wp-json\/wp\/v2\/users\/1"}],"replies":[{"embeddable":true,"href":"https:\/\/sertv.gob.pa\/nacionalfm\/wp-json\/wp\/v2\/comments?post=10966"}],"version-history":[{"count":0,"href":"https:\/\/sertv.gob.pa\/nacionalfm\/wp-json\/wp\/v2\/posts\/10966\/revisions"}],"wp:featuredmedia":[{"embeddable":true,"href":"https:\/\/sertv.gob.pa\/nacionalfm\/wp-json\/wp\/v2\/media\/10967"}],"wp:attachment":[{"href":"https:\/\/sertv.gob.pa\/nacionalfm\/wp-json\/wp\/v2\/media?parent=10966"}],"wp:term":[{"taxonomy":"category","embeddable":true,"href":"https:\/\/sertv.gob.pa\/nacionalfm\/wp-json\/wp\/v2\/categories?post=10966"},{"taxonomy":"post_tag","embeddable":true,"href":"https:\/\/sertv.gob.pa\/nacionalfm\/wp-json\/wp\/v2\/tags?post=10966"}],"curies":[{"name":"wp","href":"https:\/\/api.w.org\/{rel}","templated":true}]}}