{"id":109676,"date":"2025-07-04T14:42:39","date_gmt":"2025-07-04T19:42:39","guid":{"rendered":"https:\/\/sertv.gob.pa\/nacionalfm\/?p=109676"},"modified":"2025-07-04T14:42:39","modified_gmt":"2025-07-04T19:42:39","slug":"legislatura-de-buenos-aires-distingue-al-presidente-mulino-como-visitante-ilustre","status":"publish","type":"post","link":"https:\/\/sertv.gob.pa\/nacionalfm\/legislatura-de-buenos-aires-distingue-al-presidente-mulino-como-visitante-ilustre\/","title":{"rendered":"Legislatura de Buenos Aires distingue al presidente Mulino como \u201cvisitante ilustre\u201d"},"content":{"rendered":"<div class=\"fusion-fullwidth fullwidth-box fusion-builder-row-1 fusion-flex-container has-pattern-background has-mask-background nonhundred-percent-fullwidth non-hundred-percent-height-scrolling\" style=\"--awb-border-radius-top-left:0px;--awb-border-radius-top-right:0px;--awb-border-radius-bottom-right:0px;--awb-border-radius-bottom-left:0px;--awb-flex-wrap:wrap;\" ><div class=\"fusion-builder-row fusion-row fusion-flex-align-items-flex-start fusion-flex-content-wrap\" style=\"max-width:1144px;margin-left: calc(-4% \/ 2 );margin-right: calc(-4% \/ 2 );\"><div class=\"fusion-layout-column fusion_builder_column fusion-builder-column-0 fusion_builder_column_1_1 1_1 fusion-flex-column\" style=\"--awb-bg-size:cover;--awb-width-large:100%;--awb-margin-top-large:0px;--awb-spacing-right-large:1.92%;--awb-margin-bottom-large:20px;--awb-spacing-left-large:1.92%;--awb-width-medium:100%;--awb-order-medium:0;--awb-spacing-right-medium:1.92%;--awb-spacing-left-medium:1.92%;--awb-width-small:100%;--awb-order-small:0;--awb-spacing-right-small:1.92%;--awb-spacing-left-small:1.92%;\"><div class=\"fusion-column-wrapper fusion-column-has-shadow fusion-flex-justify-content-flex-start fusion-content-layout-column\"><div class=\"fusion-text fusion-text-1\" style=\"--awb-content-alignment:justify;\"><p><em><strong>El presidente de la Rep\u00fablica de Panam\u00e1, Jos\u00e9 Ra\u00fal Mulino, fue distinguido como \u201cvisitante ilustre\u201d por la Legislatura de la Ciudad Aut\u00f3noma de Buenos Aires, por su liderazgo, defensa por la democracia y el v\u00ednculo entre los pueblos de Panam\u00e1 y Argentina.<\/strong><\/em><\/p>\n<p><strong>Clara Muzzio, vicejefa de Gobierno y presidenta de la Legislatura de Buenos Aires, destac\u00f3 durante el acto, que ambos pueblos mantienen una relaci\u00f3n s\u00f3lida y continua, alimentada por la cooperaci\u00f3n y una mirada compartida del futuro de la regi\u00f3n.<\/strong><\/p>\n<p><strong>Agreg\u00f3 que, la gesti\u00f3n del presidente Mulino, representa un compromiso firme con la transformaci\u00f3n de Panam\u00e1. \u201cDestacamos el impulso que le ha dado a la modernizaci\u00f3n del Estado, al desarrollo econ\u00f3mico y a la estabilidad institucional del pa\u00eds\u201d, dijo Muzzio ante representantes de la Legislatura de la Ciudad de Buenos Aires y la delegaci\u00f3n que acompa\u00f1\u00f3 al mandatario paname\u00f1o, entre ellos, la primera dama, Maricel Cohen de Mulino; el canciller, Javier Mart\u00ednez-Acha; el ministro de Comercio e Industrias, Julio Molt\u00f3; y el embajador de Panam\u00e1 en Argentina, Juan Luis Correa.<\/strong><\/p>\n<p><strong>Muzzio, tambi\u00e9n resalt\u00f3 el trabajo del mandatario paname\u00f1o frente a los desaf\u00edos migratorios y su especial compromiso con los derechos humanos.<\/strong><\/p>\n<p><strong>\u201cEsperamos poder continuar este v\u00ednculo. Celebramos que hoy sigamos pensando estas formas de cooperaci\u00f3n en \u00e1reas como la educaci\u00f3n, innovaci\u00f3n, cultura y promoci\u00f3n del conocimiento\u201d, agreg\u00f3 Muzzio.<\/strong><\/p>\n<p><strong>Por su parte, el presidente Mulino, agradeci\u00f3 la distinci\u00f3n y resalt\u00f3 los esfuerzos de su gobierno en la promoci\u00f3n de la integraci\u00f3n a Suram\u00e9rica a trav\u00e9s de la participaci\u00f3n de Panam\u00e1 en el Mercosur.<\/strong><\/p>\n<p><strong>\u201cComo jefe del Estado paname\u00f1o, me anima el mejor y m\u00e1s honesto de los deseos de mantener este acercamiento con la Rep\u00fablica de Argentina. Son m\u00e1s las m\u00e1s cosas que nos unen que las que nos pueden separar; tenemos una tradici\u00f3n rica en cosas que nos son afines\u201d, manifest\u00f3 Mulino.<\/strong><\/p>\n<p><strong>Destac\u00f3 que, su gobierno ha mirado al Sur, lo cual no era una pr\u00e1ctica pol\u00edtica de Panam\u00e1. Tambi\u00e9n afirm\u00f3 su compromiso con la democracia. \u201cSoy en esta circunstancia pol\u00edtica regional un gran vocero de la democracia\u201d, apunt\u00f3.<\/strong><\/p>\n<p><strong>En este acto, el presidente Mulino, anunci\u00f3 tambi\u00e9n su apoyo a la iniciativa de su par argentino, Javier Milei, para la creaci\u00f3n de una unidad contra el crimen organizado dentro del MERCOSUR. \u201cMe siento muy identificado con eso; tenemos mucha experiencia en eso. Y en lo que Panam\u00e1 pueda aportar, estamos m\u00e1s que dispuestos, porque es una lucha que no tiene fronteras\u201d, indic\u00f3 el presidente, quien en su intervenci\u00f3n en la Legislatura de Buenos Aires, tambi\u00e9n se refiri\u00f3 a la migraci\u00f3n ilegal, el logro de su gobierno en el control del paso por la selva de Dari\u00e9n y el esfuerzo por salvar el sistema de pensiones de los paname\u00f1os.<\/strong><\/p>\n<p><strong>Mulino, resalt\u00f3 la importancia del Canal de Panam\u00e1, para el comercio mundial y el potencial del sector log\u00edstico paname\u00f1o para las exportaciones de Argentina.<\/strong><\/p>\n<p><strong>En tanto, Mat\u00edas L\u00f3pez, primer vicepresidente de la Casa de la Legislatura de Buenos Aires, indic\u00f3 que, la trayectoria pol\u00edtica, jur\u00eddica y diplom\u00e1tica del presidente Mulino, marcada por la defensa de la legalidad, la institucionalidad y el estado de derecho, lo convierten en un s\u00edmbolo de esa firmeza democr\u00e1tica y respalda la distinci\u00f3n que hoy recibe como \u201cvisitante ilustre\u201d.<\/strong><\/p>\n<p><strong>\u201cEsto refirma la amistad entre nuestros pueblos. Nuestros pa\u00edses comparten mucho m\u00e1s que una lengua y una historia com\u00fan; comparten el compromiso democr\u00e1tico de respeto por la calidad institucional y, sobre todo, la convicci\u00f3n de que podemos mejorar nuestras comunidades si apostamos por la integraci\u00f3n y la unidad\u201d, asever\u00f3 el diputado L\u00f3pez, durante la ceremonia.<\/strong><\/p>\n<\/div><div class=\"awb-gallery-wrapper awb-gallery-wrapper-1 button-span-no\" style=\"--more-btn-alignment:center;\"><div style=\"margin:-5px;--awb-bordersize:0px;\" class=\"fusion-gallery fusion-gallery-container fusion-grid-3 fusion-columns-total-2 fusion-gallery-layout-grid fusion-gallery-1\"><div style=\"padding:5px;\" class=\"fusion-grid-column fusion-gallery-column fusion-gallery-column-3 hover-type-none\"><div class=\"fusion-gallery-image\"><a href=\"https:\/\/sertv.gob.pa\/nacionalfm\/wp-content\/uploads\/sites\/6\/2025\/07\/distincion-1.jpeg\" rel=\"noreferrer\" data-rel=\"iLightbox[gallery_image_1]\" class=\"fusion-lightbox\" target=\"_self\"><img decoding=\"async\" src=\"https:\/\/sertv.gob.pa\/nacionalfm\/wp-content\/uploads\/sites\/6\/2025\/07\/distincion-1.jpeg\" width=\"600\" height=\"400\" alt=\"\" title=\"distinci\u00f3n 1\" aria-label=\"distinci\u00f3n 1\" class=\"img-responsive wp-image-109677\" srcset=\"https:\/\/sertv.gob.pa\/nacionalfm\/wp-content\/uploads\/sites\/6\/2025\/07\/distincion-1-200x133.jpeg 200w, https:\/\/sertv.gob.pa\/nacionalfm\/wp-content\/uploads\/sites\/6\/2025\/07\/distincion-1-400x267.jpeg 400w, https:\/\/sertv.gob.pa\/nacionalfm\/wp-content\/uploads\/sites\/6\/2025\/07\/distincion-1.jpeg 600w\" sizes=\"(min-width: 2200px) 100vw, (min-width: 784px) 363px, (min-width: 712px) 545px, (min-width: 640px) 712px, \" \/><\/a><\/div><\/div><div style=\"padding:5px;\" class=\"fusion-grid-column fusion-gallery-column fusion-gallery-column-3 hover-type-none\"><div class=\"fusion-gallery-image\"><a href=\"https:\/\/sertv.gob.pa\/nacionalfm\/wp-content\/uploads\/sites\/6\/2025\/07\/distincion-2.jpeg\" rel=\"noreferrer\" data-rel=\"iLightbox[gallery_image_1]\" class=\"fusion-lightbox\" target=\"_self\"><img decoding=\"async\" src=\"https:\/\/sertv.gob.pa\/nacionalfm\/wp-content\/uploads\/sites\/6\/2025\/07\/distincion-2.jpeg\" width=\"600\" height=\"400\" alt=\"\" title=\"distinci\u00f3n 2\" aria-label=\"distinci\u00f3n 2\" class=\"img-responsive wp-image-109678\" srcset=\"https:\/\/sertv.gob.pa\/nacionalfm\/wp-content\/uploads\/sites\/6\/2025\/07\/distincion-2-200x133.jpeg 200w, https:\/\/sertv.gob.pa\/nacionalfm\/wp-content\/uploads\/sites\/6\/2025\/07\/distincion-2-400x267.jpeg 400w, https:\/\/sertv.gob.pa\/nacionalfm\/wp-content\/uploads\/sites\/6\/2025\/07\/distincion-2.jpeg 600w\" sizes=\"(min-width: 2200px) 100vw, (min-width: 784px) 363px, (min-width: 712px) 545px, (min-width: 640px) 712px, \" \/><\/a><\/div><\/div><\/div><\/div><\/div><\/div><\/div><\/div>\n","protected":false},"excerpt":{"rendered":"","protected":false},"author":9,"featured_media":109677,"comment_status":"closed","ping_status":"closed","sticky":false,"template":"","format":"standard","meta":{"footnotes":""},"categories":[2],"tags":[],"class_list":["post-109676","post","type-post","status-publish","format-standard","has-post-thumbnail","hentry","category-nacionales"],"_links":{"self":[{"href":"https:\/\/sertv.gob.pa\/nacionalfm\/wp-json\/wp\/v2\/posts\/109676","targetHints":{"allow":["GET"]}}],"collection":[{"href":"https:\/\/sertv.gob.pa\/nacionalfm\/wp-json\/wp\/v2\/posts"}],"about":[{"href":"https:\/\/sertv.gob.pa\/nacionalfm\/wp-json\/wp\/v2\/types\/post"}],"author":[{"embeddable":true,"href":"https:\/\/sertv.gob.pa\/nacionalfm\/wp-json\/wp\/v2\/users\/9"}],"replies":[{"embeddable":true,"href":"https:\/\/sertv.gob.pa\/nacionalfm\/wp-json\/wp\/v2\/comments?post=109676"}],"version-history":[{"count":1,"href":"https:\/\/sertv.gob.pa\/nacionalfm\/wp-json\/wp\/v2\/posts\/109676\/revisions"}],"predecessor-version":[{"id":109679,"href":"https:\/\/sertv.gob.pa\/nacionalfm\/wp-json\/wp\/v2\/posts\/109676\/revisions\/109679"}],"wp:featuredmedia":[{"embeddable":true,"href":"https:\/\/sertv.gob.pa\/nacionalfm\/wp-json\/wp\/v2\/media\/109677"}],"wp:attachment":[{"href":"https:\/\/sertv.gob.pa\/nacionalfm\/wp-json\/wp\/v2\/media?parent=109676"}],"wp:term":[{"taxonomy":"category","embeddable":true,"href":"https:\/\/sertv.gob.pa\/nacionalfm\/wp-json\/wp\/v2\/categories?post=109676"},{"taxonomy":"post_tag","embeddable":true,"href":"https:\/\/sertv.gob.pa\/nacionalfm\/wp-json\/wp\/v2\/tags?post=109676"}],"curies":[{"name":"wp","href":"https:\/\/api.w.org\/{rel}","templated":true}]}}